{"id":1229,"date":"2009-08-21T21:51:16","date_gmt":"2009-08-21T19:51:16","guid":{"rendered":"http:\/\/www.dalmatiner-sachsen-anhalt.de\/blog\/?p=1229"},"modified":"2009-08-21T22:02:51","modified_gmt":"2009-08-21T20:02:51","slug":"ares-3","status":"publish","type":"post","link":"https:\/\/www.dalmatiner-sachsen-anhalt.de\/blog\/1229\/","title":{"rendered":"Ares&#8230;"},"content":{"rendered":"<h3>unser <span style=\"color: #0000ff;\"><strong>stattlicher &#8220;Brocken&#8221;<\/strong><\/span> wiegt jetzt fast <strong><span style=\"color: #0000ff;\">12 kg<\/span><\/strong>. Er <strong>verl&#228;&#223;t als vorletzter R&#252;de <\/strong>unsere Zuchtst&#228;tte. Wir h&#228;tten ihn<strong> gern selbst behalten<\/strong>, haben aber leider nicht die M&#246;glichkeit daf&#252;r.<\/h3>\n<p style=\"text-align: center;\"><a href=\"https:\/\/i0.wp.com\/www.dalmatiner-sachsen-anhalt.de\/blog\/wp-content\/uploads\/2009\/08\/welpen-tag74_3568.JPG?ssl=1\"><img data-attachment-id=\"1230\" data-permalink=\"https:\/\/www.dalmatiner-sachsen-anhalt.de\/blog\/1229\/welpen-tag74_3568\/\" data-orig-file=\"https:\/\/i0.wp.com\/www.dalmatiner-sachsen-anhalt.de\/blog\/wp-content\/uploads\/2009\/08\/welpen-tag74_3568.JPG?fit=1150%2C768&amp;ssl=1\" data-orig-size=\"1150,768\" data-comments-opened=\"1\" data-image-meta=\"{&quot;aperture&quot;:&quot;0&quot;,&quot;credit&quot;:&quot;&quot;,&quot;camera&quot;:&quot;&quot;,&quot;caption&quot;:&quot;&quot;,&quot;created_timestamp&quot;:&quot;0&quot;,&quot;copyright&quot;:&quot;&quot;,&quot;focal_length&quot;:&quot;0&quot;,&quot;iso&quot;:&quot;0&quot;,&quot;shutter_speed&quot;:&quot;0&quot;,&quot;title&quot;:&quot;&quot;}\" data-image-title=\"welpen-tag74_3568\" data-image-description=\"\" data-image-caption=\"\" data-medium-file=\"https:\/\/i0.wp.com\/www.dalmatiner-sachsen-anhalt.de\/blog\/wp-content\/uploads\/2009\/08\/welpen-tag74_3568.JPG?fit=300%2C200&amp;ssl=1\" data-large-file=\"https:\/\/i0.wp.com\/www.dalmatiner-sachsen-anhalt.de\/blog\/wp-content\/uploads\/2009\/08\/welpen-tag74_3568.JPG?fit=584%2C390&amp;ssl=1\" decoding=\"async\" loading=\"lazy\" class=\"alignnone size-large wp-image-1230\" title=\"welpen-tag74_3568\" src=\"https:\/\/i0.wp.com\/www.dalmatiner-sachsen-anhalt.de\/blog\/wp-content\/uploads\/2009\/08\/welpen-tag74_3568-1024x683.jpg?resize=503%2C335&#038;ssl=1\" alt=\"welpen-tag74_3568\" width=\"503\" height=\"335\" srcset=\"https:\/\/i0.wp.com\/www.dalmatiner-sachsen-anhalt.de\/blog\/wp-content\/uploads\/2009\/08\/welpen-tag74_3568.JPG?resize=1024%2C683&amp;ssl=1 1024w, https:\/\/i0.wp.com\/www.dalmatiner-sachsen-anhalt.de\/blog\/wp-content\/uploads\/2009\/08\/welpen-tag74_3568.JPG?resize=300%2C200&amp;ssl=1 300w, https:\/\/i0.wp.com\/www.dalmatiner-sachsen-anhalt.de\/blog\/wp-content\/uploads\/2009\/08\/welpen-tag74_3568.JPG?w=1150&amp;ssl=1 1150w\" sizes=\"(max-width: 503px) 100vw, 503px\" data-recalc-dims=\"1\" \/><\/a><\/p>\n<p style=\"text-align: center;\">\n","protected":false},"excerpt":{"rendered":"<p>unser stattlicher &#8220;Brocken&#8221; wiegt jetzt fast 12 kg. Er verl&#228;&#223;t als vorletzter R&#252;de unsere Zuchtst&#228;tte. Wir h&#228;tten ihn gern selbst behalten, haben aber leider nicht die M&#246;glichkeit daf&#252;r.<\/p>\n","protected":false},"author":1,"featured_media":0,"comment_status":"open","ping_status":"open","sticky":false,"template":"","format":"standard","meta":{"jetpack_post_was_ever_published":false,"jetpack_publicize_message":"","jetpack_is_tweetstorm":false,"jetpack_publicize_feature_enabled":true,"jetpack_social_post_already_shared":false,"jetpack_social_options":[]},"categories":[13,88,113],"tags":[1285,1293,35,103,49,140,214,7],"jetpack_publicize_connections":[],"jetpack_featured_media_url":"","jetpack_shortlink":"https:\/\/wp.me\/px1eF-jP","jetpack_sharing_enabled":true,"jetpack_likes_enabled":true,"jetpack-related-posts":[{"id":767,"url":"https:\/\/www.dalmatiner-sachsen-anhalt.de\/blog\/767\/","url_meta":{"origin":1229,"position":0},"title":"Ares sagt zu Felix","date":"5. Juli 2009","format":false,"excerpt":"\"Hey Kumpel - kann ich heute in deiner Kiste schlafen?\"","rel":"","context":"In &quot;A-Wurf&quot;","img":{"alt_text":"welpen-tag25_0115-ares-felix","src":"https:\/\/i0.wp.com\/www.dalmatiner-sachsen-anhalt.de\/blog\/wp-content\/uploads\/2009\/07\/welpen-tag25_0115-ares-felix-1024x683.jpg?resize=350%2C200","width":350,"height":200},"classes":[]},{"id":1444,"url":"https:\/\/www.dalmatiner-sachsen-anhalt.de\/blog\/1444\/","url_meta":{"origin":1229,"position":1},"title":"Bruder Ares","date":"21. Oktober 2009","format":false,"excerpt":"hat k\u00fcrzlich seine Schwestern und seine Mama Hummel bei uns besucht. ANTONIA & ARES - sind sie nicht zum Verlieben s\u00fc\u00df?","rel":"","context":"In &quot;A-Wurf&quot;","img":{"alt_text":"IMG_1877","src":"https:\/\/i0.wp.com\/www.dalmatiner-sachsen-anhalt.de\/blog\/wp-content\/uploads\/2009\/10\/IMG_1877.JPG?resize=350%2C200","width":350,"height":200},"classes":[]},{"id":569,"url":"https:\/\/www.dalmatiner-sachsen-anhalt.de\/blog\/569\/","url_meta":{"origin":1229,"position":2},"title":"Ares","date":"13. Juni 2009","format":false,"excerpt":"Ich bin Ares und\u00a0 wurde als 3. Welpe mit 470g geboren","rel":"","context":"In &quot;A-Wurf&quot;","img":{"alt_text":"Ares","src":"https:\/\/i0.wp.com\/www.dalmatiner-sachsen-anhalt.de\/blog\/wp-content\/uploads\/2009\/06\/Ares-300x200.jpg?resize=350%2C200","width":350,"height":200},"classes":[]},{"id":1860,"url":"https:\/\/www.dalmatiner-sachsen-anhalt.de\/blog\/1860\/","url_meta":{"origin":1229,"position":3},"title":"Schnee-Wanderung","date":"31. Januar 2010","format":false,"excerpt":"Ares ( 7 Monate) war mit seinem Rudel heute an der Ostsee zur Dalmatinerwanderung im meterhohen Schnee. Es war ganz toll, wie wir erfahren haben. Wir danken Anne Neumann (www.lord-looping.de) f\u00fcr diese wundersch\u00f6nen Fotos von Ares.","rel":"","context":"In &quot;A-Wurf&quot;","img":{"alt_text":"","src":"https:\/\/i0.wp.com\/www.dalmatiner-sachsen-anhalt.de\/blog\/wp-content\/uploads\/2010\/01\/IMG_4562-401x273.jpg?resize=350%2C200","width":350,"height":200},"classes":[]},{"id":672,"url":"https:\/\/www.dalmatiner-sachsen-anhalt.de\/blog\/672\/","url_meta":{"origin":1229,"position":4},"title":"1. Platz","date":"21. Juni 2009","format":false,"excerpt":"Sieger in unserer Welpen-Gewichts-Liga ist heute ARES mit 1298 g.","rel":"","context":"In &quot;A-Wurf&quot;","img":{"alt_text":"ares-tag13_0017","src":"https:\/\/i0.wp.com\/www.dalmatiner-sachsen-anhalt.de\/blog\/wp-content\/uploads\/2009\/06\/ares-tag13_0017.JPG?resize=350%2C200","width":350,"height":200},"classes":[]},{"id":1254,"url":"https:\/\/www.dalmatiner-sachsen-anhalt.de\/blog\/1254\/","url_meta":{"origin":1229,"position":5},"title":"Ares","date":"30. August 2009","format":false,"excerpt":"...geht es ausgezeichnet im neuen Zuhause. Hier hat er tolle Spielkameraden: Nina und\u00a0 Aron und auch tolle gro\u00dfe 2-Beiner. Er m\u00f6chte st\u00e4ndig fressen und auch sonst f\u00fchlt er sich rudel-pudel-wohl dort. Wir freuen uns auf n\u00e4chste Woche,\u00a0 dann kommt er uns f\u00fcr 7 Tage besuchen...","rel":"","context":"In &quot;A-Wurf&quot;","img":{"alt_text":"Ares Aron & Nina","src":"https:\/\/i0.wp.com\/www.dalmatiner-sachsen-anhalt.de\/blog\/wp-content\/uploads\/2009\/08\/Ares-Aron-Nina.jpg?resize=350%2C200","width":350,"height":200},"classes":[]}],"_links":{"self":[{"href":"https:\/\/www.dalmatiner-sachsen-anhalt.de\/blog\/wp-json\/wp\/v2\/posts\/1229"}],"collection":[{"href":"https:\/\/www.dalmatiner-sachsen-anhalt.de\/blog\/wp-json\/wp\/v2\/posts"}],"about":[{"href":"https:\/\/www.dalmatiner-sachsen-anhalt.de\/blog\/wp-json\/wp\/v2\/types\/post"}],"author":[{"embeddable":true,"href":"https:\/\/www.dalmatiner-sachsen-anhalt.de\/blog\/wp-json\/wp\/v2\/users\/1"}],"replies":[{"embeddable":true,"href":"https:\/\/www.dalmatiner-sachsen-anhalt.de\/blog\/wp-json\/wp\/v2\/comments?post=1229"}],"version-history":[{"count":6,"href":"https:\/\/www.dalmatiner-sachsen-anhalt.de\/blog\/wp-json\/wp\/v2\/posts\/1229\/revisions"}],"predecessor-version":[{"id":1233,"href":"https:\/\/www.dalmatiner-sachsen-anhalt.de\/blog\/wp-json\/wp\/v2\/posts\/1229\/revisions\/1233"}],"wp:attachment":[{"href":"https:\/\/www.dalmatiner-sachsen-anhalt.de\/blog\/wp-json\/wp\/v2\/media?parent=1229"}],"wp:term":[{"taxonomy":"category","embeddable":true,"href":"https:\/\/www.dalmatiner-sachsen-anhalt.de\/blog\/wp-json\/wp\/v2\/categories?post=1229"},{"taxonomy":"post_tag","embeddable":true,"href":"https:\/\/www.dalmatiner-sachsen-anhalt.de\/blog\/wp-json\/wp\/v2\/tags?post=1229"}],"curies":[{"name":"wp","href":"https:\/\/api.w.org\/{rel}","templated":true}]}}