{"id":1238,"date":"2009-08-21T22:15:52","date_gmt":"2009-08-21T20:15:52","guid":{"rendered":"http:\/\/www.dalmatiner-sachsen-anhalt.de\/blog\/?p=1238"},"modified":"2009-08-21T22:16:48","modified_gmt":"2009-08-21T20:16:48","slug":"tschuess-ares","status":"publish","type":"post","link":"https:\/\/www.dalmatiner-sachsen-anhalt.de\/blog\/1238\/","title":{"rendered":"Tsch&#252;ss Ares"},"content":{"rendered":"<h3>Nun ist es soweit. Unser <strong><span style=\"color: #0000ff;\">ARES <\/span><\/strong>wechselt den Besitzer. Er wird <span style=\"color: #0000ff;\"><strong>in liebevolle H&#228;nde<\/strong><\/span> abgegeben und wir bleiben <strong><span style=\"color: #0000ff;\">MITBESITZER<\/span><\/strong>. <strong>Hurra! <\/strong>Wir werden ihn &#246;fter sehen k&#246;nnen &#8211; <strong>das ist toll!<br \/>\n<\/strong>Und im September kommt er schon das 1. Mal wieder zu uns &#8211; als Urlaubsunterbringung. <span style=\"color: #993300;\"><strong>Bis dann ARES und alles Gute.<\/strong><\/span><\/h3>\n<p style=\"text-align: center;\"><a href=\"https:\/\/i0.wp.com\/www.dalmatiner-sachsen-anhalt.de\/blog\/wp-content\/uploads\/2009\/08\/welpen-tag74_3770.JPG?ssl=1\"><img data-attachment-id=\"1239\" data-permalink=\"https:\/\/www.dalmatiner-sachsen-anhalt.de\/blog\/1238\/welpen-tag74_3770\/\" data-orig-file=\"https:\/\/i0.wp.com\/www.dalmatiner-sachsen-anhalt.de\/blog\/wp-content\/uploads\/2009\/08\/welpen-tag74_3770.JPG?fit=1150%2C768&amp;ssl=1\" data-orig-size=\"1150,768\" data-comments-opened=\"1\" data-image-meta=\"{&quot;aperture&quot;:&quot;0&quot;,&quot;credit&quot;:&quot;&quot;,&quot;camera&quot;:&quot;&quot;,&quot;caption&quot;:&quot;&quot;,&quot;created_timestamp&quot;:&quot;0&quot;,&quot;copyright&quot;:&quot;&quot;,&quot;focal_length&quot;:&quot;0&quot;,&quot;iso&quot;:&quot;0&quot;,&quot;shutter_speed&quot;:&quot;0&quot;,&quot;title&quot;:&quot;&quot;}\" data-image-title=\"welpen-tag74_3770\" data-image-description=\"\" data-image-caption=\"\" data-medium-file=\"https:\/\/i0.wp.com\/www.dalmatiner-sachsen-anhalt.de\/blog\/wp-content\/uploads\/2009\/08\/welpen-tag74_3770.JPG?fit=300%2C200&amp;ssl=1\" data-large-file=\"https:\/\/i0.wp.com\/www.dalmatiner-sachsen-anhalt.de\/blog\/wp-content\/uploads\/2009\/08\/welpen-tag74_3770.JPG?fit=584%2C390&amp;ssl=1\" decoding=\"async\" loading=\"lazy\" class=\"alignnone size-large wp-image-1239\" title=\"welpen-tag74_3770\" src=\"https:\/\/i0.wp.com\/www.dalmatiner-sachsen-anhalt.de\/blog\/wp-content\/uploads\/2009\/08\/welpen-tag74_3770-1024x683.jpg?resize=503%2C335&#038;ssl=1\" alt=\"welpen-tag74_3770\" width=\"503\" height=\"335\" srcset=\"https:\/\/i0.wp.com\/www.dalmatiner-sachsen-anhalt.de\/blog\/wp-content\/uploads\/2009\/08\/welpen-tag74_3770.JPG?resize=1024%2C683&amp;ssl=1 1024w, https:\/\/i0.wp.com\/www.dalmatiner-sachsen-anhalt.de\/blog\/wp-content\/uploads\/2009\/08\/welpen-tag74_3770.JPG?resize=300%2C200&amp;ssl=1 300w, https:\/\/i0.wp.com\/www.dalmatiner-sachsen-anhalt.de\/blog\/wp-content\/uploads\/2009\/08\/welpen-tag74_3770.JPG?w=1150&amp;ssl=1 1150w\" sizes=\"(max-width: 503px) 100vw, 503px\" data-recalc-dims=\"1\" \/><\/a><\/p>\n<p style=\"text-align: center;\"><strong>Im neuen zu Hause gibt es schon einen gro&#223;en Spielkameraden. Der ist auch gepunktet.<\/strong><\/p>\n","protected":false},"excerpt":{"rendered":"<p>Nun ist es soweit. Unser ARES wechselt den Besitzer. Er wird in liebevolle H&#228;nde abgegeben und wir bleiben MITBESITZER. Hurra! Wir werden ihn &#246;fter sehen k&#246;nnen &#8211; das ist toll! Und im September kommt er schon das 1. Mal wieder &hellip; <a href=\"https:\/\/www.dalmatiner-sachsen-anhalt.de\/blog\/1238\/\">Continue reading <span class=\"meta-nav\">&rarr;<\/span><\/a><\/p>\n","protected":false},"author":1,"featured_media":0,"comment_status":"open","ping_status":"open","sticky":false,"template":"","format":"standard","meta":{"jetpack_post_was_ever_published":false,"jetpack_publicize_message":"","jetpack_is_tweetstorm":false,"jetpack_publicize_feature_enabled":true,"jetpack_social_post_already_shared":false,"jetpack_social_options":[]},"categories":[13,88,113,3],"tags":[],"jetpack_publicize_connections":[],"jetpack_featured_media_url":"","jetpack_shortlink":"https:\/\/wp.me\/px1eF-jY","jetpack_sharing_enabled":true,"jetpack_likes_enabled":true,"jetpack-related-posts":[{"id":1416,"url":"https:\/\/www.dalmatiner-sachsen-anhalt.de\/blog\/1416\/","url_meta":{"origin":1238,"position":0},"title":"Ares von den Sandst&#252;cken","date":"14. Oktober 2009","format":false,"excerpt":"Hallo, ich bin's, sch\u00f6ne Gr\u00fc\u00dfe von Ares..., ganz in Pose! Hier mach ich es mir sch\u00f6n gem\u00fctlich, au weia..., jetzt kommt Frauchen :-) . Wie Ihr seht, geht es mir prima, nur Frauchen schubst mich immer runter vom Sofa.\u00a0 Daweile riecht es hier so sch\u00f6n nach Herrchen und Frauchen... Ich\u2026","rel":"","context":"In &quot;A-Wurf&quot;","img":{"alt_text":"Ares 17 Wochen","src":"https:\/\/i0.wp.com\/www.dalmatiner-sachsen-anhalt.de\/blog\/wp-content\/uploads\/2009\/10\/Ares-17-Wochen.JPG?resize=350%2C200","width":350,"height":200},"classes":[]},{"id":1254,"url":"https:\/\/www.dalmatiner-sachsen-anhalt.de\/blog\/1254\/","url_meta":{"origin":1238,"position":1},"title":"Ares","date":"30. August 2009","format":false,"excerpt":"...geht es ausgezeichnet im neuen Zuhause. Hier hat er tolle Spielkameraden: Nina und\u00a0 Aron und auch tolle gro\u00dfe 2-Beiner. Er m\u00f6chte st\u00e4ndig fressen und auch sonst f\u00fchlt er sich rudel-pudel-wohl dort. Wir freuen uns auf n\u00e4chste Woche,\u00a0 dann kommt er uns f\u00fcr 7 Tage besuchen...","rel":"","context":"In &quot;A-Wurf&quot;","img":{"alt_text":"Ares Aron & Nina","src":"https:\/\/i0.wp.com\/www.dalmatiner-sachsen-anhalt.de\/blog\/wp-content\/uploads\/2009\/08\/Ares-Aron-Nina.jpg?resize=350%2C200","width":350,"height":200},"classes":[]},{"id":608,"url":"https:\/\/www.dalmatiner-sachsen-anhalt.de\/blog\/608\/","url_meta":{"origin":1238,"position":2},"title":"1 Woche sind die A-chens nun schon","date":"17. Juni 2009","format":false,"excerpt":"ARES und ATHENE laufen","rel":"","context":"In &quot;A-Wurf&quot;","img":{"alt_text":"Ares-tag10-laeuft","src":"https:\/\/i0.wp.com\/www.dalmatiner-sachsen-anhalt.de\/blog\/wp-content\/uploads\/2009\/06\/Ares-tag10-laeuft.JPG?resize=350%2C200","width":350,"height":200},"classes":[]},{"id":2676,"url":"https:\/\/www.dalmatiner-sachsen-anhalt.de\/blog\/2676\/","url_meta":{"origin":1238,"position":3},"title":"Freude &#252;ber Ares vdS","date":"10. Oktober 2010","format":false,"excerpt":"Auch Ares von den Sandst\u00fccken startete in Rostock. Er wurde Zweitbester in der Jugendklasse. Wir gratulieren seinen Besitzern zu diesem tollen Ergebnis. Ein gro\u00dfes Lob an Sabine f\u00fcr die sehr gute Pr\u00e4sentation.","rel":"","context":"In &quot;A-Wurf&quot;","img":{"alt_text":"","src":"https:\/\/i0.wp.com\/www.dalmatiner-sachsen-anhalt.de\/blog\/wp-content\/uploads\/2010\/10\/ares.jpg?resize=350%2C200","width":350,"height":200},"classes":[]},{"id":1607,"url":"https:\/\/www.dalmatiner-sachsen-anhalt.de\/blog\/1607\/","url_meta":{"origin":1238,"position":4},"title":"6 Monate alt sind die Welpen nun&#8230;","date":"6. Dezember 2009","format":false,"excerpt":"ARES ist schon ein richtiger Brocken. Er ist schon gr\u00f6\u00dfer als seine Hummel-Mama, und er wiegt - mit 27,1 kg - auch bald soviel wie sie. ANTONIA wiegt 23,9 kg und ATHENE ist ca. 1 kg leichter.","rel":"","context":"In &quot;A-Wurf&quot;","img":{"alt_text":"ares und hummel","src":"https:\/\/i0.wp.com\/www.dalmatiner-sachsen-anhalt.de\/blog\/wp-content\/uploads\/2009\/12\/ares-und-hummel-1024x681.jpg?resize=350%2C200","width":350,"height":200},"classes":[]},{"id":3810,"url":"https:\/\/www.dalmatiner-sachsen-anhalt.de\/blog\/3810\/","url_meta":{"origin":1238,"position":5},"title":"Ares in Gera","date":"26. Februar 2012","format":false,"excerpt":"Ares von den Sandst\u00fccken konnte gestern auf der Rassehundegemeinschaftsausstellung in Gera einen tollen 3. Platz - V3 erreichen\u00a0\u00a0\u00a0\u00a0 und heute soger den 2. Platz - V2.\u00a0 Wir gratulieren Sabine und Ares f\u00fcr die gelungene Darstellung und freuen uns \u00fcber Ares Erfolg !","rel":"","context":"In &quot;A-Wurf&quot;","img":{"alt_text":"","src":"https:\/\/i0.wp.com\/www.dalmatiner-sachsen-anhalt.de\/blog\/wp-content\/uploads\/2012\/02\/Ares-24-Monate-013-1024x667.jpg?resize=350%2C200","width":350,"height":200},"classes":[]}],"_links":{"self":[{"href":"https:\/\/www.dalmatiner-sachsen-anhalt.de\/blog\/wp-json\/wp\/v2\/posts\/1238"}],"collection":[{"href":"https:\/\/www.dalmatiner-sachsen-anhalt.de\/blog\/wp-json\/wp\/v2\/posts"}],"about":[{"href":"https:\/\/www.dalmatiner-sachsen-anhalt.de\/blog\/wp-json\/wp\/v2\/types\/post"}],"author":[{"embeddable":true,"href":"https:\/\/www.dalmatiner-sachsen-anhalt.de\/blog\/wp-json\/wp\/v2\/users\/1"}],"replies":[{"embeddable":true,"href":"https:\/\/www.dalmatiner-sachsen-anhalt.de\/blog\/wp-json\/wp\/v2\/comments?post=1238"}],"version-history":[{"count":3,"href":"https:\/\/www.dalmatiner-sachsen-anhalt.de\/blog\/wp-json\/wp\/v2\/posts\/1238\/revisions"}],"predecessor-version":[{"id":1242,"href":"https:\/\/www.dalmatiner-sachsen-anhalt.de\/blog\/wp-json\/wp\/v2\/posts\/1238\/revisions\/1242"}],"wp:attachment":[{"href":"https:\/\/www.dalmatiner-sachsen-anhalt.de\/blog\/wp-json\/wp\/v2\/media?parent=1238"}],"wp:term":[{"taxonomy":"category","embeddable":true,"href":"https:\/\/www.dalmatiner-sachsen-anhalt.de\/blog\/wp-json\/wp\/v2\/categories?post=1238"},{"taxonomy":"post_tag","embeddable":true,"href":"https:\/\/www.dalmatiner-sachsen-anhalt.de\/blog\/wp-json\/wp\/v2\/tags?post=1238"}],"curies":[{"name":"wp","href":"https:\/\/api.w.org\/{rel}","templated":true}]}}