{"id":1250,"date":"2009-08-23T17:41:59","date_gmt":"2009-08-23T15:41:59","guid":{"rendered":"http:\/\/www.dalmatiner-sachsen-anhalt.de\/blog\/?p=1250"},"modified":"2009-08-23T17:41:59","modified_gmt":"2009-08-23T15:41:59","slug":"so-long-aaron","status":"publish","type":"post","link":"https:\/\/www.dalmatiner-sachsen-anhalt.de\/blog\/1250\/","title":{"rendered":"So long Aaron"},"content":{"rendered":"<h3>Seit gestern hat <span style=\"color: #0000ff;\"><strong>AARON <\/strong><\/span>ein <span style=\"color: #0000ff;\"><strong>neues zu Hause in Freiburg<\/strong><\/span> gefunden. Dort lebt er bei einer netten Familie mit Kind und Hund. Er hat also schon<span style=\"color: #0000ff;\"><strong> 2 tolle Spielgef&#228;hrten<\/strong><\/span>.<\/h3>\n<p style=\"text-align: center;\"><a href=\"https:\/\/i0.wp.com\/www.dalmatiner-sachsen-anhalt.de\/blog\/wp-content\/uploads\/2009\/08\/aaron-tag74-abschied.JPG?ssl=1\"><img data-attachment-id=\"1251\" data-permalink=\"https:\/\/www.dalmatiner-sachsen-anhalt.de\/blog\/1250\/aaron-tag74-abschied\/\" data-orig-file=\"https:\/\/i0.wp.com\/www.dalmatiner-sachsen-anhalt.de\/blog\/wp-content\/uploads\/2009\/08\/aaron-tag74-abschied.JPG?fit=1024%2C768&amp;ssl=1\" data-orig-size=\"1024,768\" data-comments-opened=\"1\" data-image-meta=\"{&quot;aperture&quot;:&quot;0&quot;,&quot;credit&quot;:&quot;&quot;,&quot;camera&quot;:&quot;&quot;,&quot;caption&quot;:&quot;&quot;,&quot;created_timestamp&quot;:&quot;0&quot;,&quot;copyright&quot;:&quot;&quot;,&quot;focal_length&quot;:&quot;0&quot;,&quot;iso&quot;:&quot;0&quot;,&quot;shutter_speed&quot;:&quot;0&quot;,&quot;title&quot;:&quot;&quot;}\" data-image-title=\"aaron-tag74-abschied\" data-image-description=\"\" data-image-caption=\"\" data-medium-file=\"https:\/\/i0.wp.com\/www.dalmatiner-sachsen-anhalt.de\/blog\/wp-content\/uploads\/2009\/08\/aaron-tag74-abschied.JPG?fit=300%2C225&amp;ssl=1\" data-large-file=\"https:\/\/i0.wp.com\/www.dalmatiner-sachsen-anhalt.de\/blog\/wp-content\/uploads\/2009\/08\/aaron-tag74-abschied.JPG?fit=584%2C438&amp;ssl=1\" decoding=\"async\" loading=\"lazy\" class=\"alignnone size-full wp-image-1251\" title=\"aaron-tag74-abschied\" src=\"https:\/\/i0.wp.com\/www.dalmatiner-sachsen-anhalt.de\/blog\/wp-content\/uploads\/2009\/08\/aaron-tag74-abschied.JPG?resize=505%2C378&#038;ssl=1\" alt=\"aaron-tag74-abschied\" width=\"505\" height=\"378\" srcset=\"https:\/\/i0.wp.com\/www.dalmatiner-sachsen-anhalt.de\/blog\/wp-content\/uploads\/2009\/08\/aaron-tag74-abschied.JPG?w=1024&amp;ssl=1 1024w, https:\/\/i0.wp.com\/www.dalmatiner-sachsen-anhalt.de\/blog\/wp-content\/uploads\/2009\/08\/aaron-tag74-abschied.JPG?resize=300%2C225&amp;ssl=1 300w\" sizes=\"(max-width: 505px) 100vw, 505px\" data-recalc-dims=\"1\" \/><\/a><\/p>\n<h3><span style=\"color: #0000ff;\">Aaron &#8211; wir werden Dich vermissen. Wir w&#252;nschen Dir alles Gute und freuen uns auf ein Wiedersehen.<\/span><\/h3>\n<p style=\"text-align: right;\"><strong><span style=\"color: #0000ff;\">Dein Schermener Rudel<\/span><\/strong><\/p>\n","protected":false},"excerpt":{"rendered":"<p>Seit gestern hat AARON ein neues zu Hause in Freiburg gefunden. Dort lebt er bei einer netten Familie mit Kind und Hund. Er hat also schon 2 tolle Spielgef&#228;hrten. Aaron &#8211; wir werden Dich vermissen. Wir w&#252;nschen Dir alles Gute &hellip; <a href=\"https:\/\/www.dalmatiner-sachsen-anhalt.de\/blog\/1250\/\">Continue reading <span class=\"meta-nav\">&rarr;<\/span><\/a><\/p>\n","protected":false},"author":1,"featured_media":0,"comment_status":"open","ping_status":"open","sticky":false,"template":"","format":"standard","meta":{"jetpack_post_was_ever_published":false,"jetpack_publicize_message":"","jetpack_is_tweetstorm":false,"jetpack_publicize_feature_enabled":true,"jetpack_social_post_already_shared":false,"jetpack_social_options":[]},"categories":[13,106,113],"tags":[1286,378,1293,35,103,314,49,140,379,214,7,94,272],"jetpack_publicize_connections":[],"jetpack_featured_media_url":"","jetpack_shortlink":"https:\/\/wp.me\/px1eF-ka","jetpack_sharing_enabled":true,"jetpack_likes_enabled":true,"jetpack-related-posts":[{"id":2265,"url":"https:\/\/www.dalmatiner-sachsen-anhalt.de\/blog\/2265\/","url_meta":{"origin":1250,"position":0},"title":"Von Aaron vdS","date":"12. Mai 2010","format":false,"excerpt":"erhielten wir auch einen Gru\u00df mit Bild. Er wird Venero gerufen und ist ein gro\u00dfer, sch\u00f6ner R\u00fcde geworden. Liebe Gr\u00fc\u00dfe nach Freiburg!","rel":"","context":"In &quot;A-Wurf&quot;","img":{"alt_text":"aaron alias venero","src":"https:\/\/i0.wp.com\/www.dalmatiner-sachsen-anhalt.de\/blog\/wp-content\/uploads\/2010\/05\/P1732_12-04-10.jpg?resize=350%2C200","width":350,"height":200},"classes":[]},{"id":1422,"url":"https:\/\/www.dalmatiner-sachsen-anhalt.de\/blog\/1422\/","url_meta":{"origin":1250,"position":1},"title":"Aaron von den Sandst&#252;cken","date":"16. Oktober 2009","format":false,"excerpt":"...hat sich aus Freiburg gemeldet. Ihm geht es gut bei seinem neuen Rudel. Er w\u00e4chst und gedeiht. Und er hat schon seine h\u00fcndische Spielgef\u00e4hrtin Bessy an R\u00fcckenh\u00f6he eingeholt. Bist ein Sch\u00f6ner geworden, Aaron. Viele liebe Gr\u00fc\u00dfe aus Schermen an Dich und Deine 2-und 4-Beiner. Und la\u00df mal wieder von Dir\u2026","rel":"","context":"In &quot;A-Wurf&quot;","img":{"alt_text":"","src":"https:\/\/i0.wp.com\/www.dalmatiner-sachsen-anhalt.de\/blog\/wp-content\/uploads\/2009\/10\/P154103_24-08-09-382x287.jpg?resize=350%2C200","width":350,"height":200},"classes":[]},{"id":1204,"url":"https:\/\/www.dalmatiner-sachsen-anhalt.de\/blog\/1204\/","url_meta":{"origin":1250,"position":2},"title":"Gruss nach Freiburg und Wildau","date":"17. August 2009","format":false,"excerpt":"Unsere beiden, sch\u00f6nen Brownies werden uns am Ende der Woche verlassen. Wir haben ein tolles zu Hause f\u00fcr diese R\u00fcden gefunden. ARES konnte gl\u00fccklicherweise an sehr gute Freunde vermittelt werden. AARON hat noch eine sehr lange und anstrengende Reise zu seiner neuen Familie vor sich.","rel":"","context":"In &quot;A-Wurf&quot;","img":{"alt_text":"welpen-tag70_3542","src":"https:\/\/i0.wp.com\/www.dalmatiner-sachsen-anhalt.de\/blog\/wp-content\/uploads\/2009\/08\/welpen-tag70_3542-1024x683.jpg?resize=350%2C200","width":350,"height":200},"classes":[]},{"id":958,"url":"https:\/\/www.dalmatiner-sachsen-anhalt.de\/blog\/958\/","url_meta":{"origin":1250,"position":3},"title":"AARON gr&#252;sst FREIBURG&#8230;","date":"22. Juli 2009","format":false,"excerpt":"und sagt: Hallo, ich habe geh\u00f6rt, in Freiburg wird ein Dalmi-R\u00fcde gesucht, einer mit nicht so vielen Punkten. Meine Rudelf\u00fchrung hat gesagt, das w\u00e4re wohl das Richtige f\u00fcr mich. Also ich habe nicht so viele Punkte, aber trotzdem noch genug f\u00fcr Euch. Und ich bin ein lieber, sch\u00f6ner und brauner\u2026","rel":"","context":"In &quot;A-Wurf&quot;","img":{"alt_text":"aaron-tag38_1016","src":"https:\/\/i0.wp.com\/www.dalmatiner-sachsen-anhalt.de\/blog\/wp-content\/uploads\/2009\/07\/aaron-tag38_1016.JPG?resize=350%2C200","width":350,"height":200},"classes":[]},{"id":1247,"url":"https:\/\/www.dalmatiner-sachsen-anhalt.de\/blog\/1247\/","url_meta":{"origin":1250,"position":4},"title":"Und Aaron&#8230;","date":"21. August 2009","format":false,"excerpt":"tr\u00e4umt im K\u00f6rbchen seiner Mama Hummel von der gro\u00dfen Reise nach Freiburg, die morgen beginnt...","rel":"","context":"In &quot;A-Wurf&quot;","img":{"alt_text":"welpen-tag74_3812","src":"https:\/\/i0.wp.com\/www.dalmatiner-sachsen-anhalt.de\/blog\/wp-content\/uploads\/2009\/08\/welpen-tag74_3812-1024x683.jpg?resize=350%2C200","width":350,"height":200},"classes":[]},{"id":2336,"url":"https:\/\/www.dalmatiner-sachsen-anhalt.de\/blog\/2336\/","url_meta":{"origin":1250,"position":5},"title":"Aslan vdS &#8211; der Braune","date":"7. Juni 2010","format":false,"excerpt":"Gestern waren wir Aslan besuchen. Obwohl er nur 30 km von uns entfernt wohnt, war es uns bisher nicht gelungen, ihn in seinem neuen zu Hause zu treffen. Ab und an sahen wir ihn zwar in der Hundeschule, aber letztmalig im Oktober letzten Jahres. Nun wurde es allerh\u00f6chste Zeit. Der\u2026","rel":"","context":"In &quot;A-Wurf&quot;","img":{"alt_text":"","src":"https:\/\/i0.wp.com\/www.dalmatiner-sachsen-anhalt.de\/blog\/wp-content\/uploads\/2010\/06\/IMG_7055-383x255.jpg?resize=350%2C200","width":350,"height":200},"classes":[]}],"_links":{"self":[{"href":"https:\/\/www.dalmatiner-sachsen-anhalt.de\/blog\/wp-json\/wp\/v2\/posts\/1250"}],"collection":[{"href":"https:\/\/www.dalmatiner-sachsen-anhalt.de\/blog\/wp-json\/wp\/v2\/posts"}],"about":[{"href":"https:\/\/www.dalmatiner-sachsen-anhalt.de\/blog\/wp-json\/wp\/v2\/types\/post"}],"author":[{"embeddable":true,"href":"https:\/\/www.dalmatiner-sachsen-anhalt.de\/blog\/wp-json\/wp\/v2\/users\/1"}],"replies":[{"embeddable":true,"href":"https:\/\/www.dalmatiner-sachsen-anhalt.de\/blog\/wp-json\/wp\/v2\/comments?post=1250"}],"version-history":[{"count":2,"href":"https:\/\/www.dalmatiner-sachsen-anhalt.de\/blog\/wp-json\/wp\/v2\/posts\/1250\/revisions"}],"predecessor-version":[{"id":1253,"href":"https:\/\/www.dalmatiner-sachsen-anhalt.de\/blog\/wp-json\/wp\/v2\/posts\/1250\/revisions\/1253"}],"wp:attachment":[{"href":"https:\/\/www.dalmatiner-sachsen-anhalt.de\/blog\/wp-json\/wp\/v2\/media?parent=1250"}],"wp:term":[{"taxonomy":"category","embeddable":true,"href":"https:\/\/www.dalmatiner-sachsen-anhalt.de\/blog\/wp-json\/wp\/v2\/categories?post=1250"},{"taxonomy":"post_tag","embeddable":true,"href":"https:\/\/www.dalmatiner-sachsen-anhalt.de\/blog\/wp-json\/wp\/v2\/tags?post=1250"}],"curies":[{"name":"wp","href":"https:\/\/api.w.org\/{rel}","templated":true}]}}