{"id":1321,"date":"2009-09-08T22:15:11","date_gmt":"2009-09-08T20:15:11","guid":{"rendered":"http:\/\/www.dalmatiner-sachsen-anhalt.de\/blog\/?p=1321"},"modified":"2009-09-08T22:15:11","modified_gmt":"2009-09-08T20:15:11","slug":"das-sagen-haben","status":"publish","type":"post","link":"https:\/\/www.dalmatiner-sachsen-anhalt.de\/blog\/1321\/","title":{"rendered":"Das Sagen haben&#8230;"},"content":{"rendered":"<h3><strong><span style=\"color: #ff0000;\">ANTONIA <\/span><\/strong>und <strong><span style=\"color: #ff0000;\">ATHENE<\/span><\/strong>. Das bekam heute unsere &#8220;<strong>Urlaubsunterbringung<\/strong>&#8221; und geliebter <strong><span style=\"color: #0000ff;\">Knuddelb&#228;r ARES<\/span><\/strong> deutlich beigebracht.<\/h3>\n<p style=\"text-align: center;\"><a href=\"https:\/\/i0.wp.com\/www.dalmatiner-sachsen-anhalt.de\/blog\/wp-content\/uploads\/2009\/09\/IMG_9188.JPG?ssl=1\"><img data-attachment-id=\"1322\" data-permalink=\"https:\/\/www.dalmatiner-sachsen-anhalt.de\/blog\/1321\/img_9188\/\" data-orig-file=\"https:\/\/i0.wp.com\/www.dalmatiner-sachsen-anhalt.de\/blog\/wp-content\/uploads\/2009\/09\/IMG_9188.JPG?fit=1150%2C768&amp;ssl=1\" data-orig-size=\"1150,768\" data-comments-opened=\"1\" data-image-meta=\"{&quot;aperture&quot;:&quot;0&quot;,&quot;credit&quot;:&quot;&quot;,&quot;camera&quot;:&quot;&quot;,&quot;caption&quot;:&quot;&quot;,&quot;created_timestamp&quot;:&quot;0&quot;,&quot;copyright&quot;:&quot;&quot;,&quot;focal_length&quot;:&quot;0&quot;,&quot;iso&quot;:&quot;0&quot;,&quot;shutter_speed&quot;:&quot;0&quot;,&quot;title&quot;:&quot;&quot;}\" data-image-title=\"IMG_9188\" data-image-description=\"\" data-image-caption=\"\" data-medium-file=\"https:\/\/i0.wp.com\/www.dalmatiner-sachsen-anhalt.de\/blog\/wp-content\/uploads\/2009\/09\/IMG_9188.JPG?fit=300%2C200&amp;ssl=1\" data-large-file=\"https:\/\/i0.wp.com\/www.dalmatiner-sachsen-anhalt.de\/blog\/wp-content\/uploads\/2009\/09\/IMG_9188.JPG?fit=584%2C390&amp;ssl=1\" decoding=\"async\" loading=\"lazy\" class=\"alignnone size-large wp-image-1322\" title=\"IMG_9188\" src=\"https:\/\/i0.wp.com\/www.dalmatiner-sachsen-anhalt.de\/blog\/wp-content\/uploads\/2009\/09\/IMG_9188-1024x683.jpg?resize=503%2C335&#038;ssl=1\" alt=\"IMG_9188\" width=\"503\" height=\"335\" srcset=\"https:\/\/i0.wp.com\/www.dalmatiner-sachsen-anhalt.de\/blog\/wp-content\/uploads\/2009\/09\/IMG_9188.JPG?resize=1024%2C683&amp;ssl=1 1024w, https:\/\/i0.wp.com\/www.dalmatiner-sachsen-anhalt.de\/blog\/wp-content\/uploads\/2009\/09\/IMG_9188.JPG?resize=300%2C200&amp;ssl=1 300w, https:\/\/i0.wp.com\/www.dalmatiner-sachsen-anhalt.de\/blog\/wp-content\/uploads\/2009\/09\/IMG_9188.JPG?w=1150&amp;ssl=1 1150w\" sizes=\"(max-width: 503px) 100vw, 503px\" data-recalc-dims=\"1\" \/><\/a><\/p>\n","protected":false},"excerpt":{"rendered":"<p>ANTONIA und ATHENE. Das bekam heute unsere &#8220;Urlaubsunterbringung&#8221; und geliebter Knuddelb&#228;r ARES deutlich beigebracht.<\/p>\n","protected":false},"author":1,"featured_media":0,"comment_status":"open","ping_status":"open","sticky":false,"template":"","format":"standard","meta":{"jetpack_post_was_ever_published":false,"jetpack_publicize_message":"","jetpack_is_tweetstorm":false,"jetpack_publicize_feature_enabled":true,"jetpack_social_post_already_shared":false,"jetpack_social_options":[]},"categories":[13,111,88,112,113],"tags":[1293,35,103,49,140,214,7],"jetpack_publicize_connections":[],"jetpack_featured_media_url":"","jetpack_shortlink":"https:\/\/wp.me\/px1eF-lj","jetpack_sharing_enabled":true,"jetpack_likes_enabled":true,"jetpack-related-posts":[{"id":1594,"url":"https:\/\/www.dalmatiner-sachsen-anhalt.de\/blog\/1594\/","url_meta":{"origin":1321,"position":0},"title":"Alle Z&#228;hne sind schon da&#8230;","date":"29. November 2009","format":false,"excerpt":"alle Z\u00e4hne, alle. ANTONIA, ATHENE und ARES sind vollzahnig. Das konnte von Andrea Mix auf der Rassehundeausstellung am Wochenende in Annaberg-Buchholz festgestellt werden. Vielen lieben Dank daf\u00fcr. Wir freuen uns sehr.","rel":"","context":"In &quot;A-Wurf&quot;","img":{"alt_text":"vollzahnig","src":"https:\/\/i0.wp.com\/www.dalmatiner-sachsen-anhalt.de\/blog\/wp-content\/uploads\/2009\/11\/IMG_0866-1024x681.jpg?resize=350%2C200","width":350,"height":200},"classes":[]},{"id":3528,"url":"https:\/\/www.dalmatiner-sachsen-anhalt.de\/blog\/3528\/","url_meta":{"origin":1321,"position":1},"title":"Halle Krosigk","date":"30. Mai 2011","format":false,"excerpt":"Es war ein sehr sch\u00f6nes Ausstellungswochenende zur 21. LGA, bei super-tollem Wetter, 99 Dalmatiner waren gemeldet, 4 davon \" von den Sandst\u00fccken\". Wir freuen uns \u00fcber die Bewertungen, die unsere Hunde in der Zwischenklasse und bei den Puppies erreichen konnten: Ares vdS - V2 Athene vdS - V3 Antonia vdS\u2026","rel":"","context":"In &quot;A-Wurf&quot;","img":{"alt_text":"","src":"https:\/\/i0.wp.com\/www.dalmatiner-sachsen-anhalt.de\/blog\/wp-content\/uploads\/2011\/05\/9052011-Krosigk_0515.jpg?resize=350%2C200","width":350,"height":200},"classes":[]},{"id":946,"url":"https:\/\/www.dalmatiner-sachsen-anhalt.de\/blog\/946\/","url_meta":{"origin":1321,"position":2},"title":"Reservierungen und AEP","date":"21. Juli 2009","format":false,"excerpt":"Es sind weitere Reservierungen eingegangen und Besichtigungen geplant, ein aufregendes Wochenende f\u00fcr die Welpen steht bevor, da auch Dr.Kr\u00f6ger aus Berlin anreist um die AEP Tests durchzuf\u00fchren","rel":"","context":"In &quot;A-Wurf&quot;","img":{"alt_text":"welpen-tag42_1389","src":"https:\/\/i0.wp.com\/www.dalmatiner-sachsen-anhalt.de\/blog\/wp-content\/uploads\/2009\/07\/welpen-tag42_1389.JPG?resize=350%2C200","width":350,"height":200},"classes":[]},{"id":2354,"url":"https:\/\/www.dalmatiner-sachsen-anhalt.de\/blog\/2354\/","url_meta":{"origin":1321,"position":3},"title":"1. Geburtstag","date":"8. Juni 2010","format":false,"excerpt":"Unser A- Wurf wird heute genau ein Jahr alt. HERZLICHE GL\u00dcCKW\u00dcNSCHE gehen an Ares, Amigo, Aslan, Aaron, Attila, Athene, Antonia und Amelie! Bleibt sch\u00f6n gesund und lasst Euch heute von Euren 2- Beinern ganz besonders gut verw\u00f6hnen.","rel":"","context":"In &quot;A-Wurf&quot;","img":{"alt_text":"","src":"https:\/\/i0.wp.com\/www.dalmatiner-sachsen-anhalt.de\/blog\/wp-content\/uploads\/2010\/06\/welpen-tag42_1392-1024x683.jpg?resize=350%2C200","width":350,"height":200},"classes":[]},{"id":3547,"url":"https:\/\/www.dalmatiner-sachsen-anhalt.de\/blog\/3547\/","url_meta":{"origin":1321,"position":4},"title":"Herzlichen Gl&#252;ckwunsch A- Wurf!","date":"8. Juni 2011","format":false,"excerpt":"Zum 2. Geburtstag gratulieren wir ganz besonders herzlich unseren stattlichen R\u00fcden Ares, Attila, Amigo, Aaron, Aslan und den sch\u00f6nen H\u00fcndinnen Amelie, Athene und Antonia. La\u00dft Euch heute besonders gut von Euren 2- Beinern verw\u00f6hnen und schickt uns Bilder von Euch! Euer Rudel aus Schermen","rel":"","context":"In &quot;A-Wurf&quot;","img":{"alt_text":"","src":"https:\/\/i0.wp.com\/www.dalmatiner-sachsen-anhalt.de\/blog\/wp-content\/uploads\/2011\/06\/IMG_1450.jpg?resize=350%2C200","width":350,"height":200},"classes":[]},{"id":3553,"url":"https:\/\/www.dalmatiner-sachsen-anhalt.de\/blog\/3553\/","url_meta":{"origin":1321,"position":5},"title":"Geburtstagsfeier","date":"9. Juni 2011","format":false,"excerpt":"Gestern gab es f\u00fcr Athene und nat\u00fcrlich auch Mama Hummel ganz besondere Leckerlies und Kauknochen, das hat geschmeckt. Ich hoffe auch ihr Ares, Attila, Aslan, Amigo,Aaron, Antonia und Amelie hattet einen sch\u00f6nen 2. Geburtstag und habt Euch kr\u00e4ftig verw\u00f6hnen lassen. Danke an\u00a0 Familie Johanns f\u00fcr die lieben Gl\u00fcckw\u00fcnsche und das\u2026","rel":"","context":"In &quot;A-Wurf&quot;","img":{"alt_text":"","src":"https:\/\/i0.wp.com\/www.dalmatiner-sachsen-anhalt.de\/blog\/wp-content\/uploads\/2011\/06\/9052011-Krosigk_0482-301x201.jpg?resize=350%2C200","width":350,"height":200},"classes":[]}],"_links":{"self":[{"href":"https:\/\/www.dalmatiner-sachsen-anhalt.de\/blog\/wp-json\/wp\/v2\/posts\/1321"}],"collection":[{"href":"https:\/\/www.dalmatiner-sachsen-anhalt.de\/blog\/wp-json\/wp\/v2\/posts"}],"about":[{"href":"https:\/\/www.dalmatiner-sachsen-anhalt.de\/blog\/wp-json\/wp\/v2\/types\/post"}],"author":[{"embeddable":true,"href":"https:\/\/www.dalmatiner-sachsen-anhalt.de\/blog\/wp-json\/wp\/v2\/users\/1"}],"replies":[{"embeddable":true,"href":"https:\/\/www.dalmatiner-sachsen-anhalt.de\/blog\/wp-json\/wp\/v2\/comments?post=1321"}],"version-history":[{"count":2,"href":"https:\/\/www.dalmatiner-sachsen-anhalt.de\/blog\/wp-json\/wp\/v2\/posts\/1321\/revisions"}],"predecessor-version":[{"id":1324,"href":"https:\/\/www.dalmatiner-sachsen-anhalt.de\/blog\/wp-json\/wp\/v2\/posts\/1321\/revisions\/1324"}],"wp:attachment":[{"href":"https:\/\/www.dalmatiner-sachsen-anhalt.de\/blog\/wp-json\/wp\/v2\/media?parent=1321"}],"wp:term":[{"taxonomy":"category","embeddable":true,"href":"https:\/\/www.dalmatiner-sachsen-anhalt.de\/blog\/wp-json\/wp\/v2\/categories?post=1321"},{"taxonomy":"post_tag","embeddable":true,"href":"https:\/\/www.dalmatiner-sachsen-anhalt.de\/blog\/wp-json\/wp\/v2\/tags?post=1321"}],"curies":[{"name":"wp","href":"https:\/\/api.w.org\/{rel}","templated":true}]}}