{"id":1337,"date":"2009-09-15T22:21:08","date_gmt":"2009-09-15T20:21:08","guid":{"rendered":"http:\/\/www.dalmatiner-sachsen-anhalt.de\/blog\/?p=1337"},"modified":"2009-09-15T22:26:22","modified_gmt":"2009-09-15T20:26:22","slug":"attilla-news","status":"publish","type":"post","link":"https:\/\/www.dalmatiner-sachsen-anhalt.de\/blog\/1337\/","title":{"rendered":"Attilla News"},"content":{"rendered":"<h3>Er lebt nun schon eine Weile in Sachsen, entwickelt sich pr&#228;chtig und hat sein neues Rudel ins Herz geschlossen. Und er ist ein <strong><span style=\"color: #993300;\">K&#228;mpfer<\/span><\/strong>, der tapfere <strong><span style=\"color: #0000ff;\">ATTILA<\/span><\/strong>. Wir haben es schon immer geahnt.<br \/>\n<strong><span style=\"color: #993300;\">Er greift sich alles<\/span><\/strong>, was nicht niet- und nagelfest ist und&#8230;<br \/>\nNeulich erhielten wir Kunde &#252;ber seine <strong><span style=\"color: #993300;\">letzte Schlacht<\/span><\/strong>. Feindliche, ausw&#228;rtige Sitzkissen (Sitzkissen f&#252;r die Terasse) bedrohten sein Rudel. <strong><span style=\"color: #993300;\">Sofort warf sich dieses<\/span><span style=\"color: #993300;\"> tapfere Kerlchen <\/span><span style=\"color: #993300;\">todesmutig in den Kampf<\/span><\/strong> , um Rudel, Haus und Hof zu verteidigen. Und obwohl die <strong>Feinde in der &#220;berzahl <\/strong>waren &#8211; gewann <strong><span style=\"color: #0000ff;\">ATTILA <\/span><\/strong>diese ungleiche Schlacht.<\/h3>\n<h3 style=\"text-align: center;\"><span style=\"color: #993300;\"><strong>Er zerfetzte die Sitzkissen!<\/strong><\/span><strong><\/strong><\/h3>\n<p style=\"text-align: center;\"><a href=\"https:\/\/i0.wp.com\/www.dalmatiner-sachsen-anhalt.de\/blog\/wp-content\/uploads\/2009\/09\/K800_DSC01053.JPG?ssl=1\"><img data-attachment-id=\"1338\" data-permalink=\"https:\/\/www.dalmatiner-sachsen-anhalt.de\/blog\/1337\/k800_dsc01053\/\" data-orig-file=\"https:\/\/i0.wp.com\/www.dalmatiner-sachsen-anhalt.de\/blog\/wp-content\/uploads\/2009\/09\/K800_DSC01053.JPG?fit=800%2C600&amp;ssl=1\" data-orig-size=\"800,600\" data-comments-opened=\"1\" data-image-meta=\"{&quot;aperture&quot;:&quot;0&quot;,&quot;credit&quot;:&quot;&quot;,&quot;camera&quot;:&quot;&quot;,&quot;caption&quot;:&quot;&quot;,&quot;created_timestamp&quot;:&quot;0&quot;,&quot;copyright&quot;:&quot;&quot;,&quot;focal_length&quot;:&quot;0&quot;,&quot;iso&quot;:&quot;0&quot;,&quot;shutter_speed&quot;:&quot;0&quot;,&quot;title&quot;:&quot;&quot;}\" data-image-title=\"K800_DSC01053\" data-image-description=\"\" data-image-caption=\"\" data-medium-file=\"https:\/\/i0.wp.com\/www.dalmatiner-sachsen-anhalt.de\/blog\/wp-content\/uploads\/2009\/09\/K800_DSC01053.JPG?fit=300%2C225&amp;ssl=1\" data-large-file=\"https:\/\/i0.wp.com\/www.dalmatiner-sachsen-anhalt.de\/blog\/wp-content\/uploads\/2009\/09\/K800_DSC01053.JPG?fit=584%2C438&amp;ssl=1\" decoding=\"async\" loading=\"lazy\" class=\"alignnone size-full wp-image-1338\" title=\"K800_DSC01053\" src=\"https:\/\/i0.wp.com\/www.dalmatiner-sachsen-anhalt.de\/blog\/wp-content\/uploads\/2009\/09\/K800_DSC01053.JPG?resize=503%2C377&#038;ssl=1\" alt=\"K800_DSC01053\" width=\"503\" height=\"377\" srcset=\"https:\/\/i0.wp.com\/www.dalmatiner-sachsen-anhalt.de\/blog\/wp-content\/uploads\/2009\/09\/K800_DSC01053.JPG?w=800&amp;ssl=1 800w, https:\/\/i0.wp.com\/www.dalmatiner-sachsen-anhalt.de\/blog\/wp-content\/uploads\/2009\/09\/K800_DSC01053.JPG?resize=300%2C225&amp;ssl=1 300w\" sizes=\"(max-width: 503px) 100vw, 503px\" data-recalc-dims=\"1\" \/><\/a><\/p>\n<h3 style=\"text-align: center;\"><strong><\/strong><strong><span style=\"color: #0000ff;\">Hoch lebe ATTILA!<\/span><\/strong><\/h3>\n","protected":false},"excerpt":{"rendered":"<p>Er lebt nun schon eine Weile in Sachsen, entwickelt sich pr&#228;chtig und hat sein neues Rudel ins Herz geschlossen. Und er ist ein K&#228;mpfer, der tapfere ATTILA. Wir haben es schon immer geahnt. Er greift sich alles, was nicht niet- &hellip; <a href=\"https:\/\/www.dalmatiner-sachsen-anhalt.de\/blog\/1337\/\">Continue reading <span class=\"meta-nav\">&rarr;<\/span><\/a><\/p>\n","protected":false},"author":1,"featured_media":0,"comment_status":"open","ping_status":"open","sticky":false,"template":"","format":"standard","meta":{"jetpack_post_was_ever_published":false,"jetpack_publicize_message":"","jetpack_is_tweetstorm":false,"jetpack_publicize_feature_enabled":true,"jetpack_social_post_already_shared":false,"jetpack_social_options":[]},"categories":[13,109,113,371],"tags":[1289,1293,35,103,386,385,140,373,7],"jetpack_publicize_connections":[],"jetpack_featured_media_url":"","jetpack_shortlink":"https:\/\/wp.me\/px1eF-lz","jetpack_sharing_enabled":true,"jetpack_likes_enabled":true,"jetpack-related-posts":[{"id":1855,"url":"https:\/\/www.dalmatiner-sachsen-anhalt.de\/blog\/1855\/","url_meta":{"origin":1337,"position":0},"title":"Attila wieder online","date":"31. Januar 2010","format":false,"excerpt":"Attila war weg. Einfach verschwunden mit seinem Rudel (keine e-mail, Telefon...). Wir machten uns schon Sorgen, aber dann kamen Anruf & e-mail. Alles klar - der liebe \"Sachsenk\u00f6nig\" hatte mit einem Biss in die Telefonsteckdose ersteinmal alles offline gestellt. Im Februar kommt er zu uns. Und weil er so ein\u2026","rel":"","context":"In &quot;A-Wurf&quot;","img":{"alt_text":"","src":"https:\/\/i0.wp.com\/www.dalmatiner-sachsen-anhalt.de\/blog\/wp-content\/uploads\/2010\/01\/IMG_0154-1024x682.jpg?resize=350%2C200","width":350,"height":200},"classes":[]},{"id":1140,"url":"https:\/\/www.dalmatiner-sachsen-anhalt.de\/blog\/1140\/","url_meta":{"origin":1337,"position":1},"title":"Alles Gute, Attilla","date":"9. August 2009","format":false,"excerpt":"Der erste R\u00fcde des A- Wurfes verl\u00e4\u00dft unsere Zuchtst\u00e4tte an diesem Wochenende. Er war in den letzten Tagen bei uns im Haus. Heute wurde er in liebevolle H\u00e4nde abgegeben. Vorher wurde noch einmal richtig mit der Mama getobt. \"ATTILA - wir w\u00fcnschen Dir bei Deiner neuen Familie (Rudel) alles, alles\u2026","rel":"","context":"In &quot;A-Wurf&quot;","img":{"alt_text":"welpen-tag61_2842","src":"https:\/\/i0.wp.com\/www.dalmatiner-sachsen-anhalt.de\/blog\/wp-content\/uploads\/2009\/08\/welpen-tag61_2842-1024x683.jpg?resize=350%2C200","width":350,"height":200},"classes":[]},{"id":3547,"url":"https:\/\/www.dalmatiner-sachsen-anhalt.de\/blog\/3547\/","url_meta":{"origin":1337,"position":2},"title":"Herzlichen Gl&#252;ckwunsch A- Wurf!","date":"8. Juni 2011","format":false,"excerpt":"Zum 2. Geburtstag gratulieren wir ganz besonders herzlich unseren stattlichen R\u00fcden Ares, Attila, Amigo, Aaron, Aslan und den sch\u00f6nen H\u00fcndinnen Amelie, Athene und Antonia. La\u00dft Euch heute besonders gut von Euren 2- Beinern verw\u00f6hnen und schickt uns Bilder von Euch! Euer Rudel aus Schermen","rel":"","context":"In &quot;A-Wurf&quot;","img":{"alt_text":"","src":"https:\/\/i0.wp.com\/www.dalmatiner-sachsen-anhalt.de\/blog\/wp-content\/uploads\/2011\/06\/IMG_1450.jpg?resize=350%2C200","width":350,"height":200},"classes":[]},{"id":4214,"url":"https:\/\/www.dalmatiner-sachsen-anhalt.de\/blog\/4214\/","url_meta":{"origin":1337,"position":3},"title":"Der A- Wurf vdS wird 3","date":"8. Juni 2012","format":false,"excerpt":"Zum 3. Geburtstag w\u00fcnschen wir Athene, Antonia, Amelie, Aslan, Attila, Aaron, Ares und Amigo alles Gute. Habt einen sch\u00f6nen Tag und la\u00dft Euch heute ganz besonders gut verw\u00f6hnen. Euer Schermener Rudel","rel":"","context":"In &quot;Aaron&quot;","img":{"alt_text":"","src":"https:\/\/i0.wp.com\/www.dalmatiner-sachsen-anhalt.de\/blog\/wp-content\/uploads\/2012\/06\/2012-06-07_athene-vdS_0870.jpg?fit=1154%2C768&ssl=1&resize=350%2C200","width":350,"height":200},"classes":[]},{"id":2354,"url":"https:\/\/www.dalmatiner-sachsen-anhalt.de\/blog\/2354\/","url_meta":{"origin":1337,"position":4},"title":"1. Geburtstag","date":"8. Juni 2010","format":false,"excerpt":"Unser A- Wurf wird heute genau ein Jahr alt. HERZLICHE GL\u00dcCKW\u00dcNSCHE gehen an Ares, Amigo, Aslan, Aaron, Attila, Athene, Antonia und Amelie! Bleibt sch\u00f6n gesund und lasst Euch heute von Euren 2- Beinern ganz besonders gut verw\u00f6hnen.","rel":"","context":"In &quot;A-Wurf&quot;","img":{"alt_text":"","src":"https:\/\/i0.wp.com\/www.dalmatiner-sachsen-anhalt.de\/blog\/wp-content\/uploads\/2010\/06\/welpen-tag42_1392-1024x683.jpg?resize=350%2C200","width":350,"height":200},"classes":[]},{"id":1902,"url":"https:\/\/www.dalmatiner-sachsen-anhalt.de\/blog\/1902\/","url_meta":{"origin":1337,"position":5},"title":"Attila gr&#252;&#223;t sein Rudel","date":"14. Februar 2010","format":false,"excerpt":"Ihr lieben Urlauber, wie geht es Euch im Ski-Urlaub? Mir geht es hier in Schermen prima. Gerade war\u00a0 die Lotti mit mir ein bischen \u00fcben, aber sie war nicht so zufrieden, weil ich mich immer hinsetze, anstatt zu stehen. Angeblich muss ich auf der Hundeausstellung stehen. Ganz anders als in\u2026","rel":"","context":"In &quot;A-Wurf&quot;","img":{"alt_text":"","src":"https:\/\/i0.wp.com\/www.dalmatiner-sachsen-anhalt.de\/blog\/wp-content\/uploads\/2010\/02\/IMG_2983-1024x681.jpg?resize=350%2C200","width":350,"height":200},"classes":[]}],"_links":{"self":[{"href":"https:\/\/www.dalmatiner-sachsen-anhalt.de\/blog\/wp-json\/wp\/v2\/posts\/1337"}],"collection":[{"href":"https:\/\/www.dalmatiner-sachsen-anhalt.de\/blog\/wp-json\/wp\/v2\/posts"}],"about":[{"href":"https:\/\/www.dalmatiner-sachsen-anhalt.de\/blog\/wp-json\/wp\/v2\/types\/post"}],"author":[{"embeddable":true,"href":"https:\/\/www.dalmatiner-sachsen-anhalt.de\/blog\/wp-json\/wp\/v2\/users\/1"}],"replies":[{"embeddable":true,"href":"https:\/\/www.dalmatiner-sachsen-anhalt.de\/blog\/wp-json\/wp\/v2\/comments?post=1337"}],"version-history":[{"count":4,"href":"https:\/\/www.dalmatiner-sachsen-anhalt.de\/blog\/wp-json\/wp\/v2\/posts\/1337\/revisions"}],"predecessor-version":[{"id":1342,"href":"https:\/\/www.dalmatiner-sachsen-anhalt.de\/blog\/wp-json\/wp\/v2\/posts\/1337\/revisions\/1342"}],"wp:attachment":[{"href":"https:\/\/www.dalmatiner-sachsen-anhalt.de\/blog\/wp-json\/wp\/v2\/media?parent=1337"}],"wp:term":[{"taxonomy":"category","embeddable":true,"href":"https:\/\/www.dalmatiner-sachsen-anhalt.de\/blog\/wp-json\/wp\/v2\/categories?post=1337"},{"taxonomy":"post_tag","embeddable":true,"href":"https:\/\/www.dalmatiner-sachsen-anhalt.de\/blog\/wp-json\/wp\/v2\/tags?post=1337"}],"curies":[{"name":"wp","href":"https:\/\/api.w.org\/{rel}","templated":true}]}}