{"id":1370,"date":"2009-09-22T10:31:07","date_gmt":"2009-09-22T08:31:07","guid":{"rendered":"http:\/\/www.dalmatiner-sachsen-anhalt.de\/blog\/?p=1370"},"modified":"2009-09-22T10:31:07","modified_gmt":"2009-09-22T08:31:07","slug":"amigo-zu-hause","status":"publish","type":"post","link":"https:\/\/www.dalmatiner-sachsen-anhalt.de\/blog\/1370\/","title":{"rendered":"Amigo zu Hause"},"content":{"rendered":"<h3 style=\"text-align: center;\">Amigo geht es gut, er ist ein guter Schwimmer\u00a0 und er hat ganz oft eine Dalmi-H&#252;ndin zum Spielen.<\/h3>\n<h3 style=\"text-align: justify;\"><div data-carousel-extra='{\"blog_id\":1,\"permalink\":\"https:\\\/\\\/www.dalmatiner-sachsen-anhalt.de\\\/blog\\\/1370\\\/\"}' class=\"tiled-gallery type-rectangular\" data-original-width=\"584\"><div class=\"gallery-row\" style=\"width: 579px; height: 287px;\"><div class=\"gallery-group images-1\" style=\"width: 386px; height: 291px;\"><div class=\"tiled-gallery-item tiled-gallery-item-large\"><a href=\"https:\/\/i0.wp.com\/www.dalmatiner-sachsen-anhalt.de\/blog\/wp-content\/uploads\/2009\/09\/P10501331.JPG?ssl=1\"><img data-attachment-id=\"1371\" data-orig-file=\"https:\/\/www.dalmatiner-sachsen-anhalt.de\/blog\/wp-content\/uploads\/2009\/09\/P10501331.JPG\" data-orig-size=\"1024,768\" data-comments-opened=\"1\" data-image-meta=\"{&quot;aperture&quot;:&quot;0&quot;,&quot;credit&quot;:&quot;&quot;,&quot;camera&quot;:&quot;&quot;,&quot;caption&quot;:&quot;&quot;,&quot;created_timestamp&quot;:&quot;0&quot;,&quot;copyright&quot;:&quot;&quot;,&quot;focal_length&quot;:&quot;0&quot;,&quot;iso&quot;:&quot;0&quot;,&quot;shutter_speed&quot;:&quot;0&quot;,&quot;title&quot;:&quot;&quot;}\" data-image-title=\"P1050133\" data-image-description=\"\" data-medium-file=\"https:\/\/i0.wp.com\/www.dalmatiner-sachsen-anhalt.de\/blog\/wp-content\/uploads\/2009\/09\/P10501331.JPG?fit=300%2C225&#038;ssl=1\" data-large-file=\"https:\/\/i0.wp.com\/www.dalmatiner-sachsen-anhalt.de\/blog\/wp-content\/uploads\/2009\/09\/P10501331.JPG?fit=584%2C438&#038;ssl=1\" src=\"https:\/\/i0.wp.com\/www.dalmatiner-sachsen-anhalt.de\/blog\/wp-content\/uploads\/2009\/09\/P10501331-382x287.jpg\" width=\"382\" height=\"287\" align=\"left\" title=\"P1050133\" \/><\/a><\/div><\/div><div class=\"gallery-group images-2\" style=\"width: 193px; height: 291px;\"><div class=\"tiled-gallery-item tiled-gallery-item-small\"><a href=\"https:\/\/i0.wp.com\/www.dalmatiner-sachsen-anhalt.de\/blog\/wp-content\/uploads\/2009\/09\/P10500951.JPG?ssl=1\"><img data-attachment-id=\"1372\" data-orig-file=\"https:\/\/www.dalmatiner-sachsen-anhalt.de\/blog\/wp-content\/uploads\/2009\/09\/P10500951.JPG\" data-orig-size=\"1024,768\" data-comments-opened=\"1\" data-image-meta=\"{&quot;aperture&quot;:&quot;0&quot;,&quot;credit&quot;:&quot;&quot;,&quot;camera&quot;:&quot;&quot;,&quot;caption&quot;:&quot;&quot;,&quot;created_timestamp&quot;:&quot;0&quot;,&quot;copyright&quot;:&quot;&quot;,&quot;focal_length&quot;:&quot;0&quot;,&quot;iso&quot;:&quot;0&quot;,&quot;shutter_speed&quot;:&quot;0&quot;,&quot;title&quot;:&quot;&quot;}\" data-image-title=\"P1050095\" data-image-description=\"\" data-medium-file=\"https:\/\/i0.wp.com\/www.dalmatiner-sachsen-anhalt.de\/blog\/wp-content\/uploads\/2009\/09\/P10500951.JPG?fit=300%2C225&#038;ssl=1\" data-large-file=\"https:\/\/i0.wp.com\/www.dalmatiner-sachsen-anhalt.de\/blog\/wp-content\/uploads\/2009\/09\/P10500951.JPG?fit=584%2C438&#038;ssl=1\" src=\"https:\/\/i0.wp.com\/www.dalmatiner-sachsen-anhalt.de\/blog\/wp-content\/uploads\/2009\/09\/P10500951-189x142.jpg\" width=\"189\" height=\"142\" align=\"left\" title=\"P1050095\" \/><\/a><\/div><div class=\"tiled-gallery-item tiled-gallery-item-small\"><a href=\"https:\/\/i0.wp.com\/www.dalmatiner-sachsen-anhalt.de\/blog\/wp-content\/uploads\/2009\/09\/P10500991.JPG?ssl=1\"><img data-attachment-id=\"1373\" data-orig-file=\"https:\/\/www.dalmatiner-sachsen-anhalt.de\/blog\/wp-content\/uploads\/2009\/09\/P10500991.JPG\" data-orig-size=\"1024,768\" data-comments-opened=\"1\" data-image-meta=\"{&quot;aperture&quot;:&quot;0&quot;,&quot;credit&quot;:&quot;&quot;,&quot;camera&quot;:&quot;&quot;,&quot;caption&quot;:&quot;&quot;,&quot;created_timestamp&quot;:&quot;0&quot;,&quot;copyright&quot;:&quot;&quot;,&quot;focal_length&quot;:&quot;0&quot;,&quot;iso&quot;:&quot;0&quot;,&quot;shutter_speed&quot;:&quot;0&quot;,&quot;title&quot;:&quot;&quot;}\" data-image-title=\"P1050099\" data-image-description=\"\" data-medium-file=\"https:\/\/i0.wp.com\/www.dalmatiner-sachsen-anhalt.de\/blog\/wp-content\/uploads\/2009\/09\/P10500991.JPG?fit=300%2C225&#038;ssl=1\" data-large-file=\"https:\/\/i0.wp.com\/www.dalmatiner-sachsen-anhalt.de\/blog\/wp-content\/uploads\/2009\/09\/P10500991.JPG?fit=584%2C438&#038;ssl=1\" src=\"https:\/\/i0.wp.com\/www.dalmatiner-sachsen-anhalt.de\/blog\/wp-content\/uploads\/2009\/09\/P10500991-189x141.jpg\" width=\"189\" height=\"141\" align=\"left\" title=\"P1050099\" \/><\/a><\/div><\/div><\/div><\/div><\/h3>\n<h3 style=\"text-align: center;\"><\/h3>\n","protected":false},"excerpt":{"rendered":"<p>Amigo geht es gut, er ist ein guter Schwimmer\u00a0 und er hat ganz oft eine Dalmi-H&#252;ndin zum Spielen.<\/p>\n","protected":false},"author":1,"featured_media":0,"comment_status":"open","ping_status":"open","sticky":false,"template":"","format":"standard","meta":{"jetpack_post_was_ever_published":false,"jetpack_publicize_message":"","jetpack_is_tweetstorm":false,"jetpack_publicize_feature_enabled":true,"jetpack_social_post_already_shared":false,"jetpack_social_options":[]},"categories":[13,107,113,371],"tags":[1287,35,7,272],"jetpack_publicize_connections":[],"jetpack_featured_media_url":"","jetpack_shortlink":"https:\/\/wp.me\/px1eF-m6","jetpack_sharing_enabled":true,"jetpack_likes_enabled":true,"jetpack-related-posts":[{"id":4780,"url":"https:\/\/www.dalmatiner-sachsen-anhalt.de\/blog\/4780\/","url_meta":{"origin":1370,"position":0},"title":"Gr&#252;&#223;e aus D&#228;nemark von Amigo","date":"1. Februar 2013","format":false,"excerpt":"Unser Amigo von den Sandst\u00fccken schickt uns liebe Urlaubsgr\u00fcsse, vielen Dank f\u00fcr das sch\u00f6ne Bild.","rel":"","context":"In &quot;A-Wurf&quot;","img":{"alt_text":"","src":"https:\/\/i0.wp.com\/www.dalmatiner-sachsen-anhalt.de\/blog\/wp-content\/uploads\/2013\/02\/P1020836.jpg?resize=350%2C200","width":350,"height":200},"classes":[]},{"id":1779,"url":"https:\/\/www.dalmatiner-sachsen-anhalt.de\/blog\/1779\/","url_meta":{"origin":1370,"position":1},"title":"Urlaubsgr&#252;&#223;e von AMIGO","date":"8. Januar 2010","format":false,"excerpt":"Unser Amigo macht gerade Winterurlaub in D\u00e4nemark. Von dort sendet er Urlaubsg\u00fc\u00dfe und zeigt Mama Hummel und den Geschwistern aus dem A-Wurf, da\u00df er den Schnee ebenso liebt.","rel":"","context":"In &quot;A-Wurf&quot;","img":{"alt_text":"","src":"https:\/\/i0.wp.com\/www.dalmatiner-sachsen-anhalt.de\/blog\/wp-content\/uploads\/2010\/01\/P1050663.jpg?resize=350%2C200","width":350,"height":200},"classes":[]},{"id":1135,"url":"https:\/\/www.dalmatiner-sachsen-anhalt.de\/blog\/1135\/","url_meta":{"origin":1370,"position":2},"title":"Amigo","date":"9. August 2009","format":false,"excerpt":"Unser sch\u00f6ner R\u00fcde AMIGO sucht noch ein liebevolles zu Hause.","rel":"","context":"In &quot;A-Wurf&quot;","img":{"alt_text":"welpen-tag61_2849","src":"https:\/\/i0.wp.com\/www.dalmatiner-sachsen-anhalt.de\/blog\/wp-content\/uploads\/2009\/08\/welpen-tag61_2849-1024x683.jpg?resize=350%2C200","width":350,"height":200},"classes":[]},{"id":2143,"url":"https:\/\/www.dalmatiner-sachsen-anhalt.de\/blog\/2143\/","url_meta":{"origin":1370,"position":3},"title":"Amigo zu Ostern","date":"6. April 2010","format":false,"excerpt":"Ganz spontan war Amigo mit Rudel noch bei uns zu Besuch. Diesmal hatte er seinen Freund Jay Jay of the Watermountains im Schlepptau. Das war f\u00fcr alle eine Riesenfreude.","rel":"","context":"In &quot;A-Wurf&quot;","img":{"alt_text":"","src":"https:\/\/i0.wp.com\/www.dalmatiner-sachsen-anhalt.de\/blog\/wp-content\/uploads\/2010\/04\/IMG_4285-383x255.jpg?resize=350%2C200","width":350,"height":200},"classes":[]},{"id":3547,"url":"https:\/\/www.dalmatiner-sachsen-anhalt.de\/blog\/3547\/","url_meta":{"origin":1370,"position":4},"title":"Herzlichen Gl&#252;ckwunsch A- Wurf!","date":"8. Juni 2011","format":false,"excerpt":"Zum 2. Geburtstag gratulieren wir ganz besonders herzlich unseren stattlichen R\u00fcden Ares, Attila, Amigo, Aaron, Aslan und den sch\u00f6nen H\u00fcndinnen Amelie, Athene und Antonia. La\u00dft Euch heute besonders gut von Euren 2- Beinern verw\u00f6hnen und schickt uns Bilder von Euch! Euer Rudel aus Schermen","rel":"","context":"In &quot;A-Wurf&quot;","img":{"alt_text":"","src":"https:\/\/i0.wp.com\/www.dalmatiner-sachsen-anhalt.de\/blog\/wp-content\/uploads\/2011\/06\/IMG_1450.jpg?resize=350%2C200","width":350,"height":200},"classes":[]},{"id":6103,"url":"https:\/\/www.dalmatiner-sachsen-anhalt.de\/blog\/6103\/","url_meta":{"origin":1370,"position":5},"title":"Athene hat Geburtstag&#8230;","date":"8. Juni 2014","format":false,"excerpt":"\u00a0 ...und sie wird heute 5 Jahre alt. Sie ist die Mutter des C-Wurfes unserer Zuchtst\u00e4tte. Wir gratulieren unserer geliebten Punkte-Maus und ihren Wurfgeschwistern Ares, Attila, Amigo, Aslan, Aaron, Amelie und Antonia <3 Mama Hummel singt ein Geburtstagsst\u00e4ndchen. Anschlie\u00dfend wird gemeinsam gefr\u00fchst\u00fcckt. :-) \u00a0 \u00a0","rel":"","context":"In &quot;A-Wurf&quot;","img":{"alt_text":"IMG_1261-gemeinsames-fruehsteck","src":"https:\/\/i0.wp.com\/www.dalmatiner-sachsen-anhalt.de\/blog\/wp-content\/uploads\/2014\/06\/IMG_1261.jpg?fit=1154%2C768&ssl=1&resize=350%2C200","width":350,"height":200},"classes":[]}],"_links":{"self":[{"href":"https:\/\/www.dalmatiner-sachsen-anhalt.de\/blog\/wp-json\/wp\/v2\/posts\/1370"}],"collection":[{"href":"https:\/\/www.dalmatiner-sachsen-anhalt.de\/blog\/wp-json\/wp\/v2\/posts"}],"about":[{"href":"https:\/\/www.dalmatiner-sachsen-anhalt.de\/blog\/wp-json\/wp\/v2\/types\/post"}],"author":[{"embeddable":true,"href":"https:\/\/www.dalmatiner-sachsen-anhalt.de\/blog\/wp-json\/wp\/v2\/users\/1"}],"replies":[{"embeddable":true,"href":"https:\/\/www.dalmatiner-sachsen-anhalt.de\/blog\/wp-json\/wp\/v2\/comments?post=1370"}],"version-history":[{"count":2,"href":"https:\/\/www.dalmatiner-sachsen-anhalt.de\/blog\/wp-json\/wp\/v2\/posts\/1370\/revisions"}],"predecessor-version":[{"id":1375,"href":"https:\/\/www.dalmatiner-sachsen-anhalt.de\/blog\/wp-json\/wp\/v2\/posts\/1370\/revisions\/1375"}],"wp:attachment":[{"href":"https:\/\/www.dalmatiner-sachsen-anhalt.de\/blog\/wp-json\/wp\/v2\/media?parent=1370"}],"wp:term":[{"taxonomy":"category","embeddable":true,"href":"https:\/\/www.dalmatiner-sachsen-anhalt.de\/blog\/wp-json\/wp\/v2\/categories?post=1370"},{"taxonomy":"post_tag","embeddable":true,"href":"https:\/\/www.dalmatiner-sachsen-anhalt.de\/blog\/wp-json\/wp\/v2\/tags?post=1370"}],"curies":[{"name":"wp","href":"https:\/\/api.w.org\/{rel}","templated":true}]}}