{"id":1607,"date":"2009-12-06T18:29:04","date_gmt":"2009-12-06T17:29:04","guid":{"rendered":"http:\/\/www.dalmatiner-sachsen-anhalt.de\/blog\/?p=1607"},"modified":"2009-12-06T18:32:08","modified_gmt":"2009-12-06T17:32:08","slug":"6-monate-alt","status":"publish","type":"post","link":"https:\/\/www.dalmatiner-sachsen-anhalt.de\/blog\/1607\/","title":{"rendered":"6 Monate alt sind die Welpen nun&#8230;"},"content":{"rendered":"<h3><strong><span style=\"color: #0000ff;\">ARES <\/span><\/strong>ist schon ein richtiger Brocken. Er ist schon gr&#246;&#223;er als seine <strong>Hummel-Mama<\/strong>, und er wiegt &#8211; mit <strong><span style=\"color: #0000ff;\">27,1 kg<\/span><\/strong> &#8211; auch bald soviel wie sie. <strong><span style=\"color: #ff0000;\"><br \/>\nANTONIA <\/span><\/strong>wiegt <strong><span style=\"color: #ff0000;\">23,9 kg <\/span><\/strong>und <strong><span style=\"color: #ff0000;\">ATHENE <\/span>ist ca. 1 kg leichter.<\/strong><\/h3>\n<h3 style=\"text-align: center;\"><a href=\"https:\/\/i0.wp.com\/www.dalmatiner-sachsen-anhalt.de\/blog\/wp-content\/uploads\/2009\/12\/ares-und-hummel.JPG?ssl=1\"><img data-attachment-id=\"1608\" data-permalink=\"https:\/\/www.dalmatiner-sachsen-anhalt.de\/blog\/1607\/ares-und-hummel\/\" data-orig-file=\"https:\/\/i0.wp.com\/www.dalmatiner-sachsen-anhalt.de\/blog\/wp-content\/uploads\/2009\/12\/ares-und-hummel.JPG?fit=1154%2C768&amp;ssl=1\" data-orig-size=\"1154,768\" data-comments-opened=\"1\" data-image-meta=\"{&quot;aperture&quot;:&quot;0&quot;,&quot;credit&quot;:&quot;&quot;,&quot;camera&quot;:&quot;&quot;,&quot;caption&quot;:&quot;&quot;,&quot;created_timestamp&quot;:&quot;0&quot;,&quot;copyright&quot;:&quot;&quot;,&quot;focal_length&quot;:&quot;0&quot;,&quot;iso&quot;:&quot;0&quot;,&quot;shutter_speed&quot;:&quot;0&quot;,&quot;title&quot;:&quot;&quot;}\" data-image-title=\"ares und hummel\" data-image-description=\"\" data-image-caption=\"\" data-medium-file=\"https:\/\/i0.wp.com\/www.dalmatiner-sachsen-anhalt.de\/blog\/wp-content\/uploads\/2009\/12\/ares-und-hummel.JPG?fit=300%2C199&amp;ssl=1\" data-large-file=\"https:\/\/i0.wp.com\/www.dalmatiner-sachsen-anhalt.de\/blog\/wp-content\/uploads\/2009\/12\/ares-und-hummel.JPG?fit=584%2C388&amp;ssl=1\" decoding=\"async\" loading=\"lazy\" class=\"alignright size-large wp-image-1608\" title=\"ares und hummel\" src=\"https:\/\/i0.wp.com\/www.dalmatiner-sachsen-anhalt.de\/blog\/wp-content\/uploads\/2009\/12\/ares-und-hummel-1024x681.jpg?resize=504%2C334&#038;ssl=1\" alt=\"ares und hummel\" width=\"504\" height=\"334\" srcset=\"https:\/\/i0.wp.com\/www.dalmatiner-sachsen-anhalt.de\/blog\/wp-content\/uploads\/2009\/12\/ares-und-hummel.JPG?resize=1024%2C681&amp;ssl=1 1024w, https:\/\/i0.wp.com\/www.dalmatiner-sachsen-anhalt.de\/blog\/wp-content\/uploads\/2009\/12\/ares-und-hummel.JPG?resize=300%2C199&amp;ssl=1 300w, https:\/\/i0.wp.com\/www.dalmatiner-sachsen-anhalt.de\/blog\/wp-content\/uploads\/2009\/12\/ares-und-hummel.JPG?w=1154&amp;ssl=1 1154w\" sizes=\"(max-width: 504px) 100vw, 504px\" data-recalc-dims=\"1\" \/><\/a><\/h3>\n","protected":false},"excerpt":{"rendered":"<p>ARES ist schon ein richtiger Brocken. Er ist schon gr&#246;&#223;er als seine Hummel-Mama, und er wiegt &#8211; mit 27,1 kg &#8211; auch bald soviel wie sie. ANTONIA wiegt 23,9 kg und ATHENE ist ca. 1 kg leichter.<\/p>\n","protected":false},"author":1,"featured_media":0,"comment_status":"open","ping_status":"open","sticky":false,"template":"","format":"standard","meta":{"jetpack_post_was_ever_published":false,"jetpack_publicize_message":"","jetpack_is_tweetstorm":false,"jetpack_publicize_feature_enabled":true,"jetpack_social_post_already_shared":false,"jetpack_social_options":[]},"categories":[13,88,3],"tags":[],"jetpack_publicize_connections":[],"jetpack_featured_media_url":"","jetpack_shortlink":"https:\/\/wp.me\/px1eF-pV","jetpack_sharing_enabled":true,"jetpack_likes_enabled":true,"jetpack-related-posts":[{"id":1229,"url":"https:\/\/www.dalmatiner-sachsen-anhalt.de\/blog\/1229\/","url_meta":{"origin":1607,"position":0},"title":"Ares&#8230;","date":"21. August 2009","format":false,"excerpt":"unser stattlicher \"Brocken\" wiegt jetzt fast 12 kg. Er verl\u00e4\u00dft als vorletzter R\u00fcde unsere Zuchtst\u00e4tte. Wir h\u00e4tten ihn gern selbst behalten, haben aber leider nicht die M\u00f6glichkeit daf\u00fcr.","rel":"","context":"In &quot;A-Wurf&quot;","img":{"alt_text":"welpen-tag74_3568","src":"https:\/\/i0.wp.com\/www.dalmatiner-sachsen-anhalt.de\/blog\/wp-content\/uploads\/2009\/08\/welpen-tag74_3568-1024x683.jpg?resize=350%2C200","width":350,"height":200},"classes":[]},{"id":3391,"url":"https:\/\/www.dalmatiner-sachsen-anhalt.de\/blog\/3391\/","url_meta":{"origin":1607,"position":1},"title":"Therapie- Hund","date":"7. M&auml;rz 2011","format":false,"excerpt":"Bandit von den Sands\u00fccken hat seine Ausbildung zum Therapiehund begonnen. Er befolgt bereits die Kommandos: \"Sitz, Down, Komm und Bleib\". Am Beginn der 12. Lebenswoche wiegt er stolze 11,5 kg. Wir sind schon sehr gespannt darauf zu erfahren, wie sich die Dinge weiterentwickeln. Danke f\u00fcr die Bilder an Claudia und\u2026","rel":"","context":"In &quot;B-Wurf&quot;","img":{"alt_text":"","src":"","width":0,"height":0},"classes":[]},{"id":1363,"url":"https:\/\/www.dalmatiner-sachsen-anhalt.de\/blog\/1363\/","url_meta":{"origin":1607,"position":2},"title":"Was guckst Du?","date":"20. September 2009","format":false,"excerpt":"ANTONIA und ATHENE sind nun schon 104 Tage alt (fast 16 Wochen) und wiegen beide 14 kg. Ihr Bruder ARES - der Brocken - hat schon 17 kg erreicht, ohne jedoch fett zu sein. Er ist einfach ein KRACHER.","rel":"","context":"In &quot;A-Wurf&quot;","img":{"alt_text":"fotoshooting_4200","src":"https:\/\/i0.wp.com\/www.dalmatiner-sachsen-anhalt.de\/blog\/wp-content\/uploads\/2009\/09\/fotoshooting_4200-1024x683.jpg?resize=350%2C200","width":350,"height":200},"classes":[]},{"id":1886,"url":"https:\/\/www.dalmatiner-sachsen-anhalt.de\/blog\/1886\/","url_meta":{"origin":1607,"position":3},"title":"Da steht er&#8230;","date":"13. Februar 2010","format":false,"excerpt":"mitten in unserem Garten - Attila, der \"Sachsenk\u00f6nig\". Attilla ist jetzt 8 Monate alt, wiegt 29,5 kg und hat eine H\u00f6he von ca. 59 cm. Wir wollen ihn zur Rassehundeausstellung in Glauchau, am 20.\/21. Februar 2010, pr\u00e4sentieren und sind schon total gespannt darauf, wie er in der J\u00fcngstenklasse bewertet werden\u2026","rel":"","context":"In &quot;A-Wurf&quot;","img":{"alt_text":"Attila 8 Monate","src":"https:\/\/i0.wp.com\/www.dalmatiner-sachsen-anhalt.de\/blog\/wp-content\/uploads\/2010\/02\/IMG_2991-1024x681.jpg?resize=350%2C200","width":350,"height":200},"classes":[]},{"id":1416,"url":"https:\/\/www.dalmatiner-sachsen-anhalt.de\/blog\/1416\/","url_meta":{"origin":1607,"position":4},"title":"Ares von den Sandst&#252;cken","date":"14. Oktober 2009","format":false,"excerpt":"Hallo, ich bin's, sch\u00f6ne Gr\u00fc\u00dfe von Ares..., ganz in Pose! Hier mach ich es mir sch\u00f6n gem\u00fctlich, au weia..., jetzt kommt Frauchen :-) . Wie Ihr seht, geht es mir prima, nur Frauchen schubst mich immer runter vom Sofa.\u00a0 Daweile riecht es hier so sch\u00f6n nach Herrchen und Frauchen... Ich\u2026","rel":"","context":"In &quot;A-Wurf&quot;","img":{"alt_text":"Ares 17 Wochen","src":"https:\/\/i0.wp.com\/www.dalmatiner-sachsen-anhalt.de\/blog\/wp-content\/uploads\/2009\/10\/Ares-17-Wochen.JPG?resize=350%2C200","width":350,"height":200},"classes":[]},{"id":1238,"url":"https:\/\/www.dalmatiner-sachsen-anhalt.de\/blog\/1238\/","url_meta":{"origin":1607,"position":5},"title":"Tsch&#252;ss Ares","date":"21. August 2009","format":false,"excerpt":"Nun ist es soweit. Unser ARES wechselt den Besitzer. Er wird in liebevolle H\u00e4nde abgegeben und wir bleiben MITBESITZER. Hurra! Wir werden ihn \u00f6fter sehen k\u00f6nnen - das ist toll! Und im September kommt er schon das 1. Mal wieder zu uns - als Urlaubsunterbringung. Bis dann ARES und alles\u2026","rel":"","context":"In &quot;A-Wurf&quot;","img":{"alt_text":"welpen-tag74_3770","src":"https:\/\/i0.wp.com\/www.dalmatiner-sachsen-anhalt.de\/blog\/wp-content\/uploads\/2009\/08\/welpen-tag74_3770-1024x683.jpg?resize=350%2C200","width":350,"height":200},"classes":[]}],"_links":{"self":[{"href":"https:\/\/www.dalmatiner-sachsen-anhalt.de\/blog\/wp-json\/wp\/v2\/posts\/1607"}],"collection":[{"href":"https:\/\/www.dalmatiner-sachsen-anhalt.de\/blog\/wp-json\/wp\/v2\/posts"}],"about":[{"href":"https:\/\/www.dalmatiner-sachsen-anhalt.de\/blog\/wp-json\/wp\/v2\/types\/post"}],"author":[{"embeddable":true,"href":"https:\/\/www.dalmatiner-sachsen-anhalt.de\/blog\/wp-json\/wp\/v2\/users\/1"}],"replies":[{"embeddable":true,"href":"https:\/\/www.dalmatiner-sachsen-anhalt.de\/blog\/wp-json\/wp\/v2\/comments?post=1607"}],"version-history":[{"count":7,"href":"https:\/\/www.dalmatiner-sachsen-anhalt.de\/blog\/wp-json\/wp\/v2\/posts\/1607\/revisions"}],"predecessor-version":[{"id":1615,"href":"https:\/\/www.dalmatiner-sachsen-anhalt.de\/blog\/wp-json\/wp\/v2\/posts\/1607\/revisions\/1615"}],"wp:attachment":[{"href":"https:\/\/www.dalmatiner-sachsen-anhalt.de\/blog\/wp-json\/wp\/v2\/media?parent=1607"}],"wp:term":[{"taxonomy":"category","embeddable":true,"href":"https:\/\/www.dalmatiner-sachsen-anhalt.de\/blog\/wp-json\/wp\/v2\/categories?post=1607"},{"taxonomy":"post_tag","embeddable":true,"href":"https:\/\/www.dalmatiner-sachsen-anhalt.de\/blog\/wp-json\/wp\/v2\/tags?post=1607"}],"curies":[{"name":"wp","href":"https:\/\/api.w.org\/{rel}","templated":true}]}}