{"id":1619,"date":"2009-12-11T17:15:27","date_gmt":"2009-12-11T16:15:27","guid":{"rendered":"http:\/\/www.dalmatiner-sachsen-anhalt.de\/blog\/?p=1619"},"modified":"2009-12-11T20:31:34","modified_gmt":"2009-12-11T19:31:34","slug":"hallo-amelie","status":"publish","type":"post","link":"https:\/\/www.dalmatiner-sachsen-anhalt.de\/blog\/1619\/","title":{"rendered":"Hallo Amelie"},"content":{"rendered":"<h3>Morgen geht es auf die Reise&#8230;<span style=\"color: #ff0000;\">zu Amelie<\/span>&#8230;.endlich sehen wir unsere <span style=\"color: #ff0000;\">kleine Schwester<\/span> wieder!!!\u00a0 Das wird ein <span style=\"color: #ff0000;\">Fest<\/span>!!! Da werden wir erst einmal ordentlich herumtoben und ausprobieren, wer von uns die St&#228;rkere ist. <span style=\"color: #ff0000;\">Wir freuen uns mit den Zweibeinern auf ein tolles Wiedersehen.<br \/>\n<\/span><\/h3>\n<p style=\"text-align: center;\">\n<p style=\"text-align: center;\"><img data-attachment-id=\"1626\" data-permalink=\"https:\/\/www.dalmatiner-sachsen-anhalt.de\/blog\/1619\/amelie-augen\/\" data-orig-file=\"https:\/\/i0.wp.com\/www.dalmatiner-sachsen-anhalt.de\/blog\/wp-content\/uploads\/2009\/12\/amelie-augen.JPG?fit=576%2C111&amp;ssl=1\" data-orig-size=\"576,111\" data-comments-opened=\"1\" data-image-meta=\"{&quot;aperture&quot;:&quot;0&quot;,&quot;credit&quot;:&quot;&quot;,&quot;camera&quot;:&quot;&quot;,&quot;caption&quot;:&quot;&quot;,&quot;created_timestamp&quot;:&quot;0&quot;,&quot;copyright&quot;:&quot;&quot;,&quot;focal_length&quot;:&quot;0&quot;,&quot;iso&quot;:&quot;0&quot;,&quot;shutter_speed&quot;:&quot;0&quot;,&quot;title&quot;:&quot;&quot;}\" data-image-title=\"amelie-augen\" data-image-description=\"\" data-image-caption=\"\" data-medium-file=\"https:\/\/i0.wp.com\/www.dalmatiner-sachsen-anhalt.de\/blog\/wp-content\/uploads\/2009\/12\/amelie-augen.JPG?fit=300%2C57&amp;ssl=1\" data-large-file=\"https:\/\/i0.wp.com\/www.dalmatiner-sachsen-anhalt.de\/blog\/wp-content\/uploads\/2009\/12\/amelie-augen.JPG?fit=576%2C111&amp;ssl=1\" decoding=\"async\" loading=\"lazy\" class=\"size-full wp-image-1626 aligncenter\" title=\"amelie-augen\" src=\"https:\/\/i0.wp.com\/www.dalmatiner-sachsen-anhalt.de\/blog\/wp-content\/uploads\/2009\/12\/amelie-augen.JPG?resize=576%2C111&#038;ssl=1\" alt=\"amelie-augen\" width=\"576\" height=\"111\" srcset=\"https:\/\/i0.wp.com\/www.dalmatiner-sachsen-anhalt.de\/blog\/wp-content\/uploads\/2009\/12\/amelie-augen.JPG?w=576&amp;ssl=1 576w, https:\/\/i0.wp.com\/www.dalmatiner-sachsen-anhalt.de\/blog\/wp-content\/uploads\/2009\/12\/amelie-augen.JPG?resize=300%2C57&amp;ssl=1 300w\" sizes=\"(max-width: 576px) 100vw, 576px\" data-recalc-dims=\"1\" \/><\/p>\n<p>Athene &amp; Antonia<\/p>\n","protected":false},"excerpt":{"rendered":"<p>Morgen geht es auf die Reise&#8230;zu Amelie&#8230;.endlich sehen wir unsere kleine Schwester wieder!!!\u00a0 Das wird ein Fest!!! Da werden wir erst einmal ordentlich herumtoben und ausprobieren, wer von uns die St&#228;rkere ist. Wir freuen uns mit den Zweibeinern auf ein &hellip; <a href=\"https:\/\/www.dalmatiner-sachsen-anhalt.de\/blog\/1619\/\">Continue reading <span class=\"meta-nav\">&rarr;<\/span><\/a><\/p>\n","protected":false},"author":1,"featured_media":0,"comment_status":"open","ping_status":"open","sticky":false,"template":"","format":"standard","meta":{"jetpack_post_was_ever_published":false,"jetpack_publicize_message":"","jetpack_is_tweetstorm":false,"jetpack_publicize_feature_enabled":true,"jetpack_social_post_already_shared":false,"jetpack_social_options":[]},"categories":[13,110,111,112,113,371],"tags":[1290,1291,1292,411,400],"jetpack_publicize_connections":[],"jetpack_featured_media_url":"","jetpack_shortlink":"https:\/\/wp.me\/px1eF-q7","jetpack_sharing_enabled":true,"jetpack_likes_enabled":true,"jetpack-related-posts":[{"id":1628,"url":"https:\/\/www.dalmatiner-sachsen-anhalt.de\/blog\/1628\/","url_meta":{"origin":1619,"position":0},"title":"Ein sehr sch&#246;ner Besuch&#8230;","date":"13. Dezember 2009","format":false,"excerpt":"war das gestern\u00a0 - bei AMELIE und ihren 2-Beinern. Schn\u00fcffeln, Toben, Spielen - das war echt gro\u00dfartig. AMELIE ist eine wundersch\u00f6ne H\u00fcndin geworden. Danke an Fam. Johanns f\u00fcr die Gastfreundschaft. Wir freuen uns auf ein Wiedersehen.","rel":"","context":"In &quot;A-Wurf&quot;","img":{"alt_text":"","src":"https:\/\/i0.wp.com\/www.dalmatiner-sachsen-anhalt.de\/blog\/wp-content\/uploads\/2009\/12\/IMG_1070-383x255.jpg?resize=350%2C200","width":350,"height":200},"classes":[]},{"id":3547,"url":"https:\/\/www.dalmatiner-sachsen-anhalt.de\/blog\/3547\/","url_meta":{"origin":1619,"position":1},"title":"Herzlichen Gl&#252;ckwunsch A- Wurf!","date":"8. Juni 2011","format":false,"excerpt":"Zum 2. Geburtstag gratulieren wir ganz besonders herzlich unseren stattlichen R\u00fcden Ares, Attila, Amigo, Aaron, Aslan und den sch\u00f6nen H\u00fcndinnen Amelie, Athene und Antonia. La\u00dft Euch heute besonders gut von Euren 2- Beinern verw\u00f6hnen und schickt uns Bilder von Euch! Euer Rudel aus Schermen","rel":"","context":"In &quot;A-Wurf&quot;","img":{"alt_text":"","src":"https:\/\/i0.wp.com\/www.dalmatiner-sachsen-anhalt.de\/blog\/wp-content\/uploads\/2011\/06\/IMG_1450.jpg?resize=350%2C200","width":350,"height":200},"classes":[]},{"id":6824,"url":"https:\/\/www.dalmatiner-sachsen-anhalt.de\/blog\/6824\/","url_meta":{"origin":1619,"position":2},"title":"Herzliche Gl&#252;ckw&#252;nsche&#8230;","date":"8. Juni 2018","format":false,"excerpt":"\u00a0 gehen auf die Reise zu Ares, Amigo, Aslan, Aaron, Attila, Antonia, Amelie und Athene von den Sandst\u00fccken. Der A-Wurf wird heute 9 Jahre alt. La\u00dft Euch sch\u00f6n verw\u00f6hnen, Ihr Fellnasen.","rel":"","context":"In &quot;A-Wurf&quot;","img":{"alt_text":"A-Wurf Tag 47","src":"https:\/\/i0.wp.com\/www.dalmatiner-sachsen-anhalt.de\/blog\/wp-content\/uploads\/2018\/06\/welpen-tag47_1799-1024x684.jpg?resize=350%2C200","width":350,"height":200},"classes":[]},{"id":4214,"url":"https:\/\/www.dalmatiner-sachsen-anhalt.de\/blog\/4214\/","url_meta":{"origin":1619,"position":3},"title":"Der A- Wurf vdS wird 3","date":"8. Juni 2012","format":false,"excerpt":"Zum 3. Geburtstag w\u00fcnschen wir Athene, Antonia, Amelie, Aslan, Attila, Aaron, Ares und Amigo alles Gute. Habt einen sch\u00f6nen Tag und la\u00dft Euch heute ganz besonders gut verw\u00f6hnen. Euer Schermener Rudel","rel":"","context":"In &quot;Aaron&quot;","img":{"alt_text":"","src":"https:\/\/i0.wp.com\/www.dalmatiner-sachsen-anhalt.de\/blog\/wp-content\/uploads\/2012\/06\/2012-06-07_athene-vdS_0870.jpg?fit=1154%2C768&ssl=1&resize=350%2C200","width":350,"height":200},"classes":[]},{"id":6103,"url":"https:\/\/www.dalmatiner-sachsen-anhalt.de\/blog\/6103\/","url_meta":{"origin":1619,"position":4},"title":"Athene hat Geburtstag&#8230;","date":"8. Juni 2014","format":false,"excerpt":"\u00a0 ...und sie wird heute 5 Jahre alt. Sie ist die Mutter des C-Wurfes unserer Zuchtst\u00e4tte. Wir gratulieren unserer geliebten Punkte-Maus und ihren Wurfgeschwistern Ares, Attila, Amigo, Aslan, Aaron, Amelie und Antonia <3 Mama Hummel singt ein Geburtstagsst\u00e4ndchen. Anschlie\u00dfend wird gemeinsam gefr\u00fchst\u00fcckt. :-) \u00a0 \u00a0","rel":"","context":"In &quot;A-Wurf&quot;","img":{"alt_text":"IMG_1261-gemeinsames-fruehsteck","src":"https:\/\/i0.wp.com\/www.dalmatiner-sachsen-anhalt.de\/blog\/wp-content\/uploads\/2014\/06\/IMG_1261.jpg?fit=1154%2C768&ssl=1&resize=350%2C200","width":350,"height":200},"classes":[]},{"id":5603,"url":"https:\/\/www.dalmatiner-sachsen-anhalt.de\/blog\/5603\/","url_meta":{"origin":1619,"position":5},"title":"Happy birthday A-chen von den Sandst&#252;cken!!!","date":"8. Juni 2013","format":false,"excerpt":"Heute vor vier Jahren ist unser A-Wurf von den Sandst\u00fccken geboren, der Beginn einer wunderbaren Zeit. Wir haben seither viele liebe Menschen kennengelernt und zwanzig Welpen aufgezogen. Viele von ihnen sehen wir in regelm\u00e4\u00dfigen Abst\u00e4nden und freuen uns wie gut sie sich entwickelt haben. Vielen Dank daf\u00fcr an ihre Besitzer!\u2026","rel":"","context":"In &quot;A-Wurf&quot;","img":{"alt_text":"A-Wurf 12.Tag","src":"https:\/\/i0.wp.com\/www.dalmatiner-sachsen-anhalt.de\/blog\/wp-content\/uploads\/2011\/06\/IMG_1450-1024x768.jpg?resize=350%2C200","width":350,"height":200},"classes":[]}],"_links":{"self":[{"href":"https:\/\/www.dalmatiner-sachsen-anhalt.de\/blog\/wp-json\/wp\/v2\/posts\/1619"}],"collection":[{"href":"https:\/\/www.dalmatiner-sachsen-anhalt.de\/blog\/wp-json\/wp\/v2\/posts"}],"about":[{"href":"https:\/\/www.dalmatiner-sachsen-anhalt.de\/blog\/wp-json\/wp\/v2\/types\/post"}],"author":[{"embeddable":true,"href":"https:\/\/www.dalmatiner-sachsen-anhalt.de\/blog\/wp-json\/wp\/v2\/users\/1"}],"replies":[{"embeddable":true,"href":"https:\/\/www.dalmatiner-sachsen-anhalt.de\/blog\/wp-json\/wp\/v2\/comments?post=1619"}],"version-history":[{"count":6,"href":"https:\/\/www.dalmatiner-sachsen-anhalt.de\/blog\/wp-json\/wp\/v2\/posts\/1619\/revisions"}],"predecessor-version":[{"id":1624,"href":"https:\/\/www.dalmatiner-sachsen-anhalt.de\/blog\/wp-json\/wp\/v2\/posts\/1619\/revisions\/1624"}],"wp:attachment":[{"href":"https:\/\/www.dalmatiner-sachsen-anhalt.de\/blog\/wp-json\/wp\/v2\/media?parent=1619"}],"wp:term":[{"taxonomy":"category","embeddable":true,"href":"https:\/\/www.dalmatiner-sachsen-anhalt.de\/blog\/wp-json\/wp\/v2\/categories?post=1619"},{"taxonomy":"post_tag","embeddable":true,"href":"https:\/\/www.dalmatiner-sachsen-anhalt.de\/blog\/wp-json\/wp\/v2\/tags?post=1619"}],"curies":[{"name":"wp","href":"https:\/\/api.w.org\/{rel}","templated":true}]}}