{"id":1638,"date":"2009-12-18T23:21:06","date_gmt":"2009-12-18T22:21:06","guid":{"rendered":"http:\/\/www.dalmatiner-sachsen-anhalt.de\/blog\/?p=1638"},"modified":"2009-12-18T23:23:54","modified_gmt":"2009-12-18T22:23:54","slug":"erster-schnee","status":"publish","type":"post","link":"https:\/\/www.dalmatiner-sachsen-anhalt.de\/blog\/1638\/","title":{"rendered":"Erster Schnee"},"content":{"rendered":"<h3>Es ist der <strong>1. Winter f&#252;r den A- Wurf<\/strong>. <strong><span style=\"color: #ff0000;\">ANTONIA <\/span><\/strong>fragt sich wohl, was das f&#252;r <strong>weisses Zeug<\/strong> ist, dass da vom Himmel fiel?<\/h3>\n<p style=\"text-align: center;\"><img data-attachment-id=\"1639\" data-permalink=\"https:\/\/www.dalmatiner-sachsen-anhalt.de\/blog\/1638\/img_1252\/\" data-orig-file=\"https:\/\/i0.wp.com\/www.dalmatiner-sachsen-anhalt.de\/blog\/wp-content\/uploads\/2009\/12\/IMG_1252.JPG?fit=1154%2C768&amp;ssl=1\" data-orig-size=\"1154,768\" data-comments-opened=\"1\" data-image-meta=\"{&quot;aperture&quot;:&quot;0&quot;,&quot;credit&quot;:&quot;&quot;,&quot;camera&quot;:&quot;&quot;,&quot;caption&quot;:&quot;&quot;,&quot;created_timestamp&quot;:&quot;0&quot;,&quot;copyright&quot;:&quot;&quot;,&quot;focal_length&quot;:&quot;0&quot;,&quot;iso&quot;:&quot;0&quot;,&quot;shutter_speed&quot;:&quot;0&quot;,&quot;title&quot;:&quot;&quot;}\" data-image-title=\"Winter\" data-image-description=\"\" data-image-caption=\"\" data-medium-file=\"https:\/\/i0.wp.com\/www.dalmatiner-sachsen-anhalt.de\/blog\/wp-content\/uploads\/2009\/12\/IMG_1252.JPG?fit=300%2C199&amp;ssl=1\" data-large-file=\"https:\/\/i0.wp.com\/www.dalmatiner-sachsen-anhalt.de\/blog\/wp-content\/uploads\/2009\/12\/IMG_1252.JPG?fit=584%2C388&amp;ssl=1\" decoding=\"async\" loading=\"lazy\" class=\"size-large wp-image-1639 aligncenter\" title=\"Winter\" src=\"https:\/\/i0.wp.com\/www.dalmatiner-sachsen-anhalt.de\/blog\/wp-content\/uploads\/2009\/12\/IMG_1252-1024x681.jpg?resize=503%2C334&#038;ssl=1\" alt=\"Winter\" width=\"503\" height=\"334\" srcset=\"https:\/\/i0.wp.com\/www.dalmatiner-sachsen-anhalt.de\/blog\/wp-content\/uploads\/2009\/12\/IMG_1252.JPG?resize=1024%2C681&amp;ssl=1 1024w, https:\/\/i0.wp.com\/www.dalmatiner-sachsen-anhalt.de\/blog\/wp-content\/uploads\/2009\/12\/IMG_1252.JPG?resize=300%2C199&amp;ssl=1 300w, https:\/\/i0.wp.com\/www.dalmatiner-sachsen-anhalt.de\/blog\/wp-content\/uploads\/2009\/12\/IMG_1252.JPG?w=1154&amp;ssl=1 1154w\" sizes=\"(max-width: 503px) 100vw, 503px\" data-recalc-dims=\"1\" \/><\/p>\n","protected":false},"excerpt":{"rendered":"<p>Es ist der 1. Winter f&#252;r den A- Wurf. ANTONIA fragt sich wohl, was das f&#252;r weisses Zeug ist, dass da vom Himmel fiel?<\/p>\n","protected":false},"author":1,"featured_media":0,"comment_status":"open","ping_status":"open","sticky":false,"template":"","format":"standard","meta":{"jetpack_post_was_ever_published":false,"jetpack_publicize_message":"","jetpack_is_tweetstorm":false,"jetpack_publicize_feature_enabled":true,"jetpack_social_post_already_shared":false,"jetpack_social_options":[]},"categories":[1,111],"tags":[1291,35,456,388,455,400,454],"jetpack_publicize_connections":[],"jetpack_featured_media_url":"","jetpack_shortlink":"https:\/\/wp.me\/px1eF-qq","jetpack_sharing_enabled":true,"jetpack_likes_enabled":true,"jetpack-related-posts":[{"id":1649,"url":"https:\/\/www.dalmatiner-sachsen-anhalt.de\/blog\/1649\/","url_meta":{"origin":1638,"position":0},"title":"Antonia im Schnee","date":"21. Dezember 2009","format":false,"excerpt":"Auch heute hat es ANTONIA wieder gut gefallen, im Schnee zu toben.","rel":"","context":"In &quot;A-Wurf&quot;","img":{"alt_text":"","src":"https:\/\/i0.wp.com\/www.dalmatiner-sachsen-anhalt.de\/blog\/wp-content\/uploads\/2009\/12\/IMG_1339-1024x681.jpg?resize=350%2C200","width":350,"height":200},"classes":[]},{"id":5144,"url":"https:\/\/www.dalmatiner-sachsen-anhalt.de\/blog\/5144\/","url_meta":{"origin":1638,"position":1},"title":"Besuch und Schnee","date":"10. M&auml;rz 2013","format":"gallery","excerpt":"\u00a0 \u00dcber Nacht hat es geschneit - der Winter kommt zur\u00fcck. Jetzt werden aus Sandst\u00fcckchen - Schneest\u00fcckchen. Heute kam auch Besuch f\u00fcr die Welpen - und zwar: die Sandst\u00fccken Amigo, Antonia und Ares sowie Kumpel Aaron.","rel":"","context":"In &quot;A-Wurf&quot;","img":{"alt_text":"","src":"https:\/\/i0.wp.com\/www.dalmatiner-sachsen-anhalt.de\/blog\/wp-content\/uploads\/2013\/03\/dalmatiner-welpen-vds-tag44-besuch_2051.jpg?fit=1024%2C768&ssl=1&resize=350%2C200","width":350,"height":200},"classes":[]},{"id":1652,"url":"https:\/\/www.dalmatiner-sachsen-anhalt.de\/blog\/1652\/","url_meta":{"origin":1638,"position":2},"title":"Leise&#8230;","date":"21. Dezember 2009","format":false,"excerpt":"...fl\u00fcstern ANTONIA und ATHENE ihrem Frauchen ins Ohr, welchen Festtagsbraten sie sich zu Weihnachten w\u00fcnschen.","rel":"","context":"In &quot;A-Wurf&quot;","img":{"alt_text":"wunschessen","src":"https:\/\/i0.wp.com\/www.dalmatiner-sachsen-anhalt.de\/blog\/wp-content\/uploads\/2009\/12\/IMG_1279-1024x681.jpg?resize=350%2C200","width":350,"height":200},"classes":[]},{"id":1520,"url":"https:\/\/www.dalmatiner-sachsen-anhalt.de\/blog\/1520\/","url_meta":{"origin":1638,"position":3},"title":"In der R&#252;pelgruppe","date":"15. November 2009","format":false,"excerpt":"...war ANTONIA heute allein. ATHENE konnte leider nicht mit, da die 2-Beiner alle krank sind. ANTONIA wollte gern spielen, schn\u00fcffeln und toben. Doch es gab nur Leinenf\u00fchrigkeit und Unterordnung. Sie hat es aber dennoch gut gemacht. ANTONIA blieb sitzen.","rel":"","context":"In &quot;A-Wurf&quot;","img":{"alt_text":"Unterordnung Antonia","src":"https:\/\/i0.wp.com\/www.dalmatiner-sachsen-anhalt.de\/blog\/wp-content\/uploads\/2009\/11\/Unterordnung-IMG_2055.JPG?resize=350%2C200","width":350,"height":200},"classes":[]},{"id":2314,"url":"https:\/\/www.dalmatiner-sachsen-anhalt.de\/blog\/2314\/","url_meta":{"origin":1638,"position":4},"title":"Antonia von den Sandst&#252;cken","date":"31. Mai 2010","format":false,"excerpt":"Antonia wurde durch ihre Besitzer das 1. Mal bei der LGA in Mittweida ausgestellt und erhielt die Bewertung \u201cgut\u201d. Wir danken ihnen daf\u00fcr, da\u00df sie sich \"getraut\" haben. Macht weiter so! Moritz mit Antonia von den Sandst\u00fccken","rel":"","context":"In &quot;A-Wurf&quot;","img":{"alt_text":"antonia sg mittweida","src":"https:\/\/i0.wp.com\/www.dalmatiner-sachsen-anhalt.de\/blog\/wp-content\/uploads\/2010\/05\/IMG_6663-1024x681.jpg?resize=350%2C200","width":350,"height":200},"classes":[]},{"id":600,"url":"https:\/\/www.dalmatiner-sachsen-anhalt.de\/blog\/600\/","url_meta":{"origin":1638,"position":5},"title":"Antonia","date":"15. Juni 2009","format":false,"excerpt":"Ich bin Antonia, die 7. und wog bei der Geburt stattliche 420 g.","rel":"","context":"In &quot;A-Wurf&quot;","img":{"alt_text":"Antonia","src":"https:\/\/i0.wp.com\/www.dalmatiner-sachsen-anhalt.de\/blog\/wp-content\/uploads\/2009\/06\/Antonia.JPG?resize=350%2C200","width":350,"height":200},"classes":[]}],"_links":{"self":[{"href":"https:\/\/www.dalmatiner-sachsen-anhalt.de\/blog\/wp-json\/wp\/v2\/posts\/1638"}],"collection":[{"href":"https:\/\/www.dalmatiner-sachsen-anhalt.de\/blog\/wp-json\/wp\/v2\/posts"}],"about":[{"href":"https:\/\/www.dalmatiner-sachsen-anhalt.de\/blog\/wp-json\/wp\/v2\/types\/post"}],"author":[{"embeddable":true,"href":"https:\/\/www.dalmatiner-sachsen-anhalt.de\/blog\/wp-json\/wp\/v2\/users\/1"}],"replies":[{"embeddable":true,"href":"https:\/\/www.dalmatiner-sachsen-anhalt.de\/blog\/wp-json\/wp\/v2\/comments?post=1638"}],"version-history":[{"count":5,"href":"https:\/\/www.dalmatiner-sachsen-anhalt.de\/blog\/wp-json\/wp\/v2\/posts\/1638\/revisions"}],"predecessor-version":[{"id":1641,"href":"https:\/\/www.dalmatiner-sachsen-anhalt.de\/blog\/wp-json\/wp\/v2\/posts\/1638\/revisions\/1641"}],"wp:attachment":[{"href":"https:\/\/www.dalmatiner-sachsen-anhalt.de\/blog\/wp-json\/wp\/v2\/media?parent=1638"}],"wp:term":[{"taxonomy":"category","embeddable":true,"href":"https:\/\/www.dalmatiner-sachsen-anhalt.de\/blog\/wp-json\/wp\/v2\/categories?post=1638"},{"taxonomy":"post_tag","embeddable":true,"href":"https:\/\/www.dalmatiner-sachsen-anhalt.de\/blog\/wp-json\/wp\/v2\/tags?post=1638"}],"curies":[{"name":"wp","href":"https:\/\/api.w.org\/{rel}","templated":true}]}}