{"id":172,"date":"2009-05-24T14:27:46","date_gmt":"2009-05-24T12:27:46","guid":{"rendered":"http:\/\/www.dalmatiner-sachsen-anhalt.de\/blog\/?p=172"},"modified":"2009-05-28T05:12:59","modified_gmt":"2009-05-28T03:12:59","slug":"49-tag","status":"publish","type":"post","link":"https:\/\/www.dalmatiner-sachsen-anhalt.de\/blog\/172\/","title":{"rendered":"49. Tag"},"content":{"rendered":"<p style=\"text-align: center;\"><a href=\"https:\/\/i0.wp.com\/www.dalmatiner-sachsen-anhalt.de\/blog\/wp-content\/uploads\/2009\/05\/dalmatiner-hummel-tag49.jpg?ssl=1\"><img data-attachment-id=\"171\" data-permalink=\"https:\/\/www.dalmatiner-sachsen-anhalt.de\/blog\/172\/dalmatiner-hummel-tag49\/\" data-orig-file=\"https:\/\/i0.wp.com\/www.dalmatiner-sachsen-anhalt.de\/blog\/wp-content\/uploads\/2009\/05\/dalmatiner-hummel-tag49.jpg?fit=640%2C480&amp;ssl=1\" data-orig-size=\"640,480\" data-comments-opened=\"1\" data-image-meta=\"{&quot;aperture&quot;:&quot;0&quot;,&quot;credit&quot;:&quot;&quot;,&quot;camera&quot;:&quot;&quot;,&quot;caption&quot;:&quot;&quot;,&quot;created_timestamp&quot;:&quot;0&quot;,&quot;copyright&quot;:&quot;&quot;,&quot;focal_length&quot;:&quot;0&quot;,&quot;iso&quot;:&quot;0&quot;,&quot;shutter_speed&quot;:&quot;0&quot;,&quot;title&quot;:&quot;&quot;}\" data-image-title=\"dalmatiner-hummel-tag49\" data-image-description=\"\" data-image-caption=\"\" data-medium-file=\"https:\/\/i0.wp.com\/www.dalmatiner-sachsen-anhalt.de\/blog\/wp-content\/uploads\/2009\/05\/dalmatiner-hummel-tag49.jpg?fit=300%2C225&amp;ssl=1\" data-large-file=\"https:\/\/i0.wp.com\/www.dalmatiner-sachsen-anhalt.de\/blog\/wp-content\/uploads\/2009\/05\/dalmatiner-hummel-tag49.jpg?fit=584%2C438&amp;ssl=1\" decoding=\"async\" loading=\"lazy\" class=\"size-full wp-image-171 aligncenter\" title=\"dalmatiner-hummel-tag49\" src=\"https:\/\/i0.wp.com\/www.dalmatiner-sachsen-anhalt.de\/blog\/wp-content\/uploads\/2009\/05\/dalmatiner-hummel-tag49.jpg?resize=500%2C375&#038;ssl=1\" alt=\"dalmatiner-hummel-tag49\" width=\"500\" height=\"375\" srcset=\"https:\/\/i0.wp.com\/www.dalmatiner-sachsen-anhalt.de\/blog\/wp-content\/uploads\/2009\/05\/dalmatiner-hummel-tag49.jpg?w=640&amp;ssl=1 640w, https:\/\/i0.wp.com\/www.dalmatiner-sachsen-anhalt.de\/blog\/wp-content\/uploads\/2009\/05\/dalmatiner-hummel-tag49.jpg?resize=300%2C225&amp;ssl=1 300w\" sizes=\"(max-width: 500px) 100vw, 500px\" data-recalc-dims=\"1\" \/><\/a><\/p>\n<h3 style=\"text-align: center;\"><span style=\"color: #993300;\">Unsere H&#252;ndin &#8220;Hummel vom Magdeburger Domfelsen&#8221; &#8211; am 49. Tag der Tr&#228;chtigkeit.<\/span><\/h3>\n<p style=\"text-align: left;\"><span style=\"text-decoration: underline;\"><span style=\"color: #993300;\">Mehr Info&#8217;s im Tagebuch:<\/span><\/span><\/p>\n<div id=\"attachment_175\" style=\"width: 160px\" class=\"wp-caption alignnone\"><a href=\"http:\/\/axeldalmi.wordpress.com\/\" target=\"_blank\"><img aria-describedby=\"caption-attachment-175\" data-attachment-id=\"175\" data-permalink=\"https:\/\/www.dalmatiner-sachsen-anhalt.de\/blog\/172\/hummels-blog\/\" data-orig-file=\"https:\/\/i0.wp.com\/www.dalmatiner-sachsen-anhalt.de\/blog\/wp-content\/uploads\/2009\/05\/hummels-blog.jpg?fit=720%2C540&amp;ssl=1\" data-orig-size=\"720,540\" data-comments-opened=\"1\" data-image-meta=\"{&quot;aperture&quot;:&quot;0&quot;,&quot;credit&quot;:&quot;&quot;,&quot;camera&quot;:&quot;&quot;,&quot;caption&quot;:&quot;&quot;,&quot;created_timestamp&quot;:&quot;0&quot;,&quot;copyright&quot;:&quot;&quot;,&quot;focal_length&quot;:&quot;0&quot;,&quot;iso&quot;:&quot;0&quot;,&quot;shutter_speed&quot;:&quot;0&quot;,&quot;title&quot;:&quot;&quot;}\" data-image-title=\"hummels-blog\" data-image-description=\"\" data-image-caption=\"&lt;p&gt;Hummels Blog&lt;\/p&gt;\n\" data-medium-file=\"https:\/\/i0.wp.com\/www.dalmatiner-sachsen-anhalt.de\/blog\/wp-content\/uploads\/2009\/05\/hummels-blog.jpg?fit=300%2C225&amp;ssl=1\" data-large-file=\"https:\/\/i0.wp.com\/www.dalmatiner-sachsen-anhalt.de\/blog\/wp-content\/uploads\/2009\/05\/hummels-blog.jpg?fit=584%2C438&amp;ssl=1\" decoding=\"async\" loading=\"lazy\" class=\"size-thumbnail wp-image-175\" title=\"hummels-blog\" src=\"https:\/\/i0.wp.com\/www.dalmatiner-sachsen-anhalt.de\/blog\/wp-content\/uploads\/2009\/05\/hummels-blog.jpg?resize=150%2C150&#038;ssl=1\" alt=\"Hummels Blog\" width=\"150\" height=\"150\" srcset=\"https:\/\/i0.wp.com\/www.dalmatiner-sachsen-anhalt.de\/blog\/wp-content\/uploads\/2009\/05\/hummels-blog.jpg?resize=150%2C150&amp;ssl=1 150w, https:\/\/i0.wp.com\/www.dalmatiner-sachsen-anhalt.de\/blog\/wp-content\/uploads\/2009\/05\/hummels-blog.jpg?zoom=2&amp;resize=150%2C150&amp;ssl=1 300w, https:\/\/i0.wp.com\/www.dalmatiner-sachsen-anhalt.de\/blog\/wp-content\/uploads\/2009\/05\/hummels-blog.jpg?zoom=3&amp;resize=150%2C150&amp;ssl=1 450w\" sizes=\"(max-width: 150px) 100vw, 150px\" data-recalc-dims=\"1\" \/><\/a><p id=\"caption-attachment-175\" class=\"wp-caption-text\">Hummels Blog<\/p><\/div>\n","protected":false},"excerpt":{"rendered":"<p>Unsere H&#252;ndin &#8220;Hummel vom Magdeburger Domfelsen&#8221; &#8211; am 49. Tag der Tr&#228;chtigkeit. Mehr Info&#8217;s im Tagebuch:<\/p>\n","protected":false},"author":1,"featured_media":0,"comment_status":"open","ping_status":"open","sticky":false,"template":"","format":"standard","meta":{"jetpack_post_was_ever_published":false,"jetpack_publicize_message":"","jetpack_is_tweetstorm":false,"jetpack_publicize_feature_enabled":true,"jetpack_social_post_already_shared":false,"jetpack_social_options":[]},"categories":[1,16],"tags":[73,35,48,10,75,74],"jetpack_publicize_connections":[],"jetpack_featured_media_url":"","jetpack_shortlink":"https:\/\/wp.me\/px1eF-2M","jetpack_sharing_enabled":true,"jetpack_likes_enabled":true,"jetpack-related-posts":[{"id":2733,"url":"https:\/\/www.dalmatiner-sachsen-anhalt.de\/blog\/2733\/","url_meta":{"origin":172,"position":0},"title":"Gr&#252;&#223;e aus dem Hummel-Bauch","date":"17. November 2010","format":false,"excerpt":"Auf dem Ultraschall-Video\u00a0 sind die B-chens bereits zu erkennen - am 30. Tag der Tr\u00e4chtigkeit unserer Zuchth\u00fcndin Hummel vom Magdeburger Domfelsen. Ab dem Wurftag werden wir auf diesen Seiten st\u00e4ndig \u00fcber die Entwicklung der Fleckenzwerge berichten - in Wort und Bild.","rel":"","context":"In &quot;B-Wurf&quot;","img":{"alt_text":"","src":"","width":0,"height":0},"classes":[]},{"id":4572,"url":"https:\/\/www.dalmatiner-sachsen-anhalt.de\/blog\/4572\/","url_meta":{"origin":172,"position":1},"title":"46. Tag Tr&#228;chtigkeit   Athene &#038; Merlin","date":"6. Januar 2013","format":false,"excerpt":"Sechzehn Tage vor dem errechneten Wurftermin kam das gro\u00dfe R\u00e4umen. Weihnachtsbaum raus, Wurfkiste rein in die gute Stube. Hummel und Athene haben das Treiben mit gro\u00dfem Interesse verfolgt und die Wurfkiste mit Wohlgefallen gemeinsam in Besitz genommen. There are sixteen days until the date of farrowing. We exchange the Christmas\u2026","rel":"","context":"In &quot;A-Wurf&quot;","img":{"alt_text":"","src":"https:\/\/i0.wp.com\/www.dalmatiner-sachsen-anhalt.de\/blog\/wp-content\/uploads\/2013\/01\/IMG_9865-383x255.jpg?resize=350%2C200","width":350,"height":200},"classes":[]},{"id":4479,"url":"https:\/\/www.dalmatiner-sachsen-anhalt.de\/blog\/4479\/","url_meta":{"origin":172,"position":2},"title":"27. Tag der Tr&#228;chtigkeit","date":"18. Dezember 2012","format":false,"excerpt":"Hier erh\u00e4lt unsere Athene von \"Kuschel-Monster\" Axel eine Bauchmassage. sie genie\u00dft es sehr.","rel":"","context":"In &quot;Athene&quot;","img":{"alt_text":"","src":"","width":0,"height":0},"classes":[]},{"id":3262,"url":"https:\/\/www.dalmatiner-sachsen-anhalt.de\/blog\/3262\/","url_meta":{"origin":172,"position":3},"title":"Frischfleisch","date":"5. Februar 2011","format":false,"excerpt":"Heute gab es ein gesundes und leckeres Fr\u00fchst\u00fcck. Mama Hummel und auch Athene haben ihren Bl\u00e4ttermagen zu den Welpen getragen. Und wie lecker die kleinen Fleckenzwerge dies fanden, kann man auf dem Video anschauen. Viel Spa\u00df!","rel":"","context":"In &quot;B-Wurf&quot;","img":{"alt_text":"","src":"","width":0,"height":0},"classes":[]},{"id":6910,"url":"https:\/\/www.dalmatiner-sachsen-anhalt.de\/blog\/6910\/","url_meta":{"origin":172,"position":4},"title":"Lebe Wohl Hummel","date":"1. Mai 2019","format":false,"excerpt":"\u00a0SANDSTUECKEN-DALMATINER Kein Tag f\u00fcr Wunder\u00a030. April 2019 Heute war kein Tag an dem Wunder geschehen. Hummel vom Magdeburger Domfelsen \u2013 unsere 1. Zuchth\u00fcndin \u2013 hat es leider nicht geschafft \u2013 danke f\u00fcr euer Daumen und Pfotendr\u00fccken, aber wir mussten den Kampf aufgeben und unsere geliebte Hummel schweren Herzens gehen lassen.\u2026","rel":"","context":"In &quot;Hummel vMD&quot;","img":{"alt_text":"","src":"https:\/\/i0.wp.com\/www.dalmatiner-sachsen-anhalt.de\/blog\/wp-content\/uploads\/2015\/06\/FelixIMG_3596.jpg?fit=1154%2C768&ssl=1&resize=350%2C200","width":350,"height":200},"classes":[]},{"id":4631,"url":"https:\/\/www.dalmatiner-sachsen-anhalt.de\/blog\/4631\/","url_meta":{"origin":172,"position":5},"title":"61. Tag der Tr&#228;chtigkeit: 90 %","date":"22. Januar 2013","format":false,"excerpt":"\u00a0 Athene war am 61. Tag ihrer Tr\u00e4chtigkeit (gestern) auf Nestsuche hinter dem Haus.","rel":"","context":"In &quot;Athene&quot;","img":{"alt_text":"","src":"https:\/\/i0.wp.com\/www.dalmatiner-sachsen-anhalt.de\/blog\/wp-content\/uploads\/2013\/01\/dalmatiner-athene-traechtig-tag62_1093-382x287.jpg?resize=350%2C200","width":350,"height":200},"classes":[]}],"_links":{"self":[{"href":"https:\/\/www.dalmatiner-sachsen-anhalt.de\/blog\/wp-json\/wp\/v2\/posts\/172"}],"collection":[{"href":"https:\/\/www.dalmatiner-sachsen-anhalt.de\/blog\/wp-json\/wp\/v2\/posts"}],"about":[{"href":"https:\/\/www.dalmatiner-sachsen-anhalt.de\/blog\/wp-json\/wp\/v2\/types\/post"}],"author":[{"embeddable":true,"href":"https:\/\/www.dalmatiner-sachsen-anhalt.de\/blog\/wp-json\/wp\/v2\/users\/1"}],"replies":[{"embeddable":true,"href":"https:\/\/www.dalmatiner-sachsen-anhalt.de\/blog\/wp-json\/wp\/v2\/comments?post=172"}],"version-history":[{"count":10,"href":"https:\/\/www.dalmatiner-sachsen-anhalt.de\/blog\/wp-json\/wp\/v2\/posts\/172\/revisions"}],"predecessor-version":[{"id":174,"href":"https:\/\/www.dalmatiner-sachsen-anhalt.de\/blog\/wp-json\/wp\/v2\/posts\/172\/revisions\/174"}],"wp:attachment":[{"href":"https:\/\/www.dalmatiner-sachsen-anhalt.de\/blog\/wp-json\/wp\/v2\/media?parent=172"}],"wp:term":[{"taxonomy":"category","embeddable":true,"href":"https:\/\/www.dalmatiner-sachsen-anhalt.de\/blog\/wp-json\/wp\/v2\/categories?post=172"},{"taxonomy":"post_tag","embeddable":true,"href":"https:\/\/www.dalmatiner-sachsen-anhalt.de\/blog\/wp-json\/wp\/v2\/tags?post=172"}],"curies":[{"name":"wp","href":"https:\/\/api.w.org\/{rel}","templated":true}]}}