{"id":194,"date":"2009-05-25T22:10:07","date_gmt":"2009-05-25T20:10:07","guid":{"rendered":"http:\/\/www.dalmatiner-sachsen-anhalt.de\/blog\/?p=194"},"modified":"2009-05-28T06:11:48","modified_gmt":"2009-05-28T04:11:48","slug":"einzug-in-die-wurfkiste-am-50-tag","status":"publish","type":"post","link":"https:\/\/www.dalmatiner-sachsen-anhalt.de\/blog\/194\/","title":{"rendered":"Einzug in die Wurfkiste am 50. Tag"},"content":{"rendered":"<p style=\"text-align: center;\"><a href=\"https:\/\/i0.wp.com\/www.dalmatiner-sachsen-anhalt.de\/blog\/wp-content\/uploads\/2009\/05\/dalmatiner-wurfkiste.jpg?ssl=1\" target=\"_blank\"><img data-attachment-id=\"193\" data-permalink=\"https:\/\/www.dalmatiner-sachsen-anhalt.de\/blog\/194\/dalmatiner-wurfkiste\/\" data-orig-file=\"https:\/\/i0.wp.com\/www.dalmatiner-sachsen-anhalt.de\/blog\/wp-content\/uploads\/2009\/05\/dalmatiner-wurfkiste.jpg?fit=720%2C480&amp;ssl=1\" data-orig-size=\"720,480\" data-comments-opened=\"1\" data-image-meta=\"{&quot;aperture&quot;:&quot;0&quot;,&quot;credit&quot;:&quot;&quot;,&quot;camera&quot;:&quot;&quot;,&quot;caption&quot;:&quot;&quot;,&quot;created_timestamp&quot;:&quot;0&quot;,&quot;copyright&quot;:&quot;&quot;,&quot;focal_length&quot;:&quot;0&quot;,&quot;iso&quot;:&quot;0&quot;,&quot;shutter_speed&quot;:&quot;0&quot;,&quot;title&quot;:&quot;&quot;}\" data-image-title=\"dalmatiner-wurfkiste\" data-image-description=\"\" data-image-caption=\"\" data-medium-file=\"https:\/\/i0.wp.com\/www.dalmatiner-sachsen-anhalt.de\/blog\/wp-content\/uploads\/2009\/05\/dalmatiner-wurfkiste.jpg?fit=300%2C200&amp;ssl=1\" data-large-file=\"https:\/\/i0.wp.com\/www.dalmatiner-sachsen-anhalt.de\/blog\/wp-content\/uploads\/2009\/05\/dalmatiner-wurfkiste.jpg?fit=584%2C389&amp;ssl=1\" decoding=\"async\" loading=\"lazy\" class=\"aligncenter size-full wp-image-193\" title=\"dalmatiner-wurfkiste\" src=\"https:\/\/i0.wp.com\/www.dalmatiner-sachsen-anhalt.de\/blog\/wp-content\/uploads\/2009\/05\/dalmatiner-wurfkiste.jpg?resize=504%2C336&#038;ssl=1\" alt=\"dalmatiner-wurfkiste\" width=\"504\" height=\"336\" srcset=\"https:\/\/i0.wp.com\/www.dalmatiner-sachsen-anhalt.de\/blog\/wp-content\/uploads\/2009\/05\/dalmatiner-wurfkiste.jpg?w=720&amp;ssl=1 720w, https:\/\/i0.wp.com\/www.dalmatiner-sachsen-anhalt.de\/blog\/wp-content\/uploads\/2009\/05\/dalmatiner-wurfkiste.jpg?resize=300%2C200&amp;ssl=1 300w\" sizes=\"(max-width: 504px) 100vw, 504px\" data-recalc-dims=\"1\" \/><\/a><\/p>\n<p style=\"text-align: center;\">\n","protected":false},"excerpt":{"rendered":"","protected":false},"author":1,"featured_media":0,"comment_status":"open","ping_status":"open","sticky":false,"template":"","format":"standard","meta":{"jetpack_post_was_ever_published":false,"jetpack_publicize_message":"","jetpack_is_tweetstorm":false,"jetpack_publicize_feature_enabled":true,"jetpack_social_post_already_shared":false,"jetpack_social_options":[]},"categories":[1],"tags":[77,35,76,10],"jetpack_publicize_connections":[],"jetpack_featured_media_url":"","jetpack_shortlink":"https:\/\/wp.me\/px1eF-38","jetpack_sharing_enabled":true,"jetpack_likes_enabled":true,"jetpack-related-posts":[{"id":310,"url":"https:\/\/www.dalmatiner-sachsen-anhalt.de\/blog\/310\/","url_meta":{"origin":194,"position":0},"title":"55. Tag 3D-Ultraschall-Bild-Hunde-Welpen","date":"30. Mai 2009","format":false,"excerpt":"...und so sehen die Hundewelpen am 55. Tag aus: 3D-Ultraschall-Bild","rel":"","context":"In &quot;Allgemein&quot;","img":{"alt_text":"","src":"","width":0,"height":0},"classes":[]},{"id":172,"url":"https:\/\/www.dalmatiner-sachsen-anhalt.de\/blog\/172\/","url_meta":{"origin":194,"position":1},"title":"49. Tag","date":"24. Mai 2009","format":false,"excerpt":"Unsere H\u00fcndin \"Hummel vom Magdeburger Domfelsen\" - am 49. Tag der Tr\u00e4chtigkeit. Mehr Info's im Tagebuch:","rel":"","context":"In &quot;Allgemein&quot;","img":{"alt_text":"dalmatiner-hummel-tag49","src":"https:\/\/i0.wp.com\/www.dalmatiner-sachsen-anhalt.de\/blog\/wp-content\/uploads\/2009\/05\/dalmatiner-hummel-tag49.jpg?resize=350%2C200","width":350,"height":200},"classes":[]},{"id":320,"url":"https:\/\/www.dalmatiner-sachsen-anhalt.de\/blog\/320\/","url_meta":{"origin":194,"position":2},"title":"56. Tag Ausruhen","date":"31. Mai 2009","format":false,"excerpt":"In wenigen Tagen ist es nun soweit. Die Welpen k\u00f6nnen kommen.Der gestrige Besuch beim Tierarzt ergab, da\u00df mit unserer Hummel alles in Ordnung ist. Und w\u00e4hrend wir noch einige letzte und vorbereitende organisatorische Sachen erledigen, nutzt unsere H\u00fcndin die Zeit zum Spazierengehen, aber vor allem auch zum Ausruhen.","rel":"","context":"In &quot;Allgemein&quot;","img":{"alt_text":"dalmatiner-hummel-tag56-ausruhen","src":"https:\/\/i0.wp.com\/www.dalmatiner-sachsen-anhalt.de\/blog\/wp-content\/uploads\/2009\/05\/dalmatiner-hummel-tag56-ausruhen.jpg?resize=350%2C200","width":350,"height":200},"classes":[]},{"id":4572,"url":"https:\/\/www.dalmatiner-sachsen-anhalt.de\/blog\/4572\/","url_meta":{"origin":194,"position":3},"title":"46. Tag Tr&#228;chtigkeit   Athene &#038; Merlin","date":"6. Januar 2013","format":false,"excerpt":"Sechzehn Tage vor dem errechneten Wurftermin kam das gro\u00dfe R\u00e4umen. Weihnachtsbaum raus, Wurfkiste rein in die gute Stube. Hummel und Athene haben das Treiben mit gro\u00dfem Interesse verfolgt und die Wurfkiste mit Wohlgefallen gemeinsam in Besitz genommen. There are sixteen days until the date of farrowing. We exchange the Christmas\u2026","rel":"","context":"In &quot;A-Wurf&quot;","img":{"alt_text":"","src":"https:\/\/i0.wp.com\/www.dalmatiner-sachsen-anhalt.de\/blog\/wp-content\/uploads\/2013\/01\/IMG_9865-383x255.jpg?resize=350%2C200","width":350,"height":200},"classes":[]},{"id":6357,"url":"https:\/\/www.dalmatiner-sachsen-anhalt.de\/blog\/6357\/","url_meta":{"origin":194,"position":4},"title":"D-Wurf von den Sands&#252;cken","date":"15. Mai 2016","format":false,"excerpt":"Der D-Wurf kam \u00a0p\u00fcnktlich am Tag 63 - dem diesj\u00e4hrigen Pfingstsonntag, kurz nach Mitternacht. Athene brachte bis morgens 05:50 Uhr mit langen Pausen 2 s\u00fc\u00dfe H\u00fcndinnen und einen kr\u00e4ftigen R\u00fcden auf die Welt. Trotz der gro\u00dfen \u00a0Anstrengung sind sie und die Kleinen wohlauf. Der Zyklus s\u00e4ugen, putzen lassen, schlafen wiederholt\u2026","rel":"","context":"In &quot;D-Wurf&quot;","img":{"alt_text":"Wurftag-DSC_2780","src":"https:\/\/i0.wp.com\/www.dalmatiner-sachsen-anhalt.de\/blog\/wp-content\/uploads\/2016\/05\/DSC_2780.jpg?fit=1160%2C768&ssl=1&resize=350%2C200","width":350,"height":200},"classes":[]},{"id":6447,"url":"https:\/\/www.dalmatiner-sachsen-anhalt.de\/blog\/6447\/","url_meta":{"origin":194,"position":5},"title":"D- Wurf Tag 15 \u2013 Erziehung in der WK","date":"30. Mai 2016","format":false,"excerpt":"\u00a0 Mama Athene und Welpe Davinci: Am 15. Tag sind die Augen der Welpen bereits ge\u00f6ffnet und h\u00f6ren k\u00f6nnen sie vermutlich auch schon. Au\u00dferdem lernen sie gerade kr\u00e4ftig das Laufen. Also entdecken Sie ihre Welt in der Wurfkiste in v\u00f6llig neuen Dimensionen. Und neugierig untersucht Davinci, was seine Mama da\u2026","rel":"","context":"In &quot;Athene&quot;","img":{"alt_text":"","src":"","width":0,"height":0},"classes":[]}],"_links":{"self":[{"href":"https:\/\/www.dalmatiner-sachsen-anhalt.de\/blog\/wp-json\/wp\/v2\/posts\/194"}],"collection":[{"href":"https:\/\/www.dalmatiner-sachsen-anhalt.de\/blog\/wp-json\/wp\/v2\/posts"}],"about":[{"href":"https:\/\/www.dalmatiner-sachsen-anhalt.de\/blog\/wp-json\/wp\/v2\/types\/post"}],"author":[{"embeddable":true,"href":"https:\/\/www.dalmatiner-sachsen-anhalt.de\/blog\/wp-json\/wp\/v2\/users\/1"}],"replies":[{"embeddable":true,"href":"https:\/\/www.dalmatiner-sachsen-anhalt.de\/blog\/wp-json\/wp\/v2\/comments?post=194"}],"version-history":[{"count":19,"href":"https:\/\/www.dalmatiner-sachsen-anhalt.de\/blog\/wp-json\/wp\/v2\/posts\/194\/revisions"}],"predecessor-version":[{"id":203,"href":"https:\/\/www.dalmatiner-sachsen-anhalt.de\/blog\/wp-json\/wp\/v2\/posts\/194\/revisions\/203"}],"wp:attachment":[{"href":"https:\/\/www.dalmatiner-sachsen-anhalt.de\/blog\/wp-json\/wp\/v2\/media?parent=194"}],"wp:term":[{"taxonomy":"category","embeddable":true,"href":"https:\/\/www.dalmatiner-sachsen-anhalt.de\/blog\/wp-json\/wp\/v2\/categories?post=194"},{"taxonomy":"post_tag","embeddable":true,"href":"https:\/\/www.dalmatiner-sachsen-anhalt.de\/blog\/wp-json\/wp\/v2\/tags?post=194"}],"curies":[{"name":"wp","href":"https:\/\/api.w.org\/{rel}","templated":true}]}}