{"id":1953,"date":"2010-02-24T13:22:02","date_gmt":"2010-02-24T12:22:02","guid":{"rendered":"http:\/\/www.dalmatiner-sachsen-anhalt.de\/blog\/?p=1953"},"modified":"2010-02-24T14:28:16","modified_gmt":"2010-02-24T13:28:16","slug":"video","status":"publish","type":"post","link":"https:\/\/www.dalmatiner-sachsen-anhalt.de\/blog\/1953\/","title":{"rendered":"Video einer Ausstellung"},"content":{"rendered":"<h3>Und hier das <strong>Video<\/strong> von <span style=\"color: #0000ff;\"><strong>Ares von den Sandst&#252;cken<\/strong><\/span> &#8211; J&#252;ngstenklasse &#8211; Glauchau 2010 &#8211; <strong><span style=\"color: #993300;\">pr&#228;sentiert von Sabine.<\/span><\/strong> (Mit einem kleinen Schwenk auf Attila vdS.)<\/h3>\n<p style=\"text-align: center;\"><object classid=\"clsid:d27cdb6e-ae6d-11cf-96b8-444553540000\" width=\"445\" height=\"364\" codebase=\"http:\/\/download.macromedia.com\/pub\/shockwave\/cabs\/flash\/swflash.cab#version=6,0,40,0\"><param name=\"allowFullScreen\" value=\"true\" \/><param name=\"allowscriptaccess\" value=\"always\" \/><param name=\"src\" value=\"http:\/\/www.youtube.com\/v\/MIOZOv37piY&amp;hl=de_DE&amp;fs=1&amp;rel=0&amp;color1=0x5d1719&amp;color2=0xcd311b&amp;border=1\" \/><param name=\"allowfullscreen\" value=\"true\" \/><\/object><\/p>\n<p style=\"text-align: center;\">(Aufnahme: Christin K., 13 Jahre)<\/p>\n","protected":false},"excerpt":{"rendered":"<p>Und hier das Video von Ares von den Sandst&#252;cken &#8211; J&#252;ngstenklasse &#8211; Glauchau 2010 &#8211; pr&#228;sentiert von Sabine. (Mit einem kleinen Schwenk auf Attila vdS.) (Aufnahme: Christin K., 13 Jahre)<\/p>\n","protected":false},"author":1,"featured_media":0,"comment_status":"open","ping_status":"open","sticky":false,"template":"","format":"standard","meta":{"jetpack_post_was_ever_published":false,"jetpack_publicize_message":"","jetpack_is_tweetstorm":false,"jetpack_publicize_feature_enabled":true,"jetpack_social_post_already_shared":false,"jetpack_social_options":[]},"categories":[13,88,391,524],"tags":[530,526,1285,35,49,529,183,527,528,11,525,62,400],"jetpack_publicize_connections":[],"jetpack_featured_media_url":"","jetpack_shortlink":"https:\/\/wp.me\/sx1eF-video","jetpack_sharing_enabled":true,"jetpack_likes_enabled":true,"jetpack-related-posts":[{"id":1934,"url":"https:\/\/www.dalmatiner-sachsen-anhalt.de\/blog\/1934\/","url_meta":{"origin":1953,"position":0},"title":"Ares von den Sandst&#252;cken","date":"22. Februar 2010","format":false,"excerpt":"In der J\u00fcngstenklasse erhielt Ares 2 x die Bewertung \u201cvielversprechend\u201d und den 2. Platz (VV 2).","rel":"","context":"In &quot;A-Wurf&quot;","img":{"alt_text":"","src":"https:\/\/i0.wp.com\/www.dalmatiner-sachsen-anhalt.de\/blog\/wp-content\/uploads\/2010\/02\/ares-glauchau-IMG_3684-1024x681.jpg?resize=350%2C200","width":350,"height":200},"classes":[]},{"id":1801,"url":"https:\/\/www.dalmatiner-sachsen-anhalt.de\/blog\/1801\/","url_meta":{"origin":1953,"position":1},"title":"Ausstellung","date":"10. Januar 2010","format":false,"excerpt":"Ares kommt mit nach Glauchau zur Ausstellung und \u00fcbt schon fleissig Stehen.","rel":"","context":"In &quot;A-Wurf&quot;","img":{"alt_text":"","src":"https:\/\/i0.wp.com\/www.dalmatiner-sachsen-anhalt.de\/blog\/wp-content\/uploads\/2010\/01\/Steh-Bild-Jan.-2010.jpg?resize=350%2C200","width":350,"height":200},"classes":[]},{"id":3342,"url":"https:\/\/www.dalmatiner-sachsen-anhalt.de\/blog\/3342\/","url_meta":{"origin":1953,"position":2},"title":"Ares &#8211; Glauchau 2011","date":"23. Februar 2011","format":false,"excerpt":"Ares von den Sandst\u00fccken (20 Monate) bekam 2 mal V2 zur Rassehundeausstellung. Das ist toll! Herzlichen Gl\u00fcckwunsch an Sabine, Remo, Nina und Schokob\u00e4r. Macht weiter so! Vielen Dank f\u00fcr die Bilder.","rel":"","context":"In &quot;A-Wurf&quot;","img":{"alt_text":"","src":"https:\/\/i0.wp.com\/www.dalmatiner-sachsen-anhalt.de\/blog\/wp-content\/uploads\/2011\/02\/Glauchau-2011-027-383x255.jpg?resize=350%2C200","width":350,"height":200},"classes":[]},{"id":1968,"url":"https:\/\/www.dalmatiner-sachsen-anhalt.de\/blog\/1968\/","url_meta":{"origin":1953,"position":3},"title":"Bilder und Videos der Ausstellung","date":"25. Februar 2010","format":false,"excerpt":"...gibt es jetzt auf der Seite Ausstellungen.","rel":"","context":"In &quot;Ausstellungen&quot;","img":{"alt_text":"","src":"","width":0,"height":0},"classes":[]},{"id":1773,"url":"https:\/\/www.dalmatiner-sachsen-anhalt.de\/blog\/1773\/","url_meta":{"origin":1953,"position":4},"title":"Rassehundegemeinschaftsschau Glauchau","date":"6. Januar 2010","format":false,"excerpt":"Da fahren wir hin (20. und 21. Februar 2010, in der Sachsenlandhalle). Bruder ARES kommt mit - und mal sehen wer noch. ATHENE \u00fcbt schon mal das Stehen unter erschwerten Bedingungen (im Schnee).","rel":"","context":"In &quot;A-Wurf&quot;","img":{"alt_text":"","src":"https:\/\/i0.wp.com\/www.dalmatiner-sachsen-anhalt.de\/blog\/wp-content\/uploads\/2010\/01\/athene7monate_stand_2372-1024x681.jpg?resize=350%2C200","width":350,"height":200},"classes":[]},{"id":3461,"url":"https:\/\/www.dalmatiner-sachsen-anhalt.de\/blog\/3461\/","url_meta":{"origin":1953,"position":5},"title":"Ares vdS &#8211; IRA Berlin","date":"5. April 2011","format":false,"excerpt":"Herzlichen Gl\u00fcckwunsch f\u00fcr Ares vdS, der mit seinen 22 Monaten am vergangenen Wochenende - auf der IRA Berlin - ein V1 erreicht hat. Wir freuen uns mit Sabine, Remo und Nina. Danke f\u00fcr die Bilder und f\u00fcr die tolle Pr\u00e4sentation von Ares. \u00a0","rel":"","context":"In &quot;A-Wurf&quot;","img":{"alt_text":"","src":"https:\/\/i0.wp.com\/www.dalmatiner-sachsen-anhalt.de\/blog\/wp-content\/uploads\/2011\/04\/Ares-vdS.jpg?resize=350%2C200","width":350,"height":200},"classes":[]}],"_links":{"self":[{"href":"https:\/\/www.dalmatiner-sachsen-anhalt.de\/blog\/wp-json\/wp\/v2\/posts\/1953"}],"collection":[{"href":"https:\/\/www.dalmatiner-sachsen-anhalt.de\/blog\/wp-json\/wp\/v2\/posts"}],"about":[{"href":"https:\/\/www.dalmatiner-sachsen-anhalt.de\/blog\/wp-json\/wp\/v2\/types\/post"}],"author":[{"embeddable":true,"href":"https:\/\/www.dalmatiner-sachsen-anhalt.de\/blog\/wp-json\/wp\/v2\/users\/1"}],"replies":[{"embeddable":true,"href":"https:\/\/www.dalmatiner-sachsen-anhalt.de\/blog\/wp-json\/wp\/v2\/comments?post=1953"}],"version-history":[{"count":14,"href":"https:\/\/www.dalmatiner-sachsen-anhalt.de\/blog\/wp-json\/wp\/v2\/posts\/1953\/revisions"}],"predecessor-version":[{"id":1965,"href":"https:\/\/www.dalmatiner-sachsen-anhalt.de\/blog\/wp-json\/wp\/v2\/posts\/1953\/revisions\/1965"}],"wp:attachment":[{"href":"https:\/\/www.dalmatiner-sachsen-anhalt.de\/blog\/wp-json\/wp\/v2\/media?parent=1953"}],"wp:term":[{"taxonomy":"category","embeddable":true,"href":"https:\/\/www.dalmatiner-sachsen-anhalt.de\/blog\/wp-json\/wp\/v2\/categories?post=1953"},{"taxonomy":"post_tag","embeddable":true,"href":"https:\/\/www.dalmatiner-sachsen-anhalt.de\/blog\/wp-json\/wp\/v2\/tags?post=1953"}],"curies":[{"name":"wp","href":"https:\/\/api.w.org\/{rel}","templated":true}]}}