{"id":1968,"date":"2010-02-25T09:13:57","date_gmt":"2010-02-25T08:13:57","guid":{"rendered":"http:\/\/www.dalmatiner-sachsen-anhalt.de\/blog\/?p=1968"},"modified":"2010-02-25T22:16:36","modified_gmt":"2010-02-25T21:16:36","slug":"bilder-einer-ausstellung","status":"publish","type":"post","link":"https:\/\/www.dalmatiner-sachsen-anhalt.de\/blog\/1968\/","title":{"rendered":"Bilder und Videos der Ausstellung"},"content":{"rendered":"<h3>&#8230;gibt es <span style=\"color: #993300;\"><strong>jetzt <\/strong><\/span>auf der Seite <a href=\"https:\/\/www.dalmatiner-sachsen-anhalt.de\/blog\/?page_id=1970\" target=\"_self\"><strong>Ausstellungen<\/strong><\/a>.<\/h3>\n","protected":false},"excerpt":{"rendered":"<p>&#8230;gibt es jetzt auf der Seite Ausstellungen.<\/p>\n","protected":false},"author":1,"featured_media":0,"comment_status":"open","ping_status":"open","sticky":false,"template":"","format":"standard","meta":{"jetpack_post_was_ever_published":false,"jetpack_publicize_message":"","jetpack_is_tweetstorm":false,"jetpack_publicize_feature_enabled":true,"jetpack_social_post_already_shared":false,"jetpack_social_options":[]},"categories":[391,524],"tags":[1285,1292,1289,35,531,533,532,388,402,183,400],"jetpack_publicize_connections":[],"jetpack_featured_media_url":"","jetpack_shortlink":"https:\/\/wp.me\/px1eF-vK","jetpack_sharing_enabled":true,"jetpack_likes_enabled":true,"jetpack-related-posts":[{"id":1801,"url":"https:\/\/www.dalmatiner-sachsen-anhalt.de\/blog\/1801\/","url_meta":{"origin":1968,"position":0},"title":"Ausstellung","date":"10. Januar 2010","format":false,"excerpt":"Ares kommt mit nach Glauchau zur Ausstellung und \u00fcbt schon fleissig Stehen.","rel":"","context":"In &quot;A-Wurf&quot;","img":{"alt_text":"","src":"https:\/\/i0.wp.com\/www.dalmatiner-sachsen-anhalt.de\/blog\/wp-content\/uploads\/2010\/01\/Steh-Bild-Jan.-2010.jpg?resize=350%2C200","width":350,"height":200},"classes":[]},{"id":1773,"url":"https:\/\/www.dalmatiner-sachsen-anhalt.de\/blog\/1773\/","url_meta":{"origin":1968,"position":1},"title":"Rassehundegemeinschaftsschau Glauchau","date":"6. Januar 2010","format":false,"excerpt":"Da fahren wir hin (20. und 21. Februar 2010, in der Sachsenlandhalle). Bruder ARES kommt mit - und mal sehen wer noch. ATHENE \u00fcbt schon mal das Stehen unter erschwerten Bedingungen (im Schnee).","rel":"","context":"In &quot;A-Wurf&quot;","img":{"alt_text":"","src":"https:\/\/i0.wp.com\/www.dalmatiner-sachsen-anhalt.de\/blog\/wp-content\/uploads\/2010\/01\/athene7monate_stand_2372-1024x681.jpg?resize=350%2C200","width":350,"height":200},"classes":[]},{"id":1953,"url":"https:\/\/www.dalmatiner-sachsen-anhalt.de\/blog\/1953\/","url_meta":{"origin":1968,"position":2},"title":"Video einer Ausstellung","date":"24. Februar 2010","format":false,"excerpt":"Und hier das Video von Ares von den Sandst\u00fccken - J\u00fcngstenklasse - Glauchau 2010 - pr\u00e4sentiert von Sabine. (Mit einem kleinen Schwenk auf Attila vdS.) (Aufnahme: Christin K., 13 Jahre)","rel":"","context":"In &quot;A-Wurf&quot;","img":{"alt_text":"","src":"","width":0,"height":0},"classes":[]},{"id":3342,"url":"https:\/\/www.dalmatiner-sachsen-anhalt.de\/blog\/3342\/","url_meta":{"origin":1968,"position":3},"title":"Ares &#8211; Glauchau 2011","date":"23. Februar 2011","format":false,"excerpt":"Ares von den Sandst\u00fccken (20 Monate) bekam 2 mal V2 zur Rassehundeausstellung. Das ist toll! Herzlichen Gl\u00fcckwunsch an Sabine, Remo, Nina und Schokob\u00e4r. Macht weiter so! Vielen Dank f\u00fcr die Bilder.","rel":"","context":"In &quot;A-Wurf&quot;","img":{"alt_text":"","src":"https:\/\/i0.wp.com\/www.dalmatiner-sachsen-anhalt.de\/blog\/wp-content\/uploads\/2011\/02\/Glauchau-2011-010-383x255.jpg?resize=350%2C200","width":350,"height":200},"classes":[]},{"id":3338,"url":"https:\/\/www.dalmatiner-sachsen-anhalt.de\/blog\/3338\/","url_meta":{"origin":1968,"position":4},"title":"Antonia &#8211; Glauchau 2011","date":"23. Februar 2011","format":false,"excerpt":"Antonia von den Sandst\u00fccken konnte am vergangenen Wochenende ein V3 und ein SG f\u00fcr sich verbuchen. Wir freuen uns dar\u00fcber gemeinsam mit ihren Besitzern, die das sehr gut gemacht haben.","rel":"","context":"In &quot;A-Wurf&quot;","img":{"alt_text":"Antonia Glauchau 2011","src":"https:\/\/i0.wp.com\/www.dalmatiner-sachsen-anhalt.de\/blog\/wp-content\/uploads\/2011\/02\/Antonia1206.jpg?resize=350%2C200","width":350,"height":200},"classes":[]},{"id":1930,"url":"https:\/\/www.dalmatiner-sachsen-anhalt.de\/blog\/1930\/","url_meta":{"origin":1968,"position":5},"title":"Athene von den Sandst&#252;cken","date":"22. Februar 2010","format":false,"excerpt":"In der J\u00fcngstenklasse erhielt Athene 2 x die Bewertung \"vielversprechend\" und den 2. Platz (VV 2).","rel":"","context":"In &quot;A-Wurf&quot;","img":{"alt_text":"","src":"https:\/\/i0.wp.com\/www.dalmatiner-sachsen-anhalt.de\/blog\/wp-content\/uploads\/2010\/02\/GlauchauIMG_3814-1024x681.jpg?resize=350%2C200","width":350,"height":200},"classes":[]}],"_links":{"self":[{"href":"https:\/\/www.dalmatiner-sachsen-anhalt.de\/blog\/wp-json\/wp\/v2\/posts\/1968"}],"collection":[{"href":"https:\/\/www.dalmatiner-sachsen-anhalt.de\/blog\/wp-json\/wp\/v2\/posts"}],"about":[{"href":"https:\/\/www.dalmatiner-sachsen-anhalt.de\/blog\/wp-json\/wp\/v2\/types\/post"}],"author":[{"embeddable":true,"href":"https:\/\/www.dalmatiner-sachsen-anhalt.de\/blog\/wp-json\/wp\/v2\/users\/1"}],"replies":[{"embeddable":true,"href":"https:\/\/www.dalmatiner-sachsen-anhalt.de\/blog\/wp-json\/wp\/v2\/comments?post=1968"}],"version-history":[{"count":5,"href":"https:\/\/www.dalmatiner-sachsen-anhalt.de\/blog\/wp-json\/wp\/v2\/posts\/1968\/revisions"}],"predecessor-version":[{"id":1978,"href":"https:\/\/www.dalmatiner-sachsen-anhalt.de\/blog\/wp-json\/wp\/v2\/posts\/1968\/revisions\/1978"}],"wp:attachment":[{"href":"https:\/\/www.dalmatiner-sachsen-anhalt.de\/blog\/wp-json\/wp\/v2\/media?parent=1968"}],"wp:term":[{"taxonomy":"category","embeddable":true,"href":"https:\/\/www.dalmatiner-sachsen-anhalt.de\/blog\/wp-json\/wp\/v2\/categories?post=1968"},{"taxonomy":"post_tag","embeddable":true,"href":"https:\/\/www.dalmatiner-sachsen-anhalt.de\/blog\/wp-json\/wp\/v2\/tags?post=1968"}],"curies":[{"name":"wp","href":"https:\/\/api.w.org\/{rel}","templated":true}]}}