{"id":2676,"date":"2010-10-10T22:15:35","date_gmt":"2010-10-10T20:15:35","guid":{"rendered":"http:\/\/www.dalmatiner-sachsen-anhalt.de\/blog\/?p=2676"},"modified":"2010-10-10T22:19:25","modified_gmt":"2010-10-10T20:19:25","slug":"freude-ueber-ares-vds","status":"publish","type":"post","link":"https:\/\/www.dalmatiner-sachsen-anhalt.de\/blog\/2676\/","title":{"rendered":"Freude &#252;ber Ares vdS"},"content":{"rendered":"<h3>Auch <span style=\"color: #0000ff;\"><strong>Ares von den Sandst&#252;cken <\/strong><\/span>startete in <strong>Rostock.<\/strong> Er <strong>wurde <\/strong><span style=\"color: #0000ff;\"><strong>Zweitbester <\/strong><\/span>in der <strong>Jugendklasse<\/strong>. Wir gratulieren seinen Besitzern zu diesem tollen Ergebnis. <strong>Ein gro&#223;es Lob an Sabine f&#252;r die sehr gute Pr&#228;sentation.<\/strong><\/h3>\n<p><a href=\"https:\/\/i0.wp.com\/www.dalmatiner-sachsen-anhalt.de\/blog\/wp-content\/uploads\/2010\/10\/ares.jpg?ssl=1\"><img data-attachment-id=\"2677\" data-permalink=\"https:\/\/www.dalmatiner-sachsen-anhalt.de\/blog\/2676\/ares-5\/\" data-orig-file=\"https:\/\/i0.wp.com\/www.dalmatiner-sachsen-anhalt.de\/blog\/wp-content\/uploads\/2010\/10\/ares.jpg?fit=649%2C501&amp;ssl=1\" data-orig-size=\"649,501\" data-comments-opened=\"1\" data-image-meta=\"{&quot;aperture&quot;:&quot;0&quot;,&quot;credit&quot;:&quot;&quot;,&quot;camera&quot;:&quot;&quot;,&quot;caption&quot;:&quot;&quot;,&quot;created_timestamp&quot;:&quot;0&quot;,&quot;copyright&quot;:&quot;&quot;,&quot;focal_length&quot;:&quot;0&quot;,&quot;iso&quot;:&quot;0&quot;,&quot;shutter_speed&quot;:&quot;0&quot;,&quot;title&quot;:&quot;&quot;}\" data-image-title=\"ares\" data-image-description=\"\" data-image-caption=\"\" data-medium-file=\"https:\/\/i0.wp.com\/www.dalmatiner-sachsen-anhalt.de\/blog\/wp-content\/uploads\/2010\/10\/ares.jpg?fit=300%2C231&amp;ssl=1\" data-large-file=\"https:\/\/i0.wp.com\/www.dalmatiner-sachsen-anhalt.de\/blog\/wp-content\/uploads\/2010\/10\/ares.jpg?fit=584%2C451&amp;ssl=1\" decoding=\"async\" loading=\"lazy\" class=\"aligncenter size-full wp-image-2677\" title=\"ares\" src=\"https:\/\/i0.wp.com\/www.dalmatiner-sachsen-anhalt.de\/blog\/wp-content\/uploads\/2010\/10\/ares.jpg?resize=504%2C389&#038;ssl=1\" alt=\"\" width=\"504\" height=\"389\" srcset=\"https:\/\/i0.wp.com\/www.dalmatiner-sachsen-anhalt.de\/blog\/wp-content\/uploads\/2010\/10\/ares.jpg?w=649&amp;ssl=1 649w, https:\/\/i0.wp.com\/www.dalmatiner-sachsen-anhalt.de\/blog\/wp-content\/uploads\/2010\/10\/ares.jpg?resize=150%2C115&amp;ssl=1 150w, https:\/\/i0.wp.com\/www.dalmatiner-sachsen-anhalt.de\/blog\/wp-content\/uploads\/2010\/10\/ares.jpg?resize=300%2C231&amp;ssl=1 300w\" sizes=\"(max-width: 504px) 100vw, 504px\" data-recalc-dims=\"1\" \/><\/a><\/p>\n","protected":false},"excerpt":{"rendered":"<p>Auch Ares von den Sandst&#252;cken startete in Rostock. Er wurde Zweitbester in der Jugendklasse. Wir gratulieren seinen Besitzern zu diesem tollen Ergebnis. Ein gro&#223;es Lob an Sabine f&#252;r die sehr gute Pr&#228;sentation.<\/p>\n","protected":false},"author":1,"featured_media":0,"comment_status":"open","ping_status":"open","sticky":false,"template":"","format":"standard","meta":{"jetpack_post_was_ever_published":false,"jetpack_publicize_message":"","jetpack_is_tweetstorm":false,"jetpack_publicize_feature_enabled":true,"jetpack_social_post_already_shared":false,"jetpack_social_options":[]},"categories":[13,88,391,661,3],"tags":[530,1285,49,662,62,400,94],"jetpack_publicize_connections":[],"jetpack_featured_media_url":"","jetpack_shortlink":"https:\/\/wp.me\/px1eF-Ha","jetpack_sharing_enabled":true,"jetpack_likes_enabled":true,"jetpack-related-posts":[{"id":2200,"url":"https:\/\/www.dalmatiner-sachsen-anhalt.de\/blog\/2200\/","url_meta":{"origin":2676,"position":0},"title":"Ares in Berlin","date":"19. April 2010","format":false,"excerpt":"In der Jugendklasse erhielt Ares mit 10 Monaten die Bewertung \u201csehr gut\u201d und den 4. Platz (SG 4). Herzlichen Gl\u00fcckwunsch an Sabine, die Ares toll pr\u00e4sentierte.","rel":"","context":"In &quot;A-Wurf&quot;","img":{"alt_text":"ares rassehunde-ausstellung berlin 2010","src":"https:\/\/i0.wp.com\/www.dalmatiner-sachsen-anhalt.de\/blog\/wp-content\/uploads\/2010\/04\/berlin-ares-IMG_4502-1024x681.jpg?resize=350%2C200","width":350,"height":200},"classes":[]},{"id":2670,"url":"https:\/\/www.dalmatiner-sachsen-anhalt.de\/blog\/2670\/","url_meta":{"origin":2676,"position":1},"title":"IRHA Rostock","date":"10. Oktober 2010","format":false,"excerpt":"Unsere Athene erreichte auf der 7. Internationalen Rassehundeausstellung in Rostock ein \"V2\" in der Jugendklasse. Gut gemacht Athene! RB: korrekt aufgebaute und auch sehr gut im Typ liegende H\u00fcndin, mit etwas viel Fang-Tupfen, sehr gut modulierter Kopf, feste Oberlinie, sehr gute Winkelungen, kraftvoller-freier und geradliniger Bewegungsablauf, freundliche H\u00fcndin","rel":"","context":"In &quot;A-Wurf&quot;","img":{"alt_text":"","src":"https:\/\/i0.wp.com\/www.dalmatiner-sachsen-anhalt.de\/blog\/wp-content\/uploads\/2010\/10\/athene-rostock-1024x681.jpg?resize=350%2C200","width":350,"height":200},"classes":[]},{"id":2673,"url":"https:\/\/www.dalmatiner-sachsen-anhalt.de\/blog\/2673\/","url_meta":{"origin":2676,"position":2},"title":"Jugendsieger Rostock 2010","date":"10. Oktober 2010","format":false,"excerpt":"Attila von den Sandst\u00fccken ist ein toller R\u00fcde geworden, und er gewann die Jugendklasse in Rostock mit einem \"V1\". RB: typvoller, korrekt aufgebauter R\u00fcde, kr\u00e4ftiger-ausdrucksvoller Kopf, korrekte Geb\u00e4udelinien, sehr gute Winkelungen,freier Bewegungsablauf, kraftvoll, geringf\u00fcgig Pfoten eng in der Vorderhand, freundliches Verhalten Wir bedanken uns bei Anne Neumann f\u00fcr das sch\u00f6ne\u2026","rel":"","context":"In &quot;A-Wurf&quot;","img":{"alt_text":"","src":"https:\/\/i0.wp.com\/www.dalmatiner-sachsen-anhalt.de\/blog\/wp-content\/uploads\/2010\/10\/atilla.jpg?resize=350%2C200","width":350,"height":200},"classes":[]},{"id":2490,"url":"https:\/\/www.dalmatiner-sachsen-anhalt.de\/blog\/2490\/","url_meta":{"origin":2676,"position":3},"title":"Dalmatschtiner","date":"21. Juni 2010","format":false,"excerpt":"Hier noch ein sch\u00f6nes Bild von Athene und Ares vom gestrigen Spaziergang. Frisch aufgenommen, nachdem die Hunde einen Wassergraben \u00fcberwunden hatten - und zwar l\u00e4ngs! Sabine denkt wohl gerade:\u00a0 'Nicht an meine Hose!'","rel":"","context":"In &quot;A-Wurf&quot;","img":{"alt_text":"dalmatschtiner","src":"https:\/\/i0.wp.com\/www.dalmatiner-sachsen-anhalt.de\/blog\/wp-content\/uploads\/2010\/06\/IMG_7740-1024x681.jpg?resize=350%2C200","width":350,"height":200},"classes":[]},{"id":767,"url":"https:\/\/www.dalmatiner-sachsen-anhalt.de\/blog\/767\/","url_meta":{"origin":2676,"position":4},"title":"Ares sagt zu Felix","date":"5. Juli 2009","format":false,"excerpt":"\"Hey Kumpel - kann ich heute in deiner Kiste schlafen?\"","rel":"","context":"In &quot;A-Wurf&quot;","img":{"alt_text":"welpen-tag25_0115-ares-felix","src":"https:\/\/i0.wp.com\/www.dalmatiner-sachsen-anhalt.de\/blog\/wp-content\/uploads\/2009\/07\/welpen-tag25_0115-ares-felix-1024x683.jpg?resize=350%2C200","width":350,"height":200},"classes":[]},{"id":2322,"url":"https:\/\/www.dalmatiner-sachsen-anhalt.de\/blog\/2322\/","url_meta":{"origin":2676,"position":5},"title":"LGA Mittweida &#8211; am Rande","date":"5. Juni 2010","format":false,"excerpt":"Ares fragt sich wohl: \"Was guckst Du?\"","rel":"","context":"In &quot;A-Wurf&quot;","img":{"alt_text":"ares mittweida2010","src":"https:\/\/i0.wp.com\/www.dalmatiner-sachsen-anhalt.de\/blog\/wp-content\/uploads\/2010\/06\/IMG_6581-1024x681.jpg?resize=350%2C200","width":350,"height":200},"classes":[]}],"_links":{"self":[{"href":"https:\/\/www.dalmatiner-sachsen-anhalt.de\/blog\/wp-json\/wp\/v2\/posts\/2676"}],"collection":[{"href":"https:\/\/www.dalmatiner-sachsen-anhalt.de\/blog\/wp-json\/wp\/v2\/posts"}],"about":[{"href":"https:\/\/www.dalmatiner-sachsen-anhalt.de\/blog\/wp-json\/wp\/v2\/types\/post"}],"author":[{"embeddable":true,"href":"https:\/\/www.dalmatiner-sachsen-anhalt.de\/blog\/wp-json\/wp\/v2\/users\/1"}],"replies":[{"embeddable":true,"href":"https:\/\/www.dalmatiner-sachsen-anhalt.de\/blog\/wp-json\/wp\/v2\/comments?post=2676"}],"version-history":[{"count":4,"href":"https:\/\/www.dalmatiner-sachsen-anhalt.de\/blog\/wp-json\/wp\/v2\/posts\/2676\/revisions"}],"predecessor-version":[{"id":2685,"href":"https:\/\/www.dalmatiner-sachsen-anhalt.de\/blog\/wp-json\/wp\/v2\/posts\/2676\/revisions\/2685"}],"wp:attachment":[{"href":"https:\/\/www.dalmatiner-sachsen-anhalt.de\/blog\/wp-json\/wp\/v2\/media?parent=2676"}],"wp:term":[{"taxonomy":"category","embeddable":true,"href":"https:\/\/www.dalmatiner-sachsen-anhalt.de\/blog\/wp-json\/wp\/v2\/categories?post=2676"},{"taxonomy":"post_tag","embeddable":true,"href":"https:\/\/www.dalmatiner-sachsen-anhalt.de\/blog\/wp-json\/wp\/v2\/tags?post=2676"}],"curies":[{"name":"wp","href":"https:\/\/api.w.org\/{rel}","templated":true}]}}