{"id":2771,"date":"2010-12-15T22:16:02","date_gmt":"2010-12-15T20:16:02","guid":{"rendered":"http:\/\/www.dalmatiner-sachsen-anhalt.de\/blog\/?p=2771"},"modified":"2010-12-15T22:16:02","modified_gmt":"2010-12-15T20:16:02","slug":"verschneites-sachsen","status":"publish","type":"post","link":"https:\/\/www.dalmatiner-sachsen-anhalt.de\/blog\/2771\/","title":{"rendered":"Verschneites Sachsen"},"content":{"rendered":"<h3><a href=\"https:\/\/i0.wp.com\/www.dalmatiner-sachsen-anhalt.de\/blog\/wp-content\/uploads\/2010\/12\/attila-attlia-18-monate_1435.jpg?ssl=1\"><img data-attachment-id=\"2774\" data-permalink=\"https:\/\/www.dalmatiner-sachsen-anhalt.de\/blog\/2771\/attila-attlia-18-monate_1435\/\" data-orig-file=\"https:\/\/i0.wp.com\/www.dalmatiner-sachsen-anhalt.de\/blog\/wp-content\/uploads\/2010\/12\/attila-attlia-18-monate_1435.jpg?fit=1152%2C768&amp;ssl=1\" data-orig-size=\"1152,768\" data-comments-opened=\"1\" data-image-meta=\"{&quot;aperture&quot;:&quot;0&quot;,&quot;credit&quot;:&quot;&quot;,&quot;camera&quot;:&quot;&quot;,&quot;caption&quot;:&quot;&quot;,&quot;created_timestamp&quot;:&quot;0&quot;,&quot;copyright&quot;:&quot;&quot;,&quot;focal_length&quot;:&quot;0&quot;,&quot;iso&quot;:&quot;0&quot;,&quot;shutter_speed&quot;:&quot;0&quot;,&quot;title&quot;:&quot;&quot;}\" data-image-title=\"attila attlia-18-monate_1435\" data-image-description=\"\" data-image-caption=\"\" data-medium-file=\"https:\/\/i0.wp.com\/www.dalmatiner-sachsen-anhalt.de\/blog\/wp-content\/uploads\/2010\/12\/attila-attlia-18-monate_1435.jpg?fit=300%2C200&amp;ssl=1\" data-large-file=\"https:\/\/i0.wp.com\/www.dalmatiner-sachsen-anhalt.de\/blog\/wp-content\/uploads\/2010\/12\/attila-attlia-18-monate_1435.jpg?fit=584%2C389&amp;ssl=1\" decoding=\"async\" loading=\"lazy\" class=\"aligncenter size-large wp-image-2774\" title=\"attila attlia-18-monate_1435\" src=\"https:\/\/i0.wp.com\/www.dalmatiner-sachsen-anhalt.de\/blog\/wp-content\/uploads\/2010\/12\/attila-attlia-18-monate_1435.jpg?resize=506%2C337&#038;ssl=1\" alt=\"\" width=\"506\" height=\"337\" srcset=\"https:\/\/i0.wp.com\/www.dalmatiner-sachsen-anhalt.de\/blog\/wp-content\/uploads\/2010\/12\/attila-attlia-18-monate_1435.jpg?resize=1024%2C682&amp;ssl=1 1024w, https:\/\/i0.wp.com\/www.dalmatiner-sachsen-anhalt.de\/blog\/wp-content\/uploads\/2010\/12\/attila-attlia-18-monate_1435.jpg?resize=150%2C100&amp;ssl=1 150w, https:\/\/i0.wp.com\/www.dalmatiner-sachsen-anhalt.de\/blog\/wp-content\/uploads\/2010\/12\/attila-attlia-18-monate_1435.jpg?resize=300%2C200&amp;ssl=1 300w, https:\/\/i0.wp.com\/www.dalmatiner-sachsen-anhalt.de\/blog\/wp-content\/uploads\/2010\/12\/attila-attlia-18-monate_1435.jpg?w=1152&amp;ssl=1 1152w\" sizes=\"(max-width: 506px) 100vw, 506px\" data-recalc-dims=\"1\" \/><\/a><\/h3>\n<h3><span style=\"color: #0000ff;\"><strong>Attila <\/strong><\/span>schickt uns Gr&#252;&#223;e aus dem <strong>verschneiten Sachsen<\/strong>. Ihm geht es  gut, und er findet den Schnee auch ganz toll. Wir gr&#252;&#223;en lieb zur&#252;ck!<\/h3>\n","protected":false},"excerpt":{"rendered":"<p>Attila schickt uns Gr&#252;&#223;e aus dem verschneiten Sachsen. Ihm geht es gut, und er findet den Schnee auch ganz toll. Wir gr&#252;&#223;en lieb zur&#252;ck!<\/p>\n","protected":false},"author":1,"featured_media":0,"comment_status":"open","ping_status":"open","sticky":false,"template":"","format":"standard","meta":{"jetpack_post_was_ever_published":false,"jetpack_publicize_message":"","jetpack_is_tweetstorm":false,"jetpack_publicize_feature_enabled":true,"jetpack_social_post_already_shared":false,"jetpack_social_options":[]},"categories":[13,1,109,371],"tags":[585,35,455,400,692],"jetpack_publicize_connections":[],"jetpack_featured_media_url":"","jetpack_shortlink":"https:\/\/wp.me\/px1eF-IH","jetpack_sharing_enabled":true,"jetpack_likes_enabled":true,"jetpack-related-posts":[{"id":1886,"url":"https:\/\/www.dalmatiner-sachsen-anhalt.de\/blog\/1886\/","url_meta":{"origin":2771,"position":0},"title":"Da steht er&#8230;","date":"13. Februar 2010","format":false,"excerpt":"mitten in unserem Garten - Attila, der \"Sachsenk\u00f6nig\". Attilla ist jetzt 8 Monate alt, wiegt 29,5 kg und hat eine H\u00f6he von ca. 59 cm. Wir wollen ihn zur Rassehundeausstellung in Glauchau, am 20.\/21. Februar 2010, pr\u00e4sentieren und sind schon total gespannt darauf, wie er in der J\u00fcngstenklasse bewertet werden\u2026","rel":"","context":"In &quot;A-Wurf&quot;","img":{"alt_text":"Attila 8 Monate","src":"https:\/\/i0.wp.com\/www.dalmatiner-sachsen-anhalt.de\/blog\/wp-content\/uploads\/2010\/02\/IMG_2991-1024x681.jpg?resize=350%2C200","width":350,"height":200},"classes":[]},{"id":1915,"url":"https:\/\/www.dalmatiner-sachsen-anhalt.de\/blog\/1915\/","url_meta":{"origin":2771,"position":1},"title":"Winterwald","date":"17. Februar 2010","format":false,"excerpt":"Im Wald bei Schermen im Schnee zu toben ist herrlich und macht zu dritt nochmal so viel Spass. Der Schnee ging\u00a0 bis an den Bauch und h\u00f6her. So f\u00fchlen sich Hummel, Athene und Attila richtig wohl.","rel":"","context":"In &quot;A-Wurf&quot;","img":{"alt_text":"","src":"https:\/\/i0.wp.com\/www.dalmatiner-sachsen-anhalt.de\/blog\/wp-content\/uploads\/2010\/02\/IMG_3222-383x255.jpg?resize=350%2C200","width":350,"height":200},"classes":[]},{"id":1902,"url":"https:\/\/www.dalmatiner-sachsen-anhalt.de\/blog\/1902\/","url_meta":{"origin":2771,"position":2},"title":"Attila gr&#252;&#223;t sein Rudel","date":"14. Februar 2010","format":false,"excerpt":"Ihr lieben Urlauber, wie geht es Euch im Ski-Urlaub? Mir geht es hier in Schermen prima. Gerade war\u00a0 die Lotti mit mir ein bischen \u00fcben, aber sie war nicht so zufrieden, weil ich mich immer hinsetze, anstatt zu stehen. Angeblich muss ich auf der Hundeausstellung stehen. Ganz anders als in\u2026","rel":"","context":"In &quot;A-Wurf&quot;","img":{"alt_text":"","src":"https:\/\/i0.wp.com\/www.dalmatiner-sachsen-anhalt.de\/blog\/wp-content\/uploads\/2010\/02\/IMG_2983-1024x681.jpg?resize=350%2C200","width":350,"height":200},"classes":[]},{"id":1159,"url":"https:\/\/www.dalmatiner-sachsen-anhalt.de\/blog\/1159\/","url_meta":{"origin":2771,"position":3},"title":"Attila &#8211; der &#8220;Sachsen&#8221;- K&#246;nig","date":"14. August 2009","format":false,"excerpt":"ATTILA lebt bei einer lieben Familie in Sachsen, wo er sich offensichtlich sehr wohlf\u00fchlt. Dort jagt dieses putzmuntere Kerlchen Putzlappen, Staubsauger... Eine tolle M\u00f6hre - sieht er nicht gl\u00fccklich und zufrieden aus?","rel":"","context":"In &quot;A-Wurf&quot;","img":{"alt_text":"attila-tag64","src":"https:\/\/i0.wp.com\/www.dalmatiner-sachsen-anhalt.de\/blog\/wp-content\/uploads\/2009\/08\/attila-tag64.JPG?resize=350%2C200","width":350,"height":200},"classes":[]},{"id":2656,"url":"https:\/\/www.dalmatiner-sachsen-anhalt.de\/blog\/2656\/","url_meta":{"origin":2771,"position":4},"title":"Fast 16","date":"1. Oktober 2010","format":false,"excerpt":"Hier sehen wir Athene und Attila von den Sandst\u00fccken im Alter von fast 16 Monaten.","rel":"","context":"In &quot;A-Wurf&quot;","img":{"alt_text":"athene & attila","src":"https:\/\/i0.wp.com\/www.dalmatiner-sachsen-anhalt.de\/blog\/wp-content\/uploads\/2010\/10\/IMG_3768-1-1024x681.jpg?resize=350%2C200","width":350,"height":200},"classes":[]},{"id":1939,"url":"https:\/\/www.dalmatiner-sachsen-anhalt.de\/blog\/1939\/","url_meta":{"origin":2771,"position":5},"title":"Attila von den Sandst&#252;cken","date":"22. Februar 2010","format":false,"excerpt":"Und der \"Sachsenk\u00f6nig\" Attila erhielt an beiden Tagen in der J\u00fcngstenklasse die Bewertung \u201cvielversprechend\u201d und den 1. Platz (VV 1).","rel":"","context":"In &quot;A-Wurf&quot;","img":{"alt_text":"","src":"https:\/\/i0.wp.com\/www.dalmatiner-sachsen-anhalt.de\/blog\/wp-content\/uploads\/2010\/02\/attila-glauchau-IMG_36551-1024x681.jpg?resize=350%2C200","width":350,"height":200},"classes":[]}],"_links":{"self":[{"href":"https:\/\/www.dalmatiner-sachsen-anhalt.de\/blog\/wp-json\/wp\/v2\/posts\/2771"}],"collection":[{"href":"https:\/\/www.dalmatiner-sachsen-anhalt.de\/blog\/wp-json\/wp\/v2\/posts"}],"about":[{"href":"https:\/\/www.dalmatiner-sachsen-anhalt.de\/blog\/wp-json\/wp\/v2\/types\/post"}],"author":[{"embeddable":true,"href":"https:\/\/www.dalmatiner-sachsen-anhalt.de\/blog\/wp-json\/wp\/v2\/users\/1"}],"replies":[{"embeddable":true,"href":"https:\/\/www.dalmatiner-sachsen-anhalt.de\/blog\/wp-json\/wp\/v2\/comments?post=2771"}],"version-history":[{"count":3,"href":"https:\/\/www.dalmatiner-sachsen-anhalt.de\/blog\/wp-json\/wp\/v2\/posts\/2771\/revisions"}],"predecessor-version":[{"id":2776,"href":"https:\/\/www.dalmatiner-sachsen-anhalt.de\/blog\/wp-json\/wp\/v2\/posts\/2771\/revisions\/2776"}],"wp:attachment":[{"href":"https:\/\/www.dalmatiner-sachsen-anhalt.de\/blog\/wp-json\/wp\/v2\/media?parent=2771"}],"wp:term":[{"taxonomy":"category","embeddable":true,"href":"https:\/\/www.dalmatiner-sachsen-anhalt.de\/blog\/wp-json\/wp\/v2\/categories?post=2771"},{"taxonomy":"post_tag","embeddable":true,"href":"https:\/\/www.dalmatiner-sachsen-anhalt.de\/blog\/wp-json\/wp\/v2\/tags?post=2771"}],"curies":[{"name":"wp","href":"https:\/\/api.w.org\/{rel}","templated":true}]}}