{"id":2831,"date":"2010-12-21T18:55:49","date_gmt":"2010-12-21T16:55:49","guid":{"rendered":"http:\/\/www.dalmatiner-sachsen-anhalt.de\/blog\/?p=2831"},"modified":"2010-12-23T22:46:06","modified_gmt":"2010-12-23T20:46:06","slug":"und-das-ist-bennet","status":"publish","type":"post","link":"https:\/\/www.dalmatiner-sachsen-anhalt.de\/blog\/2831\/","title":{"rendered":"Und das ist Bennet"},"content":{"rendered":"<p><a href=\"https:\/\/i0.wp.com\/www.dalmatiner-sachsen-anhalt.de\/blog\/wp-content\/uploads\/2010\/12\/B-Wurf-Tag-4_7021.jpg?ssl=1\"><img data-attachment-id=\"2832\" data-permalink=\"https:\/\/www.dalmatiner-sachsen-anhalt.de\/blog\/2831\/b-wurf-tag-4_7021\/\" data-orig-file=\"https:\/\/i0.wp.com\/www.dalmatiner-sachsen-anhalt.de\/blog\/wp-content\/uploads\/2010\/12\/B-Wurf-Tag-4_7021.jpg?fit=1154%2C768&amp;ssl=1\" data-orig-size=\"1154,768\" data-comments-opened=\"1\" data-image-meta=\"{&quot;aperture&quot;:&quot;0&quot;,&quot;credit&quot;:&quot;&quot;,&quot;camera&quot;:&quot;&quot;,&quot;caption&quot;:&quot;&quot;,&quot;created_timestamp&quot;:&quot;0&quot;,&quot;copyright&quot;:&quot;&quot;,&quot;focal_length&quot;:&quot;0&quot;,&quot;iso&quot;:&quot;0&quot;,&quot;shutter_speed&quot;:&quot;0&quot;,&quot;title&quot;:&quot;&quot;}\" data-image-title=\"B-Wurf Tag 4_7021\" data-image-description=\"\" data-image-caption=\"\" data-medium-file=\"https:\/\/i0.wp.com\/www.dalmatiner-sachsen-anhalt.de\/blog\/wp-content\/uploads\/2010\/12\/B-Wurf-Tag-4_7021.jpg?fit=300%2C199&amp;ssl=1\" data-large-file=\"https:\/\/i0.wp.com\/www.dalmatiner-sachsen-anhalt.de\/blog\/wp-content\/uploads\/2010\/12\/B-Wurf-Tag-4_7021.jpg?fit=584%2C388&amp;ssl=1\" decoding=\"async\" loading=\"lazy\" class=\"aligncenter size-large wp-image-2832\" title=\"B-Wurf Tag 4_7021\" src=\"https:\/\/i0.wp.com\/www.dalmatiner-sachsen-anhalt.de\/blog\/wp-content\/uploads\/2010\/12\/B-Wurf-Tag-4_7021.jpg?resize=506%2C336&#038;ssl=1\" alt=\"Bennet von den Sandst&#252;cken\" width=\"506\" height=\"336\" srcset=\"https:\/\/i0.wp.com\/www.dalmatiner-sachsen-anhalt.de\/blog\/wp-content\/uploads\/2010\/12\/B-Wurf-Tag-4_7021.jpg?resize=1024%2C681&amp;ssl=1 1024w, https:\/\/i0.wp.com\/www.dalmatiner-sachsen-anhalt.de\/blog\/wp-content\/uploads\/2010\/12\/B-Wurf-Tag-4_7021.jpg?resize=150%2C99&amp;ssl=1 150w, https:\/\/i0.wp.com\/www.dalmatiner-sachsen-anhalt.de\/blog\/wp-content\/uploads\/2010\/12\/B-Wurf-Tag-4_7021.jpg?resize=300%2C199&amp;ssl=1 300w, https:\/\/i0.wp.com\/www.dalmatiner-sachsen-anhalt.de\/blog\/wp-content\/uploads\/2010\/12\/B-Wurf-Tag-4_7021.jpg?w=1154&amp;ssl=1 1154w\" sizes=\"(max-width: 506px) 100vw, 506px\" data-recalc-dims=\"1\" \/><\/a><\/p>\n","protected":false},"excerpt":{"rendered":"","protected":false},"author":1,"featured_media":0,"comment_status":"open","ping_status":"open","sticky":false,"template":"","format":"standard","meta":{"jetpack_post_was_ever_published":false,"jetpack_publicize_message":"","jetpack_is_tweetstorm":false,"jetpack_publicize_feature_enabled":true,"jetpack_social_post_already_shared":false,"jetpack_social_options":[]},"categories":[677,730,3],"tags":[679,711,39,49,234,214,696,62,94],"jetpack_publicize_connections":[],"jetpack_featured_media_url":"","jetpack_shortlink":"https:\/\/wp.me\/px1eF-JF","jetpack_sharing_enabled":true,"jetpack_likes_enabled":true,"jetpack-related-posts":[{"id":3582,"url":"https:\/\/www.dalmatiner-sachsen-anhalt.de\/blog\/3582\/","url_meta":{"origin":2831,"position":0},"title":"Viel Gl&#252;ck in Erfurt!","date":"17. Juni 2011","format":false,"excerpt":"\"Unser\" Ares f\u00e4hrt dieses Wochenende zur Ausstellung nach Erfurt. Wir dr\u00fccken ganz kr\u00e4ftig alle Pfoten und w\u00fcnschen Sabine mit Ares ein sch\u00f6nes Wochenende mit vielen Dalmis und Freunden. Wir werden B-chen Bennet, Beiname \"Baron\" besuchen fahren.","rel":"","context":"In &quot;A-Wurf&quot;","img":{"alt_text":"","src":"https:\/\/i0.wp.com\/www.dalmatiner-sachsen-anhalt.de\/blog\/wp-content\/uploads\/2011\/06\/IMG_0230.jpg?resize=350%2C200","width":350,"height":200},"classes":[]},{"id":3613,"url":"https:\/\/www.dalmatiner-sachsen-anhalt.de\/blog\/3613\/","url_meta":{"origin":2831,"position":1},"title":"Bennet zu Besuch","date":"19. Juli 2011","format":false,"excerpt":"Letzten Sonntag zog Bennet mit seinem Kuschelkissen f\u00fcr ein paar Tage bei uns ein und f\u00fchlt sich zwischen Mama Hummel und Schwester Athene dalmiwohl.","rel":"","context":"In &quot;A-Wurf&quot;","img":{"alt_text":"","src":"https:\/\/i0.wp.com\/www.dalmatiner-sachsen-anhalt.de\/blog\/wp-content\/uploads\/2011\/07\/IMG_0712-383x255.jpg?resize=350%2C200","width":350,"height":200},"classes":[]},{"id":2958,"url":"https:\/\/www.dalmatiner-sachsen-anhalt.de\/blog\/2958\/","url_meta":{"origin":2831,"position":2},"title":"Viel gesehen","date":"30. Dezember 2010","format":false,"excerpt":"Auch dieser kleine s\u00fc\u00dfe R\u00fcde hat heute schon viel gesehen. Bennet von den Sandst\u00fccken","rel":"","context":"In &quot;B-Wurf&quot;","img":{"alt_text":"Viel gesehen","src":"https:\/\/i0.wp.com\/www.dalmatiner-sachsen-anhalt.de\/blog\/wp-content\/uploads\/2010\/12\/bennet-welpen-tag-14_7571-1024x681.jpg?resize=350%2C200","width":350,"height":200},"classes":[]},{"id":3136,"url":"https:\/\/www.dalmatiner-sachsen-anhalt.de\/blog\/3136\/","url_meta":{"origin":2831,"position":3},"title":"S&#252;&#223;er Flecken-Zwerg","date":"15. Januar 2011","format":false,"excerpt":"Bennet von den Sandst\u00fccken","rel":"","context":"In &quot;B-Wurf&quot;","img":{"alt_text":"flecken-zwerg","src":"https:\/\/i0.wp.com\/www.dalmatiner-sachsen-anhalt.de\/blog\/wp-content\/uploads\/2011\/01\/bennet-Welpen-Tag-29-30_8188-1024x681.jpg?resize=350%2C200","width":350,"height":200},"classes":[]},{"id":3362,"url":"https:\/\/www.dalmatiner-sachsen-anhalt.de\/blog\/3362\/","url_meta":{"origin":2831,"position":4},"title":"Spielstunde mit Bennet","date":"28. Februar 2011","format":false,"excerpt":"Mama Hummel und die gro\u00dfe Schwester Athene zeigen Bennet wie man als Hund richtig spielt und er hat es sofort begriffen und kr\u00e4ftig mitgespielt.","rel":"","context":"In &quot;A-Wurf&quot;","img":{"alt_text":"","src":"https:\/\/i0.wp.com\/www.dalmatiner-sachsen-anhalt.de\/blog\/wp-content\/uploads\/2011\/02\/Welpen-Tag-70-73_9766-1024x681.jpg?resize=350%2C200","width":350,"height":200},"classes":[]},{"id":2983,"url":"https:\/\/www.dalmatiner-sachsen-anhalt.de\/blog\/2983\/","url_meta":{"origin":2831,"position":5},"title":"Gesundes Neues Hundejahr 2011 !!!","date":"1. Januar 2011","format":false,"excerpt":"Allen Freunden und Bekannten und unseren lieben A-chens w\u00fcnschen wir ein frohes und gesundes Neues\u00a0 Hunde-Jahr. Bleibt sch\u00f6n gesund und genie\u00dft das Leben mit Euren Vierbeinern!\u00a0 Getreu dem Motto von Heinz R\u00fchmann:\u00a0 \"Nat\u00fcrlich kann man ohne Hund leben. Es lohnt sich blo\u00df nicht!\" Willkommen 2011\u00a0 !!! Bianca, Ballerina, Baroness, Bandit,\u2026","rel":"","context":"In &quot;A-Wurf&quot;","img":{"alt_text":"","src":"https:\/\/i0.wp.com\/www.dalmatiner-sachsen-anhalt.de\/blog\/wp-content\/uploads\/2011\/01\/welpen-tag-15_7727-1024x681.jpg?resize=350%2C200","width":350,"height":200},"classes":[]}],"_links":{"self":[{"href":"https:\/\/www.dalmatiner-sachsen-anhalt.de\/blog\/wp-json\/wp\/v2\/posts\/2831"}],"collection":[{"href":"https:\/\/www.dalmatiner-sachsen-anhalt.de\/blog\/wp-json\/wp\/v2\/posts"}],"about":[{"href":"https:\/\/www.dalmatiner-sachsen-anhalt.de\/blog\/wp-json\/wp\/v2\/types\/post"}],"author":[{"embeddable":true,"href":"https:\/\/www.dalmatiner-sachsen-anhalt.de\/blog\/wp-json\/wp\/v2\/users\/1"}],"replies":[{"embeddable":true,"href":"https:\/\/www.dalmatiner-sachsen-anhalt.de\/blog\/wp-json\/wp\/v2\/comments?post=2831"}],"version-history":[{"count":3,"href":"https:\/\/www.dalmatiner-sachsen-anhalt.de\/blog\/wp-json\/wp\/v2\/posts\/2831\/revisions"}],"predecessor-version":[{"id":2834,"href":"https:\/\/www.dalmatiner-sachsen-anhalt.de\/blog\/wp-json\/wp\/v2\/posts\/2831\/revisions\/2834"}],"wp:attachment":[{"href":"https:\/\/www.dalmatiner-sachsen-anhalt.de\/blog\/wp-json\/wp\/v2\/media?parent=2831"}],"wp:term":[{"taxonomy":"category","embeddable":true,"href":"https:\/\/www.dalmatiner-sachsen-anhalt.de\/blog\/wp-json\/wp\/v2\/categories?post=2831"},{"taxonomy":"post_tag","embeddable":true,"href":"https:\/\/www.dalmatiner-sachsen-anhalt.de\/blog\/wp-json\/wp\/v2\/tags?post=2831"}],"curies":[{"name":"wp","href":"https:\/\/api.w.org\/{rel}","templated":true}]}}