{"id":2904,"date":"2010-12-26T22:55:56","date_gmt":"2010-12-26T20:55:56","guid":{"rendered":"http:\/\/www.dalmatiner-sachsen-anhalt.de\/blog\/?p=2904"},"modified":"2010-12-26T22:55:56","modified_gmt":"2010-12-26T20:55:56","slug":"eingeschlafen","status":"publish","type":"post","link":"https:\/\/www.dalmatiner-sachsen-anhalt.de\/blog\/2904\/","title":{"rendered":"Eingeschlafen"},"content":{"rendered":"<h3><span style=\"color: #0000ff;\"><strong>Bandit <\/strong><\/span>wurde heute aus der WK genommen und von unserer Tochter Christin <strong>liebevoll gestreichelt<\/strong>. Dabei ist er doch glatt <strong>eingeschlafen<\/strong>!<\/h3>\n<p><a href=\"https:\/\/i0.wp.com\/www.dalmatiner-sachsen-anhalt.de\/blog\/wp-content\/uploads\/2010\/12\/bandit-welpen-tag-10_7439.jpg?ssl=1\"><img data-attachment-id=\"2905\" data-permalink=\"https:\/\/www.dalmatiner-sachsen-anhalt.de\/blog\/2904\/bandit-welpen-tag-10_7439\/\" data-orig-file=\"https:\/\/i0.wp.com\/www.dalmatiner-sachsen-anhalt.de\/blog\/wp-content\/uploads\/2010\/12\/bandit-welpen-tag-10_7439.jpg?fit=1154%2C768&amp;ssl=1\" data-orig-size=\"1154,768\" data-comments-opened=\"1\" data-image-meta=\"{&quot;aperture&quot;:&quot;0&quot;,&quot;credit&quot;:&quot;&quot;,&quot;camera&quot;:&quot;&quot;,&quot;caption&quot;:&quot;&quot;,&quot;created_timestamp&quot;:&quot;0&quot;,&quot;copyright&quot;:&quot;&quot;,&quot;focal_length&quot;:&quot;0&quot;,&quot;iso&quot;:&quot;0&quot;,&quot;shutter_speed&quot;:&quot;0&quot;,&quot;title&quot;:&quot;&quot;}\" data-image-title=\"bandit-welpen-tag-10_7439\" data-image-description=\"\" data-image-caption=\"\" data-medium-file=\"https:\/\/i0.wp.com\/www.dalmatiner-sachsen-anhalt.de\/blog\/wp-content\/uploads\/2010\/12\/bandit-welpen-tag-10_7439.jpg?fit=300%2C199&amp;ssl=1\" data-large-file=\"https:\/\/i0.wp.com\/www.dalmatiner-sachsen-anhalt.de\/blog\/wp-content\/uploads\/2010\/12\/bandit-welpen-tag-10_7439.jpg?fit=584%2C388&amp;ssl=1\" decoding=\"async\" loading=\"lazy\" class=\"aligncenter size-large wp-image-2905\" title=\"bandit-welpen-tag-10_7439\" src=\"https:\/\/i0.wp.com\/www.dalmatiner-sachsen-anhalt.de\/blog\/wp-content\/uploads\/2010\/12\/bandit-welpen-tag-10_7439.jpg?resize=506%2C336&#038;ssl=1\" alt=\"Bandit schl&#228;ft ein\" width=\"506\" height=\"336\" srcset=\"https:\/\/i0.wp.com\/www.dalmatiner-sachsen-anhalt.de\/blog\/wp-content\/uploads\/2010\/12\/bandit-welpen-tag-10_7439.jpg?resize=1024%2C681&amp;ssl=1 1024w, https:\/\/i0.wp.com\/www.dalmatiner-sachsen-anhalt.de\/blog\/wp-content\/uploads\/2010\/12\/bandit-welpen-tag-10_7439.jpg?resize=150%2C99&amp;ssl=1 150w, https:\/\/i0.wp.com\/www.dalmatiner-sachsen-anhalt.de\/blog\/wp-content\/uploads\/2010\/12\/bandit-welpen-tag-10_7439.jpg?resize=300%2C199&amp;ssl=1 300w, https:\/\/i0.wp.com\/www.dalmatiner-sachsen-anhalt.de\/blog\/wp-content\/uploads\/2010\/12\/bandit-welpen-tag-10_7439.jpg?w=1154&amp;ssl=1 1154w\" sizes=\"(max-width: 506px) 100vw, 506px\" data-recalc-dims=\"1\" \/><\/a><\/p>\n","protected":false},"excerpt":{"rendered":"<p>Bandit wurde heute aus der WK genommen und von unserer Tochter Christin liebevoll gestreichelt. Dabei ist er doch glatt eingeschlafen!<\/p>\n","protected":false},"author":1,"featured_media":0,"comment_status":"open","ping_status":"open","sticky":false,"template":"","format":"standard","meta":{"jetpack_post_was_ever_published":false,"jetpack_publicize_message":"","jetpack_is_tweetstorm":false,"jetpack_publicize_feature_enabled":true,"jetpack_social_post_already_shared":false,"jetpack_social_options":[]},"categories":[677,702],"tags":[39,736,214,737,80,735],"jetpack_publicize_connections":[],"jetpack_featured_media_url":"","jetpack_shortlink":"https:\/\/wp.me\/px1eF-KQ","jetpack_sharing_enabled":true,"jetpack_likes_enabled":true,"jetpack-related-posts":[{"id":3052,"url":"https:\/\/www.dalmatiner-sachsen-anhalt.de\/blog\/3052\/","url_meta":{"origin":2904,"position":0},"title":"Die Z&#228;hne sind da","date":"6. Januar 2011","format":false,"excerpt":"Die Z\u00e4hne sind da. Und nat\u00fcrlich m\u00fcssen sie ausprobiert werden. \u00dcberall wird hineingebissen. Hier sehen wir Bandit, Ballerina und Bastian in Aktion. Die Welpen sind heute 20 Tage alt.","rel":"","context":"In &quot;B-Wurf&quot;","img":{"alt_text":"","src":"","width":0,"height":0},"classes":[]},{"id":3028,"url":"https:\/\/www.dalmatiner-sachsen-anhalt.de\/blog\/3028\/","url_meta":{"origin":2904,"position":1},"title":"Wettkampf-Ergebnis","date":"6. Januar 2011","format":false,"excerpt":"Bandit sagt: \u201cHallo Welt! Heute habe ich mir wieder den 1. Platz beim Wettkampf um die besten Welpengewichte gesichert, dicht gefolgt von Bennet. Ich f\u00fchre nun mit 2460 Punkten!\" Bandit von den Sandstuecken \"Mein liebes Frauchen, nimm mich bitte schnell aus der Waag-Schale, denn ich mu\u00df weitersaufen!\"","rel":"","context":"In &quot;B-Wurf&quot;","img":{"alt_text":"Bandit von den Sandstuecken","src":"https:\/\/i0.wp.com\/www.dalmatiner-sachsen-anhalt.de\/blog\/wp-content\/uploads\/2011\/01\/bandit-welpen-tag-20_7820-1024x681.jpg?resize=350%2C200","width":350,"height":200},"classes":[]},{"id":2939,"url":"https:\/\/www.dalmatiner-sachsen-anhalt.de\/blog\/2939\/","url_meta":{"origin":2904,"position":2},"title":"Zum Vergleich","date":"29. Dezember 2010","format":false,"excerpt":"Die Welpen wachsen und wachsen - man kann fast zusehen. Damit man sehen kann, wie gro\u00df Bandit schon geworden ist, haben wir zum Vergleich die Hand eines Erwachsenen \"daneben gelegt\".","rel":"","context":"In &quot;B-Wurf&quot;","img":{"alt_text":"groessen-vergleich","src":"https:\/\/i0.wp.com\/www.dalmatiner-sachsen-anhalt.de\/blog\/wp-content\/uploads\/2010\/12\/bandit-welpen-tag-12_7558-1024x681.jpg?resize=350%2C200","width":350,"height":200},"classes":[]},{"id":2843,"url":"https:\/\/www.dalmatiner-sachsen-anhalt.de\/blog\/2843\/","url_meta":{"origin":2904,"position":3},"title":"Das 1. Video&#8230;","date":"22. Dezember 2010","format":false,"excerpt":"...mit Hummel vom Magdeburger Domfelsen und den B-Chens. Hauptdarsteller: Hummel, Bianca und Bandit.\u00a0 Viel Spa\u00df beim Ansehen!","rel":"","context":"In &quot;Allgemein&quot;","img":{"alt_text":"","src":"","width":0,"height":0},"classes":[]},{"id":3252,"url":"https:\/\/www.dalmatiner-sachsen-anhalt.de\/blog\/3252\/","url_meta":{"origin":2904,"position":4},"title":"Achtung Welpen-gassi-alarm !","date":"1. Februar 2011","format":false,"excerpt":"Heute waren wir wieder im Rudel Gassi. Bastian, Bandit, Baroness und Bennet hatten gro\u00dfe Freude daran.","rel":"","context":"In &quot;B-Wurf&quot;","img":{"alt_text":"","src":"https:\/\/i0.wp.com\/www.dalmatiner-sachsen-anhalt.de\/blog\/wp-content\/uploads\/2011\/02\/Welpen-Tag-47_9023-1024x681.jpg?resize=350%2C200","width":350,"height":200},"classes":[]},{"id":2900,"url":"https:\/\/www.dalmatiner-sachsen-anhalt.de\/blog\/2900\/","url_meta":{"origin":2904,"position":5},"title":"B-6-komplett","date":"26. Dezember 2010","format":false,"excerpt":"Unser Six Pack - hier haben wir einmal alle B-chens auf einem Foto - oder fast. (v.l.n.r. Bandit, Bennet, Bastian, Bianca, Baroness und Ballerina)","rel":"","context":"In &quot;B-Wurf&quot;","img":{"alt_text":"Six-Pack","src":"https:\/\/i0.wp.com\/www.dalmatiner-sachsen-anhalt.de\/blog\/wp-content\/uploads\/2010\/12\/B-6-welpen-tag-10_7435-1024x681.jpg?resize=350%2C200","width":350,"height":200},"classes":[]}],"_links":{"self":[{"href":"https:\/\/www.dalmatiner-sachsen-anhalt.de\/blog\/wp-json\/wp\/v2\/posts\/2904"}],"collection":[{"href":"https:\/\/www.dalmatiner-sachsen-anhalt.de\/blog\/wp-json\/wp\/v2\/posts"}],"about":[{"href":"https:\/\/www.dalmatiner-sachsen-anhalt.de\/blog\/wp-json\/wp\/v2\/types\/post"}],"author":[{"embeddable":true,"href":"https:\/\/www.dalmatiner-sachsen-anhalt.de\/blog\/wp-json\/wp\/v2\/users\/1"}],"replies":[{"embeddable":true,"href":"https:\/\/www.dalmatiner-sachsen-anhalt.de\/blog\/wp-json\/wp\/v2\/comments?post=2904"}],"version-history":[{"count":1,"href":"https:\/\/www.dalmatiner-sachsen-anhalt.de\/blog\/wp-json\/wp\/v2\/posts\/2904\/revisions"}],"predecessor-version":[{"id":2906,"href":"https:\/\/www.dalmatiner-sachsen-anhalt.de\/blog\/wp-json\/wp\/v2\/posts\/2904\/revisions\/2906"}],"wp:attachment":[{"href":"https:\/\/www.dalmatiner-sachsen-anhalt.de\/blog\/wp-json\/wp\/v2\/media?parent=2904"}],"wp:term":[{"taxonomy":"category","embeddable":true,"href":"https:\/\/www.dalmatiner-sachsen-anhalt.de\/blog\/wp-json\/wp\/v2\/categories?post=2904"},{"taxonomy":"post_tag","embeddable":true,"href":"https:\/\/www.dalmatiner-sachsen-anhalt.de\/blog\/wp-json\/wp\/v2\/tags?post=2904"}],"curies":[{"name":"wp","href":"https:\/\/api.w.org\/{rel}","templated":true}]}}