{"id":2907,"date":"2010-12-27T07:56:47","date_gmt":"2010-12-27T05:56:47","guid":{"rendered":"http:\/\/www.dalmatiner-sachsen-anhalt.de\/blog\/?p=2907"},"modified":"2010-12-26T23:04:06","modified_gmt":"2010-12-26T21:04:06","slug":"tapfer","status":"publish","type":"post","link":"https:\/\/www.dalmatiner-sachsen-anhalt.de\/blog\/2907\/","title":{"rendered":"Tapfer&#8230;"},"content":{"rendered":"<h3><span style=\"color: #ff0000;\"><strong>Bianca <\/strong><\/span>verteidigte <strong>tapfer <\/strong>&#8220;ihre Zitze&#8221; gegen den starken R&#252;den <span style=\"color: #0000ff;\"><strong>Bandit<\/strong><\/span>. Sie hat sich von ihm nicht zur Seite schieben lassen.<\/h3>\n<p><a href=\"https:\/\/i0.wp.com\/www.dalmatiner-sachsen-anhalt.de\/blog\/wp-content\/uploads\/2010\/12\/bianca-welpen-tag-10_7437.jpg?ssl=1\"><img data-attachment-id=\"2908\" data-permalink=\"https:\/\/www.dalmatiner-sachsen-anhalt.de\/blog\/2907\/bianca-welpen-tag-10_7437\/\" data-orig-file=\"https:\/\/i0.wp.com\/www.dalmatiner-sachsen-anhalt.de\/blog\/wp-content\/uploads\/2010\/12\/bianca-welpen-tag-10_7437.jpg?fit=1154%2C768&amp;ssl=1\" data-orig-size=\"1154,768\" data-comments-opened=\"1\" data-image-meta=\"{&quot;aperture&quot;:&quot;0&quot;,&quot;credit&quot;:&quot;&quot;,&quot;camera&quot;:&quot;&quot;,&quot;caption&quot;:&quot;&quot;,&quot;created_timestamp&quot;:&quot;0&quot;,&quot;copyright&quot;:&quot;&quot;,&quot;focal_length&quot;:&quot;0&quot;,&quot;iso&quot;:&quot;0&quot;,&quot;shutter_speed&quot;:&quot;0&quot;,&quot;title&quot;:&quot;&quot;}\" data-image-title=\"bianca-welpen-tag-10_7437\" data-image-description=\"\" data-image-caption=\"\" data-medium-file=\"https:\/\/i0.wp.com\/www.dalmatiner-sachsen-anhalt.de\/blog\/wp-content\/uploads\/2010\/12\/bianca-welpen-tag-10_7437.jpg?fit=300%2C199&amp;ssl=1\" data-large-file=\"https:\/\/i0.wp.com\/www.dalmatiner-sachsen-anhalt.de\/blog\/wp-content\/uploads\/2010\/12\/bianca-welpen-tag-10_7437.jpg?fit=584%2C388&amp;ssl=1\" decoding=\"async\" loading=\"lazy\" class=\"aligncenter size-large wp-image-2908\" title=\"bianca-welpen-tag-10_7437\" src=\"https:\/\/i0.wp.com\/www.dalmatiner-sachsen-anhalt.de\/blog\/wp-content\/uploads\/2010\/12\/bianca-welpen-tag-10_7437.jpg?resize=506%2C335&#038;ssl=1\" alt=\"Tapfere Bianca\" width=\"506\" height=\"335\" srcset=\"https:\/\/i0.wp.com\/www.dalmatiner-sachsen-anhalt.de\/blog\/wp-content\/uploads\/2010\/12\/bianca-welpen-tag-10_7437.jpg?resize=150%2C99&amp;ssl=1 150w, https:\/\/i0.wp.com\/www.dalmatiner-sachsen-anhalt.de\/blog\/wp-content\/uploads\/2010\/12\/bianca-welpen-tag-10_7437.jpg?resize=300%2C199&amp;ssl=1 300w, https:\/\/i0.wp.com\/www.dalmatiner-sachsen-anhalt.de\/blog\/wp-content\/uploads\/2010\/12\/bianca-welpen-tag-10_7437.jpg?zoom=2&amp;resize=506%2C335&amp;ssl=1 1012w\" sizes=\"(max-width: 506px) 100vw, 506px\" data-recalc-dims=\"1\" \/><\/a><\/p>\n","protected":false},"excerpt":{"rendered":"<p>Bianca verteidigte tapfer &#8220;ihre Zitze&#8221; gegen den starken R&#252;den Bandit. Sie hat sich von ihm nicht zur Seite schieben lassen.<\/p>\n","protected":false},"author":1,"featured_media":0,"comment_status":"open","ping_status":"open","sticky":false,"template":"","format":"standard","meta":{"jetpack_post_was_ever_published":false,"jetpack_publicize_message":"","jetpack_is_tweetstorm":false,"jetpack_publicize_feature_enabled":true,"jetpack_social_post_already_shared":false,"jetpack_social_options":[]},"categories":[677,705],"tags":[722,39,49,388,214,62,94],"jetpack_publicize_connections":[],"jetpack_featured_media_url":"","jetpack_shortlink":"https:\/\/wp.me\/sx1eF-tapfer","jetpack_sharing_enabled":true,"jetpack_likes_enabled":true,"jetpack-related-posts":[{"id":3179,"url":"https:\/\/www.dalmatiner-sachsen-anhalt.de\/blog\/3179\/","url_meta":{"origin":2907,"position":0},"title":"Stehbild von Bianca","date":"23. Januar 2011","format":false,"excerpt":"Auch Bianca hat tapfer versucht schon eine \"Gute Figur\" zu machen und es ist ihr f\u00fcr den Anfang recht gut gelungen","rel":"","context":"In &quot;B-Wurf&quot;","img":{"alt_text":"","src":"https:\/\/i0.wp.com\/www.dalmatiner-sachsen-anhalt.de\/blog\/wp-content\/uploads\/2011\/01\/welpen-tag-31_8467-1024x681.jpg?resize=350%2C200","width":350,"height":200},"classes":[]},{"id":3006,"url":"https:\/\/www.dalmatiner-sachsen-anhalt.de\/blog\/3006\/","url_meta":{"origin":2907,"position":1},"title":"Bianca gr&#252;&#223;t Deutschlands Hauptstadt Berlin","date":"3. Januar 2011","format":false,"excerpt":"Bianca gr\u00fc\u00dft Ihre liebe Familie in Berlin, die schon lange auf sie wartet. Sie findet ein tolles Zuhause mit H\u00e4uschen im gr\u00fcnen Garten. Bis dahin l\u00e4\u00dft sie sich noch Mamas Milch schmecken um gro\u00df und stark zu werden. Bianca ist reserviert\u00a0 und freut sich auf liebe Menschen in Berlin.","rel":"","context":"In &quot;B-Wurf&quot;","img":{"alt_text":"","src":"https:\/\/i0.wp.com\/www.dalmatiner-sachsen-anhalt.de\/blog\/wp-content\/uploads\/2011\/01\/bianca-welpen-tag-10_7437-1024x681.jpg?resize=350%2C200","width":350,"height":200},"classes":[]},{"id":3222,"url":"https:\/\/www.dalmatiner-sachsen-anhalt.de\/blog\/3222\/","url_meta":{"origin":2907,"position":2},"title":"Model: zauberhafte Bianca","date":"27. Januar 2011","format":false,"excerpt":"Heute: ein Schnappschu\u00df von unserer zauberhaften Bianca","rel":"","context":"In &quot;B-Wurf&quot;","img":{"alt_text":"","src":"https:\/\/i0.wp.com\/www.dalmatiner-sachsen-anhalt.de\/blog\/wp-content\/uploads\/2011\/01\/Welpen-Tag-40-41_8791-1024x681.jpg?resize=350%2C200","width":350,"height":200},"classes":[]},{"id":3367,"url":"https:\/\/www.dalmatiner-sachsen-anhalt.de\/blog\/3367\/","url_meta":{"origin":2907,"position":3},"title":"Bianca in Berlin","date":"1. M&auml;rz 2011","format":false,"excerpt":"Wir haben Bianca und ihre Familie in Berlin besucht. Ein tolles Kulturerlebnis und gro\u00dfz\u00fcgige Gastfreundschaft bescherten uns ein sch\u00f6nes Wochenende mit einem sehr herzlichen Wiedersehen mit unserer Bianca von den Sandst\u00fccken. Die Freude war auf beiden Seiten riesengro\u00df! Vielen Dank an Biancas neue Familie!","rel":"","context":"In &quot;B-Wurf&quot;","img":{"alt_text":"","src":"https:\/\/i0.wp.com\/www.dalmatiner-sachsen-anhalt.de\/blog\/wp-content\/uploads\/2011\/03\/in-Berlin_9870-1024x681.jpg?resize=350%2C200","width":350,"height":200},"classes":[]},{"id":2859,"url":"https:\/\/www.dalmatiner-sachsen-anhalt.de\/blog\/2859\/","url_meta":{"origin":2907,"position":4},"title":"Welpen-Kuschelei","date":"23. Dezember 2010","format":false,"excerpt":"Hier kuscheln Bianca und Ballerina.","rel":"","context":"In &quot;B-Wurf&quot;","img":{"alt_text":"Bianca und Ballerina am 7. Tag","src":"https:\/\/i0.wp.com\/www.dalmatiner-sachsen-anhalt.de\/blog\/wp-content\/uploads\/2010\/12\/welpen-tag-7_5767-1024x681.jpg?resize=350%2C200","width":350,"height":200},"classes":[]},{"id":5629,"url":"https:\/\/www.dalmatiner-sachsen-anhalt.de\/blog\/5629\/","url_meta":{"origin":2907,"position":5},"title":"Reif f&#252;r Balkonien","date":"29. Juni 2013","format":false,"excerpt":"\u00a0 Bianca vdS macht sich einen sch\u00f6nen Tag auf der Terrasse. Recht hat sie.","rel":"","context":"In &quot;B-Wurf&quot;","img":{"alt_text":"bianca vds","src":"https:\/\/i0.wp.com\/www.dalmatiner-sachsen-anhalt.de\/blog\/wp-content\/uploads\/2013\/06\/20130625-Bianca-Terasse.jpg?resize=350%2C200","width":350,"height":200},"classes":[]}],"_links":{"self":[{"href":"https:\/\/www.dalmatiner-sachsen-anhalt.de\/blog\/wp-json\/wp\/v2\/posts\/2907"}],"collection":[{"href":"https:\/\/www.dalmatiner-sachsen-anhalt.de\/blog\/wp-json\/wp\/v2\/posts"}],"about":[{"href":"https:\/\/www.dalmatiner-sachsen-anhalt.de\/blog\/wp-json\/wp\/v2\/types\/post"}],"author":[{"embeddable":true,"href":"https:\/\/www.dalmatiner-sachsen-anhalt.de\/blog\/wp-json\/wp\/v2\/users\/1"}],"replies":[{"embeddable":true,"href":"https:\/\/www.dalmatiner-sachsen-anhalt.de\/blog\/wp-json\/wp\/v2\/comments?post=2907"}],"version-history":[{"count":2,"href":"https:\/\/www.dalmatiner-sachsen-anhalt.de\/blog\/wp-json\/wp\/v2\/posts\/2907\/revisions"}],"predecessor-version":[{"id":2910,"href":"https:\/\/www.dalmatiner-sachsen-anhalt.de\/blog\/wp-json\/wp\/v2\/posts\/2907\/revisions\/2910"}],"wp:attachment":[{"href":"https:\/\/www.dalmatiner-sachsen-anhalt.de\/blog\/wp-json\/wp\/v2\/media?parent=2907"}],"wp:term":[{"taxonomy":"category","embeddable":true,"href":"https:\/\/www.dalmatiner-sachsen-anhalt.de\/blog\/wp-json\/wp\/v2\/categories?post=2907"},{"taxonomy":"post_tag","embeddable":true,"href":"https:\/\/www.dalmatiner-sachsen-anhalt.de\/blog\/wp-json\/wp\/v2\/tags?post=2907"}],"curies":[{"name":"wp","href":"https:\/\/api.w.org\/{rel}","templated":true}]}}