{"id":2919,"date":"2010-12-27T23:01:57","date_gmt":"2010-12-27T21:01:57","guid":{"rendered":"http:\/\/www.dalmatiner-sachsen-anhalt.de\/blog\/?p=2919"},"modified":"2010-12-27T23:01:57","modified_gmt":"2010-12-27T21:01:57","slug":"ballerina-von-den-sandstuecken","status":"publish","type":"post","link":"https:\/\/www.dalmatiner-sachsen-anhalt.de\/blog\/2919\/","title":{"rendered":"Ballerina von den Sandst&#252;cken"},"content":{"rendered":"<h3 style=\"text-align: center;\"><span style=\"color: #ff0000;\"><strong>Ballerina<\/strong><\/span>, die hier den Schlaf der Gerechten schl&#228;ft, brachte heute <strong>1140 g <\/strong>auf die Waage.<\/h3>\n<p style=\"text-align: center;\"><a title=\"Ballerina von den Sandst&#252;cken\" href=\"https:\/\/i0.wp.com\/www.dalmatiner-sachsen-anhalt.de\/blog\/wp-content\/uploads\/2010\/12\/ballerina-welpen-tag-11_7492.jpg?ssl=1\"><img data-attachment-id=\"2920\" data-permalink=\"https:\/\/www.dalmatiner-sachsen-anhalt.de\/blog\/2919\/ballerina-welpen-tag-11_7492\/\" data-orig-file=\"https:\/\/i0.wp.com\/www.dalmatiner-sachsen-anhalt.de\/blog\/wp-content\/uploads\/2010\/12\/ballerina-welpen-tag-11_7492.jpg?fit=1154%2C768&amp;ssl=1\" data-orig-size=\"1154,768\" data-comments-opened=\"1\" data-image-meta=\"{&quot;aperture&quot;:&quot;0&quot;,&quot;credit&quot;:&quot;&quot;,&quot;camera&quot;:&quot;&quot;,&quot;caption&quot;:&quot;&quot;,&quot;created_timestamp&quot;:&quot;0&quot;,&quot;copyright&quot;:&quot;&quot;,&quot;focal_length&quot;:&quot;0&quot;,&quot;iso&quot;:&quot;0&quot;,&quot;shutter_speed&quot;:&quot;0&quot;,&quot;title&quot;:&quot;&quot;}\" data-image-title=\"ballerina-welpen-tag-11_7492\" data-image-description=\"\" data-image-caption=\"&lt;p&gt;Ballerina von den Sandst\u00fccken&lt;\/p&gt;\n\" data-medium-file=\"https:\/\/i0.wp.com\/www.dalmatiner-sachsen-anhalt.de\/blog\/wp-content\/uploads\/2010\/12\/ballerina-welpen-tag-11_7492.jpg?fit=300%2C199&amp;ssl=1\" data-large-file=\"https:\/\/i0.wp.com\/www.dalmatiner-sachsen-anhalt.de\/blog\/wp-content\/uploads\/2010\/12\/ballerina-welpen-tag-11_7492.jpg?fit=584%2C388&amp;ssl=1\" decoding=\"async\" loading=\"lazy\" class=\"size-large wp-image-2920 aligncenter\" title=\"ballerina-welpen-tag-11_7492\" src=\"https:\/\/i0.wp.com\/www.dalmatiner-sachsen-anhalt.de\/blog\/wp-content\/uploads\/2010\/12\/ballerina-welpen-tag-11_7492.jpg?resize=506%2C336&#038;ssl=1\" alt=\"\" width=\"506\" height=\"336\" srcset=\"https:\/\/i0.wp.com\/www.dalmatiner-sachsen-anhalt.de\/blog\/wp-content\/uploads\/2010\/12\/ballerina-welpen-tag-11_7492.jpg?resize=1024%2C681&amp;ssl=1 1024w, https:\/\/i0.wp.com\/www.dalmatiner-sachsen-anhalt.de\/blog\/wp-content\/uploads\/2010\/12\/ballerina-welpen-tag-11_7492.jpg?resize=150%2C99&amp;ssl=1 150w, https:\/\/i0.wp.com\/www.dalmatiner-sachsen-anhalt.de\/blog\/wp-content\/uploads\/2010\/12\/ballerina-welpen-tag-11_7492.jpg?resize=300%2C199&amp;ssl=1 300w, https:\/\/i0.wp.com\/www.dalmatiner-sachsen-anhalt.de\/blog\/wp-content\/uploads\/2010\/12\/ballerina-welpen-tag-11_7492.jpg?w=1154&amp;ssl=1 1154w\" sizes=\"(max-width: 506px) 100vw, 506px\" data-recalc-dims=\"1\" \/><\/a><\/p>\n","protected":false},"excerpt":{"rendered":"<p>Ballerina, die hier den Schlaf der Gerechten schl&#228;ft, brachte heute 1140 g auf die Waage.<\/p>\n","protected":false},"author":1,"featured_media":0,"comment_status":"open","ping_status":"open","sticky":false,"template":"","format":"standard","meta":{"jetpack_post_was_ever_published":false,"jetpack_publicize_message":"","jetpack_is_tweetstorm":false,"jetpack_publicize_feature_enabled":true,"jetpack_social_post_already_shared":false,"jetpack_social_options":[]},"categories":[677,709,3],"tags":[743,742,305,388,214,744],"jetpack_publicize_connections":[],"jetpack_featured_media_url":"","jetpack_shortlink":"https:\/\/wp.me\/px1eF-L5","jetpack_sharing_enabled":true,"jetpack_likes_enabled":true,"jetpack-related-posts":[{"id":3123,"url":"https:\/\/www.dalmatiner-sachsen-anhalt.de\/blog\/3123\/","url_meta":{"origin":2919,"position":0},"title":"Ballerina &#038; Bennet","date":"14. Januar 2011","format":false,"excerpt":"Ballerina & Bennet sind satt und nach dem Spielen wird es nun Zeit, ein wenig zu schlafen.","rel":"","context":"In &quot;B-Wurf&quot;","img":{"alt_text":"ballerina und bennet","src":"https:\/\/i0.wp.com\/www.dalmatiner-sachsen-anhalt.de\/blog\/wp-content\/uploads\/2011\/01\/Welpen-Tag-29-30_8187-1024x681.jpg?resize=350%2C200","width":350,"height":200},"classes":[]},{"id":2827,"url":"https:\/\/www.dalmatiner-sachsen-anhalt.de\/blog\/2827\/","url_meta":{"origin":2919,"position":1},"title":"Voil\u00e0 &#8211; La Ballerina","date":"21. Dezember 2010","format":false,"excerpt":"","rel":"","context":"In &quot;B-Wurf&quot;","img":{"alt_text":"Ballerina von den Sandst\u00c3\u00bccken","src":"https:\/\/i0.wp.com\/www.dalmatiner-sachsen-anhalt.de\/blog\/wp-content\/uploads\/2010\/12\/Ballerina_5574-1024x681.jpg?resize=350%2C200","width":350,"height":200},"classes":[]},{"id":4226,"url":"https:\/\/www.dalmatiner-sachsen-anhalt.de\/blog\/4226\/","url_meta":{"origin":2919,"position":2},"title":"Ballerina","date":"8. Juni 2012","format":false,"excerpt":"Beim Spaziergang mit Ballerina vdS, die und heute besucht hat.","rel":"","context":"In &quot;Allgemein&quot;","img":{"alt_text":"","src":"","width":0,"height":0},"classes":[]},{"id":2859,"url":"https:\/\/www.dalmatiner-sachsen-anhalt.de\/blog\/2859\/","url_meta":{"origin":2919,"position":3},"title":"Welpen-Kuschelei","date":"23. Dezember 2010","format":false,"excerpt":"Hier kuscheln Bianca und Ballerina.","rel":"","context":"In &quot;B-Wurf&quot;","img":{"alt_text":"Bianca und Ballerina am 7. Tag","src":"https:\/\/i0.wp.com\/www.dalmatiner-sachsen-anhalt.de\/blog\/wp-content\/uploads\/2010\/12\/welpen-tag-7_5767-1024x681.jpg?resize=350%2C200","width":350,"height":200},"classes":[]},{"id":3331,"url":"https:\/\/www.dalmatiner-sachsen-anhalt.de\/blog\/3331\/","url_meta":{"origin":2919,"position":4},"title":"Adieu Ballerina!","date":"19. Februar 2011","format":false,"excerpt":"Heute haben wir Ballerina Ihrer neuen Familie \u00fcbergeben. Das war nicht einfach f\u00fcr uns, wie auch vorher schon bei den anderen Welpen. Aber wir wissen, da\u00df es ihr an nichts fehlen wird und freuen uns schon auf ein Wiedersehen. Alles Gute auch f\u00fcr Euch!","rel":"","context":"In &quot;B-Wurf&quot;","img":{"alt_text":"ballerina-von-den-sandstuecken-abschied","src":"https:\/\/i0.wp.com\/www.dalmatiner-sachsen-anhalt.de\/blog\/wp-content\/uploads\/2011\/02\/welpen-tag-65_9690-1024x681.jpg?resize=350%2C200","width":350,"height":200},"classes":[]},{"id":3190,"url":"https:\/\/www.dalmatiner-sachsen-anhalt.de\/blog\/3190\/","url_meta":{"origin":2919,"position":5},"title":"Stehbild von Ballerina","date":"23. Januar 2011","format":false,"excerpt":"Unsere zarte Ballerina hat zwar ein paar Gramm weniger, ist aber ebenso durchsetzungsf\u00e4hig wie ihre Geschwister.","rel":"","context":"In &quot;B-Wurf&quot;","img":{"alt_text":"","src":"https:\/\/i0.wp.com\/www.dalmatiner-sachsen-anhalt.de\/blog\/wp-content\/uploads\/2011\/01\/welpen-tag-31_8447-1024x681.jpg?resize=350%2C200","width":350,"height":200},"classes":[]}],"_links":{"self":[{"href":"https:\/\/www.dalmatiner-sachsen-anhalt.de\/blog\/wp-json\/wp\/v2\/posts\/2919"}],"collection":[{"href":"https:\/\/www.dalmatiner-sachsen-anhalt.de\/blog\/wp-json\/wp\/v2\/posts"}],"about":[{"href":"https:\/\/www.dalmatiner-sachsen-anhalt.de\/blog\/wp-json\/wp\/v2\/types\/post"}],"author":[{"embeddable":true,"href":"https:\/\/www.dalmatiner-sachsen-anhalt.de\/blog\/wp-json\/wp\/v2\/users\/1"}],"replies":[{"embeddable":true,"href":"https:\/\/www.dalmatiner-sachsen-anhalt.de\/blog\/wp-json\/wp\/v2\/comments?post=2919"}],"version-history":[{"count":3,"href":"https:\/\/www.dalmatiner-sachsen-anhalt.de\/blog\/wp-json\/wp\/v2\/posts\/2919\/revisions"}],"predecessor-version":[{"id":2923,"href":"https:\/\/www.dalmatiner-sachsen-anhalt.de\/blog\/wp-json\/wp\/v2\/posts\/2919\/revisions\/2923"}],"wp:attachment":[{"href":"https:\/\/www.dalmatiner-sachsen-anhalt.de\/blog\/wp-json\/wp\/v2\/media?parent=2919"}],"wp:term":[{"taxonomy":"category","embeddable":true,"href":"https:\/\/www.dalmatiner-sachsen-anhalt.de\/blog\/wp-json\/wp\/v2\/categories?post=2919"},{"taxonomy":"post_tag","embeddable":true,"href":"https:\/\/www.dalmatiner-sachsen-anhalt.de\/blog\/wp-json\/wp\/v2\/tags?post=2919"}],"curies":[{"name":"wp","href":"https:\/\/api.w.org\/{rel}","templated":true}]}}