{"id":2958,"date":"2010-12-30T22:35:48","date_gmt":"2010-12-30T20:35:48","guid":{"rendered":"http:\/\/www.dalmatiner-sachsen-anhalt.de\/blog\/?p=2958"},"modified":"2010-12-30T22:35:48","modified_gmt":"2010-12-30T20:35:48","slug":"viel-gesehen","status":"publish","type":"post","link":"https:\/\/www.dalmatiner-sachsen-anhalt.de\/blog\/2958\/","title":{"rendered":"Viel gesehen"},"content":{"rendered":"<h3 style=\"text-align: center;\">Auch dieser kleine s&#252;&#223;e R&#252;de hat heute schon<strong> viel gesehen<\/strong>.<\/h3>\n<p style=\"text-align: center;\"><a href=\"https:\/\/i0.wp.com\/www.dalmatiner-sachsen-anhalt.de\/blog\/wp-content\/uploads\/2010\/12\/bennet-welpen-tag-14_7571.jpg?ssl=1\"><img data-attachment-id=\"2959\" data-permalink=\"https:\/\/www.dalmatiner-sachsen-anhalt.de\/blog\/2958\/bennet-welpen-tag-14_7571\/\" data-orig-file=\"https:\/\/i0.wp.com\/www.dalmatiner-sachsen-anhalt.de\/blog\/wp-content\/uploads\/2010\/12\/bennet-welpen-tag-14_7571.jpg?fit=1154%2C768&amp;ssl=1\" data-orig-size=\"1154,768\" data-comments-opened=\"1\" data-image-meta=\"{&quot;aperture&quot;:&quot;0&quot;,&quot;credit&quot;:&quot;&quot;,&quot;camera&quot;:&quot;&quot;,&quot;caption&quot;:&quot;&quot;,&quot;created_timestamp&quot;:&quot;0&quot;,&quot;copyright&quot;:&quot;&quot;,&quot;focal_length&quot;:&quot;0&quot;,&quot;iso&quot;:&quot;0&quot;,&quot;shutter_speed&quot;:&quot;0&quot;,&quot;title&quot;:&quot;&quot;}\" data-image-title=\"bennet-welpen-tag-14_7571\" data-image-description=\"\" data-image-caption=\"\" data-medium-file=\"https:\/\/i0.wp.com\/www.dalmatiner-sachsen-anhalt.de\/blog\/wp-content\/uploads\/2010\/12\/bennet-welpen-tag-14_7571.jpg?fit=300%2C199&amp;ssl=1\" data-large-file=\"https:\/\/i0.wp.com\/www.dalmatiner-sachsen-anhalt.de\/blog\/wp-content\/uploads\/2010\/12\/bennet-welpen-tag-14_7571.jpg?fit=584%2C388&amp;ssl=1\" decoding=\"async\" loading=\"lazy\" class=\"aligncenter size-large wp-image-2959\" title=\"bennet-welpen-tag-14_7571\" src=\"https:\/\/i0.wp.com\/www.dalmatiner-sachsen-anhalt.de\/blog\/wp-content\/uploads\/2010\/12\/bennet-welpen-tag-14_7571.jpg?resize=506%2C337&#038;ssl=1\" alt=\"Viel gesehen\" width=\"506\" height=\"337\" srcset=\"https:\/\/i0.wp.com\/www.dalmatiner-sachsen-anhalt.de\/blog\/wp-content\/uploads\/2010\/12\/bennet-welpen-tag-14_7571.jpg?resize=1024%2C681&amp;ssl=1 1024w, https:\/\/i0.wp.com\/www.dalmatiner-sachsen-anhalt.de\/blog\/wp-content\/uploads\/2010\/12\/bennet-welpen-tag-14_7571.jpg?resize=150%2C99&amp;ssl=1 150w, https:\/\/i0.wp.com\/www.dalmatiner-sachsen-anhalt.de\/blog\/wp-content\/uploads\/2010\/12\/bennet-welpen-tag-14_7571.jpg?resize=300%2C199&amp;ssl=1 300w, https:\/\/i0.wp.com\/www.dalmatiner-sachsen-anhalt.de\/blog\/wp-content\/uploads\/2010\/12\/bennet-welpen-tag-14_7571.jpg?w=1154&amp;ssl=1 1154w\" sizes=\"(max-width: 506px) 100vw, 506px\" data-recalc-dims=\"1\" \/><\/a><span style=\"color: #0000ff;\"><strong>Bennet von den Sandst&#252;cken<\/strong><\/span><\/p>\n","protected":false},"excerpt":{"rendered":"<p>Auch dieser kleine s&#252;&#223;e R&#252;de hat heute schon viel gesehen. Bennet von den Sandst&#252;cken<\/p>\n","protected":false},"author":1,"featured_media":0,"comment_status":"open","ping_status":"open","sticky":false,"template":"","format":"standard","meta":{"jetpack_post_was_ever_published":false,"jetpack_publicize_message":"","jetpack_is_tweetstorm":false,"jetpack_publicize_feature_enabled":true,"jetpack_social_post_already_shared":false,"jetpack_social_options":[]},"categories":[677,730,3],"tags":[759,35,693,388,696,758],"jetpack_publicize_connections":[],"jetpack_featured_media_url":"","jetpack_shortlink":"https:\/\/wp.me\/px1eF-LI","jetpack_sharing_enabled":true,"jetpack_likes_enabled":true,"jetpack-related-posts":[{"id":2831,"url":"https:\/\/www.dalmatiner-sachsen-anhalt.de\/blog\/2831\/","url_meta":{"origin":2958,"position":0},"title":"Und das ist Bennet","date":"21. Dezember 2010","format":false,"excerpt":"","rel":"","context":"In &quot;B-Wurf&quot;","img":{"alt_text":"Bennet von den Sandst\u00c3\u00bccken","src":"https:\/\/i0.wp.com\/www.dalmatiner-sachsen-anhalt.de\/blog\/wp-content\/uploads\/2010\/12\/B-Wurf-Tag-4_7021-1024x681.jpg?resize=350%2C200","width":350,"height":200},"classes":[]},{"id":4069,"url":"https:\/\/www.dalmatiner-sachsen-anhalt.de\/blog\/4069\/","url_meta":{"origin":2958,"position":1},"title":"Bennet vdS","date":"19. Mai 2012","format":false,"excerpt":"Lieber Besuch von Bennet von den Sandst\u00fccken mit Familie, aber leider viel zu kurz.","rel":"","context":"In &quot;Bennet&quot;","img":{"alt_text":"","src":"https:\/\/i0.wp.com\/www.dalmatiner-sachsen-anhalt.de\/blog\/wp-content\/uploads\/2012\/05\/bennet-vdS-2012-1024x681.jpg?resize=350%2C200","width":350,"height":200},"classes":[]},{"id":3136,"url":"https:\/\/www.dalmatiner-sachsen-anhalt.de\/blog\/3136\/","url_meta":{"origin":2958,"position":2},"title":"S&#252;&#223;er Flecken-Zwerg","date":"15. Januar 2011","format":false,"excerpt":"Bennet von den Sandst\u00fccken","rel":"","context":"In &quot;B-Wurf&quot;","img":{"alt_text":"flecken-zwerg","src":"https:\/\/i0.wp.com\/www.dalmatiner-sachsen-anhalt.de\/blog\/wp-content\/uploads\/2011\/01\/bennet-Welpen-Tag-29-30_8188-1024x681.jpg?resize=350%2C200","width":350,"height":200},"classes":[]},{"id":3582,"url":"https:\/\/www.dalmatiner-sachsen-anhalt.de\/blog\/3582\/","url_meta":{"origin":2958,"position":3},"title":"Viel Gl&#252;ck in Erfurt!","date":"17. Juni 2011","format":false,"excerpt":"\"Unser\" Ares f\u00e4hrt dieses Wochenende zur Ausstellung nach Erfurt. Wir dr\u00fccken ganz kr\u00e4ftig alle Pfoten und w\u00fcnschen Sabine mit Ares ein sch\u00f6nes Wochenende mit vielen Dalmis und Freunden. Wir werden B-chen Bennet, Beiname \"Baron\" besuchen fahren.","rel":"","context":"In &quot;A-Wurf&quot;","img":{"alt_text":"","src":"https:\/\/i0.wp.com\/www.dalmatiner-sachsen-anhalt.de\/blog\/wp-content\/uploads\/2011\/06\/IMG_0230.jpg?resize=350%2C200","width":350,"height":200},"classes":[]},{"id":2900,"url":"https:\/\/www.dalmatiner-sachsen-anhalt.de\/blog\/2900\/","url_meta":{"origin":2958,"position":4},"title":"B-6-komplett","date":"26. Dezember 2010","format":false,"excerpt":"Unser Six Pack - hier haben wir einmal alle B-chens auf einem Foto - oder fast. (v.l.n.r. Bandit, Bennet, Bastian, Bianca, Baroness und Ballerina)","rel":"","context":"In &quot;B-Wurf&quot;","img":{"alt_text":"Six-Pack","src":"https:\/\/i0.wp.com\/www.dalmatiner-sachsen-anhalt.de\/blog\/wp-content\/uploads\/2010\/12\/B-6-welpen-tag-10_7435-1024x681.jpg?resize=350%2C200","width":350,"height":200},"classes":[]},{"id":6684,"url":"https:\/\/www.dalmatiner-sachsen-anhalt.de\/blog\/6684\/","url_meta":{"origin":2958,"position":5},"title":"Gl&#252;ckw&#252;nsche","date":"17. Dezember 2016","format":false,"excerpt":"\u00a0 Herzliche Gl\u00fcckw\u00fcnsche zum 6. Geburtstag gehen an unseren B- Wurf. Ballerina, Baroness, Bianca, Bandit, Bastian und Bennet w\u00fcnschen wir alles Gute und viel Gesundheit. \u00a0","rel":"","context":"In &quot;B-Wurf&quot;","img":{"alt_text":"welpen-tag-44_8932","src":"https:\/\/i0.wp.com\/www.dalmatiner-sachsen-anhalt.de\/blog\/wp-content\/uploads\/2016\/12\/Welpen-Tag-44_8932.jpg?fit=1200%2C798&ssl=1&resize=350%2C200","width":350,"height":200},"classes":[]}],"_links":{"self":[{"href":"https:\/\/www.dalmatiner-sachsen-anhalt.de\/blog\/wp-json\/wp\/v2\/posts\/2958"}],"collection":[{"href":"https:\/\/www.dalmatiner-sachsen-anhalt.de\/blog\/wp-json\/wp\/v2\/posts"}],"about":[{"href":"https:\/\/www.dalmatiner-sachsen-anhalt.de\/blog\/wp-json\/wp\/v2\/types\/post"}],"author":[{"embeddable":true,"href":"https:\/\/www.dalmatiner-sachsen-anhalt.de\/blog\/wp-json\/wp\/v2\/users\/1"}],"replies":[{"embeddable":true,"href":"https:\/\/www.dalmatiner-sachsen-anhalt.de\/blog\/wp-json\/wp\/v2\/comments?post=2958"}],"version-history":[{"count":2,"href":"https:\/\/www.dalmatiner-sachsen-anhalt.de\/blog\/wp-json\/wp\/v2\/posts\/2958\/revisions"}],"predecessor-version":[{"id":2961,"href":"https:\/\/www.dalmatiner-sachsen-anhalt.de\/blog\/wp-json\/wp\/v2\/posts\/2958\/revisions\/2961"}],"wp:attachment":[{"href":"https:\/\/www.dalmatiner-sachsen-anhalt.de\/blog\/wp-json\/wp\/v2\/media?parent=2958"}],"wp:term":[{"taxonomy":"category","embeddable":true,"href":"https:\/\/www.dalmatiner-sachsen-anhalt.de\/blog\/wp-json\/wp\/v2\/categories?post=2958"},{"taxonomy":"post_tag","embeddable":true,"href":"https:\/\/www.dalmatiner-sachsen-anhalt.de\/blog\/wp-json\/wp\/v2\/tags?post=2958"}],"curies":[{"name":"wp","href":"https:\/\/api.w.org\/{rel}","templated":true}]}}