{"id":2962,"date":"2010-12-30T22:44:26","date_gmt":"2010-12-30T20:44:26","guid":{"rendered":"http:\/\/www.dalmatiner-sachsen-anhalt.de\/blog\/?p=2962"},"modified":"2010-12-30T22:44:26","modified_gmt":"2010-12-30T20:44:26","slug":"schoene-augen","status":"publish","type":"post","link":"https:\/\/www.dalmatiner-sachsen-anhalt.de\/blog\/2962\/","title":{"rendered":"Sch&#246;ne Augen"},"content":{"rendered":"<h3 style=\"text-align: center;\">Diese junge Dalmi-Dame macht <strong>sch&#246;ne Augen<\/strong> und verdreht jetzt schon allen den Kopf.<\/h3>\n<p style=\"text-align: center;\">\n<p style=\"text-align: center;\"><a href=\"https:\/\/i0.wp.com\/www.dalmatiner-sachsen-anhalt.de\/blog\/wp-content\/uploads\/2010\/12\/ballerina-welpen-tag-14_7577.jpg?ssl=1\"><img data-attachment-id=\"2963\" data-permalink=\"https:\/\/www.dalmatiner-sachsen-anhalt.de\/blog\/2962\/ballerina-welpen-tag-14_7577\/\" data-orig-file=\"https:\/\/i0.wp.com\/www.dalmatiner-sachsen-anhalt.de\/blog\/wp-content\/uploads\/2010\/12\/ballerina-welpen-tag-14_7577.jpg?fit=1154%2C768&amp;ssl=1\" data-orig-size=\"1154,768\" data-comments-opened=\"1\" data-image-meta=\"{&quot;aperture&quot;:&quot;0&quot;,&quot;credit&quot;:&quot;&quot;,&quot;camera&quot;:&quot;&quot;,&quot;caption&quot;:&quot;&quot;,&quot;created_timestamp&quot;:&quot;0&quot;,&quot;copyright&quot;:&quot;&quot;,&quot;focal_length&quot;:&quot;0&quot;,&quot;iso&quot;:&quot;0&quot;,&quot;shutter_speed&quot;:&quot;0&quot;,&quot;title&quot;:&quot;&quot;}\" data-image-title=\"ballerina-welpen-tag-14_7577\" data-image-description=\"\" data-image-caption=\"&lt;p&gt;Sch\u00f6ne Augen&lt;\/p&gt;\n\" data-medium-file=\"https:\/\/i0.wp.com\/www.dalmatiner-sachsen-anhalt.de\/blog\/wp-content\/uploads\/2010\/12\/ballerina-welpen-tag-14_7577.jpg?fit=300%2C199&amp;ssl=1\" data-large-file=\"https:\/\/i0.wp.com\/www.dalmatiner-sachsen-anhalt.de\/blog\/wp-content\/uploads\/2010\/12\/ballerina-welpen-tag-14_7577.jpg?fit=584%2C388&amp;ssl=1\" decoding=\"async\" loading=\"lazy\" class=\"size-large wp-image-2963 aligncenter\" title=\"ballerina-welpen-tag-14_7577\" src=\"https:\/\/i0.wp.com\/www.dalmatiner-sachsen-anhalt.de\/blog\/wp-content\/uploads\/2010\/12\/ballerina-welpen-tag-14_7577.jpg?resize=506%2C337&#038;ssl=1\" alt=\"Sch&#246;ne Augen\" width=\"506\" height=\"337\" srcset=\"https:\/\/i0.wp.com\/www.dalmatiner-sachsen-anhalt.de\/blog\/wp-content\/uploads\/2010\/12\/ballerina-welpen-tag-14_7577.jpg?resize=1024%2C681&amp;ssl=1 1024w, https:\/\/i0.wp.com\/www.dalmatiner-sachsen-anhalt.de\/blog\/wp-content\/uploads\/2010\/12\/ballerina-welpen-tag-14_7577.jpg?resize=150%2C99&amp;ssl=1 150w, https:\/\/i0.wp.com\/www.dalmatiner-sachsen-anhalt.de\/blog\/wp-content\/uploads\/2010\/12\/ballerina-welpen-tag-14_7577.jpg?resize=300%2C199&amp;ssl=1 300w, https:\/\/i0.wp.com\/www.dalmatiner-sachsen-anhalt.de\/blog\/wp-content\/uploads\/2010\/12\/ballerina-welpen-tag-14_7577.jpg?w=1154&amp;ssl=1 1154w\" sizes=\"(max-width: 506px) 100vw, 506px\" data-recalc-dims=\"1\" \/><\/a><strong><span style=\"color: #ff0000;\">Ballerina von den Sandst&#252;cken<\/span><\/strong><\/p>\n","protected":false},"excerpt":{"rendered":"<p>Diese junge Dalmi-Dame macht sch&#246;ne Augen und verdreht jetzt schon allen den Kopf. Ballerina von den Sandst&#252;cken<\/p>\n","protected":false},"author":1,"featured_media":0,"comment_status":"open","ping_status":"open","sticky":false,"template":"","format":"standard","meta":{"jetpack_post_was_ever_published":false,"jetpack_publicize_message":"","jetpack_is_tweetstorm":false,"jetpack_publicize_feature_enabled":true,"jetpack_social_post_already_shared":false,"jetpack_social_options":[]},"categories":[677,709,3],"tags":[742,39,760,214],"jetpack_publicize_connections":[],"jetpack_featured_media_url":"","jetpack_shortlink":"https:\/\/wp.me\/px1eF-LM","jetpack_sharing_enabled":true,"jetpack_likes_enabled":true,"jetpack-related-posts":[{"id":3316,"url":"https:\/\/www.dalmatiner-sachsen-anhalt.de\/blog\/3316\/","url_meta":{"origin":2962,"position":0},"title":"S&#252;&#223;es Trio","date":"15. Februar 2011","format":false,"excerpt":"Unsere s\u00fc\u00dfen allerliebsten drei Dalmi-welpen\u00a0 Bandit, Bennet und Ballerina wachsen und gedeihen, toben, spielen, fressen, schlafen, werden ausgef\u00fchrt und besuchen mehrmals t\u00e4glich Mama Hummel und Halbschwester Athene, sowie Pinschidame Paloma.","rel":"","context":"In &quot;B-Wurf&quot;","img":{"alt_text":"","src":"https:\/\/i0.wp.com\/www.dalmatiner-sachsen-anhalt.de\/blog\/wp-content\/uploads\/2011\/02\/Welpen-Tag-61_9484-383x255.jpg?resize=350%2C200","width":350,"height":200},"classes":[]},{"id":3002,"url":"https:\/\/www.dalmatiner-sachsen-anhalt.de\/blog\/3002\/","url_meta":{"origin":2962,"position":1},"title":"Ballerina gr&#252;&#223;t Remptendorf","date":"3. Januar 2011","format":false,"excerpt":"Hallo meine liebe Familie. Ich tr\u00e4ume noch s\u00fc\u00df - warm angekuschelt und freue mich schon auf Mama Hummels n\u00e4chste Milch und auf das sch\u00f6ne Th\u00fcringer Land. Ballerina ist reserviert und freut sich auf ein sch\u00f6nes Zuhause und eine liebe Familie in Th\u00fcringen.","rel":"","context":"In &quot;B-Wurf&quot;","img":{"alt_text":"","src":"https:\/\/i0.wp.com\/www.dalmatiner-sachsen-anhalt.de\/blog\/wp-content\/uploads\/2011\/01\/Welpen-Tag-15_7675-1024x681.jpg?resize=350%2C200","width":350,"height":200},"classes":[]},{"id":3434,"url":"https:\/\/www.dalmatiner-sachsen-anhalt.de\/blog\/3434\/","url_meta":{"origin":2962,"position":2},"title":"Aus dem sch&#246;nen Th&#252;ringen&#8230;","date":"30. M&auml;rz 2011","format":false,"excerpt":"...erhielten wir Gr\u00fc\u00dfe von Ballerina (3,5 Monate alt). Jeden Tag geht es in die sch\u00f6ne Natur zum Spielen und Toben. Hier sehen wir Ballerina von den Sandst\u00fccken mit ihrer Spielgef\u00e4hrtin Luna. Vielen Dank an Maria und Pierre f\u00fcr die s\u00fc\u00dfen Bilder.","rel":"","context":"In &quot;B-Wurf&quot;","img":{"alt_text":"","src":"","width":0,"height":0},"classes":[]},{"id":549,"url":"https:\/\/www.dalmatiner-sachsen-anhalt.de\/blog\/549\/","url_meta":{"origin":2962,"position":3},"title":"3 Wochen alt sind die A-chens nun schon","date":"1. Juli 2009","format":false,"excerpt":"Wir schreiben den 23. Tag und die Welpen sind richtige \"Mini-Dalmi-Racker\" geworden, die ausgezeichnet wachsen und gedeihen. Sie haben ein Gewicht zwischen 1900 g und 2300 g. Damit sind sie ca. 4-5 x so schwer wie bei der Geburt. Auch sind Sie nun schon so gro\u00df, dass es in der\u2026","rel":"","context":"In &quot;A-Wurf&quot;","img":{"alt_text":"","src":"https:\/\/i0.wp.com\/www.dalmatiner-sachsen-anhalt.de\/blog\/wp-content\/uploads\/2009\/07\/welpen-tag22_0045-383x255.jpg?resize=350%2C200","width":350,"height":200},"classes":[]},{"id":655,"url":"https:\/\/www.dalmatiner-sachsen-anhalt.de\/blog\/655\/","url_meta":{"origin":2962,"position":4},"title":"Allerliebst","date":"20. Juni 2009","format":false,"excerpt":"Ich bin Felix, wurde vor 4 Jahren geboren und wiege heute 16500 g.","rel":"","context":"In &quot;Allgemein&quot;","img":{"alt_text":"dalmi-9","src":"https:\/\/i0.wp.com\/www.dalmatiner-sachsen-anhalt.de\/blog\/wp-content\/uploads\/2009\/06\/dalmi-9.JPG?resize=350%2C200","width":350,"height":200},"classes":[]},{"id":3331,"url":"https:\/\/www.dalmatiner-sachsen-anhalt.de\/blog\/3331\/","url_meta":{"origin":2962,"position":5},"title":"Adieu Ballerina!","date":"19. Februar 2011","format":false,"excerpt":"Heute haben wir Ballerina Ihrer neuen Familie \u00fcbergeben. Das war nicht einfach f\u00fcr uns, wie auch vorher schon bei den anderen Welpen. Aber wir wissen, da\u00df es ihr an nichts fehlen wird und freuen uns schon auf ein Wiedersehen. Alles Gute auch f\u00fcr Euch!","rel":"","context":"In &quot;B-Wurf&quot;","img":{"alt_text":"ballerina-von-den-sandstuecken-abschied","src":"https:\/\/i0.wp.com\/www.dalmatiner-sachsen-anhalt.de\/blog\/wp-content\/uploads\/2011\/02\/welpen-tag-65_9690-1024x681.jpg?resize=350%2C200","width":350,"height":200},"classes":[]}],"_links":{"self":[{"href":"https:\/\/www.dalmatiner-sachsen-anhalt.de\/blog\/wp-json\/wp\/v2\/posts\/2962"}],"collection":[{"href":"https:\/\/www.dalmatiner-sachsen-anhalt.de\/blog\/wp-json\/wp\/v2\/posts"}],"about":[{"href":"https:\/\/www.dalmatiner-sachsen-anhalt.de\/blog\/wp-json\/wp\/v2\/types\/post"}],"author":[{"embeddable":true,"href":"https:\/\/www.dalmatiner-sachsen-anhalt.de\/blog\/wp-json\/wp\/v2\/users\/1"}],"replies":[{"embeddable":true,"href":"https:\/\/www.dalmatiner-sachsen-anhalt.de\/blog\/wp-json\/wp\/v2\/comments?post=2962"}],"version-history":[{"count":2,"href":"https:\/\/www.dalmatiner-sachsen-anhalt.de\/blog\/wp-json\/wp\/v2\/posts\/2962\/revisions"}],"predecessor-version":[{"id":2965,"href":"https:\/\/www.dalmatiner-sachsen-anhalt.de\/blog\/wp-json\/wp\/v2\/posts\/2962\/revisions\/2965"}],"wp:attachment":[{"href":"https:\/\/www.dalmatiner-sachsen-anhalt.de\/blog\/wp-json\/wp\/v2\/media?parent=2962"}],"wp:term":[{"taxonomy":"category","embeddable":true,"href":"https:\/\/www.dalmatiner-sachsen-anhalt.de\/blog\/wp-json\/wp\/v2\/categories?post=2962"},{"taxonomy":"post_tag","embeddable":true,"href":"https:\/\/www.dalmatiner-sachsen-anhalt.de\/blog\/wp-json\/wp\/v2\/tags?post=2962"}],"curies":[{"name":"wp","href":"https:\/\/api.w.org\/{rel}","templated":true}]}}