{"id":2970,"date":"2010-12-31T09:06:31","date_gmt":"2010-12-31T07:06:31","guid":{"rendered":"http:\/\/www.dalmatiner-sachsen-anhalt.de\/blog\/?p=2970"},"modified":"2010-12-30T23:18:24","modified_gmt":"2010-12-30T21:18:24","slug":"geht-gar-nicht","status":"publish","type":"post","link":"https:\/\/www.dalmatiner-sachsen-anhalt.de\/blog\/2970\/","title":{"rendered":"Geht gar nicht"},"content":{"rendered":"<h3>Diese <strong>s&#252;&#223;e Dalmi-Maus<\/strong> konnte sich &#252;berhaupt nicht entscheiden, welches Bild von ihr ins WWW sollte. Man kennt das ja so von den Damen. An jedem Bild hatte sie etwas auszusetzen: &#8220;Das Bild will ich nicht. Dieses Bild auch nicht und das <strong>geht gar nicht<\/strong>!&#8221; Es ist zum Schreien!<\/h3>\n<p style=\"text-align: center;\"><a href=\"https:\/\/i0.wp.com\/www.dalmatiner-sachsen-anhalt.de\/blog\/wp-content\/uploads\/2010\/12\/bianca-welpen-tag-14_7594.jpg?ssl=1\"><img data-attachment-id=\"2971\" data-permalink=\"https:\/\/www.dalmatiner-sachsen-anhalt.de\/blog\/2970\/bianca-welpen-tag-14_7594\/\" data-orig-file=\"https:\/\/i0.wp.com\/www.dalmatiner-sachsen-anhalt.de\/blog\/wp-content\/uploads\/2010\/12\/bianca-welpen-tag-14_7594.jpg?fit=1154%2C768&amp;ssl=1\" data-orig-size=\"1154,768\" data-comments-opened=\"1\" data-image-meta=\"{&quot;aperture&quot;:&quot;0&quot;,&quot;credit&quot;:&quot;&quot;,&quot;camera&quot;:&quot;&quot;,&quot;caption&quot;:&quot;&quot;,&quot;created_timestamp&quot;:&quot;0&quot;,&quot;copyright&quot;:&quot;&quot;,&quot;focal_length&quot;:&quot;0&quot;,&quot;iso&quot;:&quot;0&quot;,&quot;shutter_speed&quot;:&quot;0&quot;,&quot;title&quot;:&quot;&quot;}\" data-image-title=\"bianca-welpen-tag-14_7594\" data-image-description=\"\" data-image-caption=\"\" data-medium-file=\"https:\/\/i0.wp.com\/www.dalmatiner-sachsen-anhalt.de\/blog\/wp-content\/uploads\/2010\/12\/bianca-welpen-tag-14_7594.jpg?fit=300%2C199&amp;ssl=1\" data-large-file=\"https:\/\/i0.wp.com\/www.dalmatiner-sachsen-anhalt.de\/blog\/wp-content\/uploads\/2010\/12\/bianca-welpen-tag-14_7594.jpg?fit=584%2C388&amp;ssl=1\" decoding=\"async\" loading=\"lazy\" class=\"aligncenter size-large wp-image-2971\" title=\"bianca-welpen-tag-14_7594\" src=\"https:\/\/i0.wp.com\/www.dalmatiner-sachsen-anhalt.de\/blog\/wp-content\/uploads\/2010\/12\/bianca-welpen-tag-14_7594.jpg?resize=506%2C337&#038;ssl=1\" alt=\"Zum Schreien!\" width=\"506\" height=\"337\" srcset=\"https:\/\/i0.wp.com\/www.dalmatiner-sachsen-anhalt.de\/blog\/wp-content\/uploads\/2010\/12\/bianca-welpen-tag-14_7594.jpg?resize=1024%2C681&amp;ssl=1 1024w, https:\/\/i0.wp.com\/www.dalmatiner-sachsen-anhalt.de\/blog\/wp-content\/uploads\/2010\/12\/bianca-welpen-tag-14_7594.jpg?resize=150%2C99&amp;ssl=1 150w, https:\/\/i0.wp.com\/www.dalmatiner-sachsen-anhalt.de\/blog\/wp-content\/uploads\/2010\/12\/bianca-welpen-tag-14_7594.jpg?resize=300%2C199&amp;ssl=1 300w, https:\/\/i0.wp.com\/www.dalmatiner-sachsen-anhalt.de\/blog\/wp-content\/uploads\/2010\/12\/bianca-welpen-tag-14_7594.jpg?w=1154&amp;ssl=1 1154w\" sizes=\"(max-width: 506px) 100vw, 506px\" data-recalc-dims=\"1\" \/><\/a><span style=\"color: #ff0000;\"><strong>Bianca von den Sandst&#252;cken<\/strong><\/span><\/p>\n","protected":false},"excerpt":{"rendered":"<p>Diese s&#252;&#223;e Dalmi-Maus konnte sich &#252;berhaupt nicht entscheiden, welches Bild von ihr ins WWW sollte. Man kennt das ja so von den Damen. An jedem Bild hatte sie etwas auszusetzen: &#8220;Das Bild will ich nicht. Dieses Bild auch nicht und &hellip; <a href=\"https:\/\/www.dalmatiner-sachsen-anhalt.de\/blog\/2970\/\">Continue reading <span class=\"meta-nav\">&rarr;<\/span><\/a><\/p>\n","protected":false},"author":1,"featured_media":0,"comment_status":"open","ping_status":"open","sticky":false,"template":"","format":"standard","meta":{"jetpack_post_was_ever_published":false,"jetpack_publicize_message":"","jetpack_is_tweetstorm":false,"jetpack_publicize_feature_enabled":true,"jetpack_social_post_already_shared":false,"jetpack_social_options":[]},"categories":[677,705,3],"tags":[761,763,39,762,49,388,400,764],"jetpack_publicize_connections":[],"jetpack_featured_media_url":"","jetpack_shortlink":"https:\/\/wp.me\/px1eF-LU","jetpack_sharing_enabled":true,"jetpack_likes_enabled":true,"jetpack-related-posts":[{"id":3297,"url":"https:\/\/www.dalmatiner-sachsen-anhalt.de\/blog\/3297\/","url_meta":{"origin":2970,"position":0},"title":"Adios- Bianca !","date":"13. Februar 2011","format":false,"excerpt":"Heute verlie\u00df uns unsere sch\u00f6ne und aufgeweckte Bianca in Richtung Berlin. Ihre Familie hatte schon lange auf sie gewartet. Bis bald kleine Bianca, wir sehen uns bald wieder in Berlin!","rel":"","context":"In &quot;B-Wurf&quot;","img":{"alt_text":"","src":"https:\/\/i0.wp.com\/www.dalmatiner-sachsen-anhalt.de\/blog\/wp-content\/uploads\/2011\/02\/IMG_7885-1024x681.jpg?resize=350%2C200","width":350,"height":200},"classes":[]},{"id":3477,"url":"https:\/\/www.dalmatiner-sachsen-anhalt.de\/blog\/3477\/","url_meta":{"origin":2970,"position":1},"title":"K&#246;rbchen","date":"6. April 2011","format":false,"excerpt":"Bianca vdS \"vernascht\" ihr K\u00f6rbchen - St\u00fcck f\u00fcr St\u00fcck. Das hat uns gar nicht \u00fcberrascht.","rel":"","context":"In &quot;Allgemein&quot;","img":{"alt_text":"bianca vds","src":"https:\/\/i0.wp.com\/www.dalmatiner-sachsen-anhalt.de\/blog\/wp-content\/uploads\/2011\/04\/S7300236.jpg?resize=350%2C200","width":350,"height":200},"classes":[]},{"id":3142,"url":"https:\/\/www.dalmatiner-sachsen-anhalt.de\/blog\/3142\/","url_meta":{"origin":2970,"position":2},"title":"K&#252;che&#8230;","date":"15. Januar 2011","format":false,"excerpt":"Bianca durfte heute einen Ausflug in die K\u00fcche machen. Es war f\u00fcr sie sehr interessant. Die Bodenfliesen waren etwas rutschig, aber das hat sie gut hinbekommen.","rel":"","context":"In &quot;B-Wurf&quot;","img":{"alt_text":"ausflug-bianca","src":"https:\/\/i0.wp.com\/www.dalmatiner-sachsen-anhalt.de\/blog\/wp-content\/uploads\/2011\/01\/bianca-welpen-tag-29_8232-1024x681.jpg?resize=350%2C200","width":350,"height":200},"classes":[]},{"id":3068,"url":"https:\/\/www.dalmatiner-sachsen-anhalt.de\/blog\/3068\/","url_meta":{"origin":2970,"position":3},"title":"Welpen-Toilette (WT)","date":"8. Januar 2011","format":false,"excerpt":"Das mit dem Sauberwerden verstehen die Welpen recht schnell. Hier probiert Bianca...auf der WT.","rel":"","context":"In &quot;B-Wurf&quot;","img":{"alt_text":"Welpen-Toilette","src":"https:\/\/i0.wp.com\/www.dalmatiner-sachsen-anhalt.de\/blog\/wp-content\/uploads\/2011\/01\/bianca-welpen-tag-22_7905-1024x681.jpg?resize=350%2C200","width":350,"height":200},"classes":[]},{"id":3006,"url":"https:\/\/www.dalmatiner-sachsen-anhalt.de\/blog\/3006\/","url_meta":{"origin":2970,"position":4},"title":"Bianca gr&#252;&#223;t Deutschlands Hauptstadt Berlin","date":"3. Januar 2011","format":false,"excerpt":"Bianca gr\u00fc\u00dft Ihre liebe Familie in Berlin, die schon lange auf sie wartet. Sie findet ein tolles Zuhause mit H\u00e4uschen im gr\u00fcnen Garten. Bis dahin l\u00e4\u00dft sie sich noch Mamas Milch schmecken um gro\u00df und stark zu werden. Bianca ist reserviert\u00a0 und freut sich auf liebe Menschen in Berlin.","rel":"","context":"In &quot;B-Wurf&quot;","img":{"alt_text":"","src":"https:\/\/i0.wp.com\/www.dalmatiner-sachsen-anhalt.de\/blog\/wp-content\/uploads\/2011\/01\/bianca-welpen-tag-10_7437-1024x681.jpg?resize=350%2C200","width":350,"height":200},"classes":[]},{"id":2907,"url":"https:\/\/www.dalmatiner-sachsen-anhalt.de\/blog\/2907\/","url_meta":{"origin":2970,"position":5},"title":"Tapfer&#8230;","date":"27. Dezember 2010","format":false,"excerpt":"Bianca verteidigte tapfer \"ihre Zitze\" gegen den starken R\u00fcden Bandit. Sie hat sich von ihm nicht zur Seite schieben lassen.","rel":"","context":"In &quot;B-Wurf&quot;","img":{"alt_text":"Tapfere Bianca","src":"https:\/\/i0.wp.com\/www.dalmatiner-sachsen-anhalt.de\/blog\/wp-content\/uploads\/2010\/12\/bianca-welpen-tag-10_7437-1024x681.jpg?resize=350%2C200","width":350,"height":200},"classes":[]}],"_links":{"self":[{"href":"https:\/\/www.dalmatiner-sachsen-anhalt.de\/blog\/wp-json\/wp\/v2\/posts\/2970"}],"collection":[{"href":"https:\/\/www.dalmatiner-sachsen-anhalt.de\/blog\/wp-json\/wp\/v2\/posts"}],"about":[{"href":"https:\/\/www.dalmatiner-sachsen-anhalt.de\/blog\/wp-json\/wp\/v2\/types\/post"}],"author":[{"embeddable":true,"href":"https:\/\/www.dalmatiner-sachsen-anhalt.de\/blog\/wp-json\/wp\/v2\/users\/1"}],"replies":[{"embeddable":true,"href":"https:\/\/www.dalmatiner-sachsen-anhalt.de\/blog\/wp-json\/wp\/v2\/comments?post=2970"}],"version-history":[{"count":2,"href":"https:\/\/www.dalmatiner-sachsen-anhalt.de\/blog\/wp-json\/wp\/v2\/posts\/2970\/revisions"}],"predecessor-version":[{"id":2973,"href":"https:\/\/www.dalmatiner-sachsen-anhalt.de\/blog\/wp-json\/wp\/v2\/posts\/2970\/revisions\/2973"}],"wp:attachment":[{"href":"https:\/\/www.dalmatiner-sachsen-anhalt.de\/blog\/wp-json\/wp\/v2\/media?parent=2970"}],"wp:term":[{"taxonomy":"category","embeddable":true,"href":"https:\/\/www.dalmatiner-sachsen-anhalt.de\/blog\/wp-json\/wp\/v2\/categories?post=2970"},{"taxonomy":"post_tag","embeddable":true,"href":"https:\/\/www.dalmatiner-sachsen-anhalt.de\/blog\/wp-json\/wp\/v2\/tags?post=2970"}],"curies":[{"name":"wp","href":"https:\/\/api.w.org\/{rel}","templated":true}]}}