{"id":3028,"date":"2011-01-06T08:10:41","date_gmt":"2011-01-06T06:10:41","guid":{"rendered":"http:\/\/www.dalmatiner-sachsen-anhalt.de\/blog\/?p=3028"},"modified":"2011-01-05T23:15:21","modified_gmt":"2011-01-05T21:15:21","slug":"wettkampf-ergebnis","status":"publish","type":"post","link":"https:\/\/www.dalmatiner-sachsen-anhalt.de\/blog\/3028\/","title":{"rendered":"Wettkampf-Ergebnis"},"content":{"rendered":"<h3><span style=\"color: #0000ff;\"><strong><\/strong><strong>Bandit<\/strong> <\/span>sagt:<br \/>\n\u201c<strong>Hallo Welt!<\/strong> Heute habe ich mir wieder den <strong>1. Platz <\/strong>beim Wettkampf um die besten<strong> Welpengewichte<\/strong> gesichert, dicht gefolgt von <span style=\"color: #0000ff;\"><strong>Bennet<\/strong><\/span>. Ich f&#252;hre nun mit <strong>2460 Punkten<\/strong>!&#8221;<\/h3>\n<p style=\"text-align: center;\"><strong><a href=\"https:\/\/i0.wp.com\/www.dalmatiner-sachsen-anhalt.de\/blog\/wp-content\/uploads\/2011\/01\/bandit-welpen-tag-20_7820.jpg?ssl=1\"><img data-attachment-id=\"3030\" data-permalink=\"https:\/\/www.dalmatiner-sachsen-anhalt.de\/blog\/3028\/bandit-welpen-tag-20_7820\/\" data-orig-file=\"https:\/\/i0.wp.com\/www.dalmatiner-sachsen-anhalt.de\/blog\/wp-content\/uploads\/2011\/01\/bandit-welpen-tag-20_7820.jpg?fit=1154%2C768&amp;ssl=1\" data-orig-size=\"1154,768\" data-comments-opened=\"1\" data-image-meta=\"{&quot;aperture&quot;:&quot;0&quot;,&quot;credit&quot;:&quot;&quot;,&quot;camera&quot;:&quot;&quot;,&quot;caption&quot;:&quot;&quot;,&quot;created_timestamp&quot;:&quot;0&quot;,&quot;copyright&quot;:&quot;&quot;,&quot;focal_length&quot;:&quot;0&quot;,&quot;iso&quot;:&quot;0&quot;,&quot;shutter_speed&quot;:&quot;0&quot;,&quot;title&quot;:&quot;&quot;}\" data-image-title=\"bandit-welpen-tag-20_7820\" data-image-description=\"\" data-image-caption=\"\" data-medium-file=\"https:\/\/i0.wp.com\/www.dalmatiner-sachsen-anhalt.de\/blog\/wp-content\/uploads\/2011\/01\/bandit-welpen-tag-20_7820.jpg?fit=300%2C199&amp;ssl=1\" data-large-file=\"https:\/\/i0.wp.com\/www.dalmatiner-sachsen-anhalt.de\/blog\/wp-content\/uploads\/2011\/01\/bandit-welpen-tag-20_7820.jpg?fit=584%2C388&amp;ssl=1\" decoding=\"async\" loading=\"lazy\" class=\"aligncenter size-large wp-image-3030\" title=\"bandit-welpen-tag-20_7820\" src=\"https:\/\/i0.wp.com\/www.dalmatiner-sachsen-anhalt.de\/blog\/wp-content\/uploads\/2011\/01\/bandit-welpen-tag-20_7820.jpg?resize=506%2C336&#038;ssl=1\" alt=\"Bandit von den Sandstuecken\" width=\"506\" height=\"336\" srcset=\"https:\/\/i0.wp.com\/www.dalmatiner-sachsen-anhalt.de\/blog\/wp-content\/uploads\/2011\/01\/bandit-welpen-tag-20_7820.jpg?resize=1024%2C681&amp;ssl=1 1024w, https:\/\/i0.wp.com\/www.dalmatiner-sachsen-anhalt.de\/blog\/wp-content\/uploads\/2011\/01\/bandit-welpen-tag-20_7820.jpg?resize=150%2C99&amp;ssl=1 150w, https:\/\/i0.wp.com\/www.dalmatiner-sachsen-anhalt.de\/blog\/wp-content\/uploads\/2011\/01\/bandit-welpen-tag-20_7820.jpg?resize=300%2C199&amp;ssl=1 300w, https:\/\/i0.wp.com\/www.dalmatiner-sachsen-anhalt.de\/blog\/wp-content\/uploads\/2011\/01\/bandit-welpen-tag-20_7820.jpg?w=1154&amp;ssl=1 1154w\" sizes=\"(max-width: 506px) 100vw, 506px\" data-recalc-dims=\"1\" \/><\/a><span style=\"color: #0000ff;\">Bandit von den Sandstuecken<\/span><\/strong><\/p>\n<h3 style=\"text-align: center;\">&#8220;Mein liebes Frauchen, nimm mich bitte schnell aus der Waag-Schale, denn ich mu&#223; <strong>weitersaufen<\/strong>!&#8221;<\/h3>\n","protected":false},"excerpt":{"rendered":"<p>Bandit sagt: \u201cHallo Welt! Heute habe ich mir wieder den 1. Platz beim Wettkampf um die besten Welpengewichte gesichert, dicht gefolgt von Bennet. Ich f&#252;hre nun mit 2460 Punkten!&#8221; Bandit von den Sandstuecken &#8220;Mein liebes Frauchen, nimm mich bitte schnell &hellip; <a href=\"https:\/\/www.dalmatiner-sachsen-anhalt.de\/blog\/3028\/\">Continue reading <span class=\"meta-nav\">&rarr;<\/span><\/a><\/p>\n","protected":false},"author":1,"featured_media":0,"comment_status":"open","ping_status":"open","sticky":false,"template":"","format":"standard","meta":{"jetpack_post_was_ever_published":false,"jetpack_publicize_message":"","jetpack_is_tweetstorm":false,"jetpack_publicize_feature_enabled":true,"jetpack_social_post_already_shared":false,"jetpack_social_options":[]},"categories":[677,702,3],"tags":[728,39,214,770],"jetpack_publicize_connections":[],"jetpack_featured_media_url":"","jetpack_shortlink":"https:\/\/wp.me\/px1eF-MQ","jetpack_sharing_enabled":true,"jetpack_likes_enabled":true,"jetpack-related-posts":[{"id":2975,"url":"https:\/\/www.dalmatiner-sachsen-anhalt.de\/blog\/2975\/","url_meta":{"origin":3028,"position":0},"title":"Wettkampf","date":"31. Dezember 2010","format":false,"excerpt":"Bandit sagt: \"Schaut her, wir Welpen machen einen Wettkampf. Er hei\u00dft 'T-a-b-e-l-l-e d-e-r W-e-l-p-e-n-g-e-w-i-c-h-t-e'. Und was soll ich Euch sagen? Ich f\u00fchre mit 1860 Punkten! O.k. dann lege ich erst mal wieder hin und schlafe, nachher saufen und dann geht es schon in eine neue Runde.\"","rel":"","context":"In &quot;B-Wurf&quot;","img":{"alt_text":"Wettkampf der Welpen","src":"https:\/\/i0.wp.com\/www.dalmatiner-sachsen-anhalt.de\/blog\/wp-content\/uploads\/2010\/12\/bandit-welpen-tag-14_7615-1024x681.jpg?resize=350%2C200","width":350,"height":200},"classes":[]},{"id":3267,"url":"https:\/\/www.dalmatiner-sachsen-anhalt.de\/blog\/3267\/","url_meta":{"origin":3028,"position":1},"title":"Bandit mit Kehlkopf","date":"6. Februar 2011","format":false,"excerpt":"","rel":"","context":"In &quot;B-Wurf&quot;","img":{"alt_text":"bandit-von-den-sandstuecken","src":"https:\/\/i0.wp.com\/www.dalmatiner-sachsen-anhalt.de\/blog\/wp-content\/uploads\/2011\/02\/Welpen-Tag-49_9080-1024x681.jpg?resize=350%2C200","width":350,"height":200},"classes":[]},{"id":3082,"url":"https:\/\/www.dalmatiner-sachsen-anhalt.de\/blog\/3082\/","url_meta":{"origin":3028,"position":2},"title":"Ich will mehr","date":"9. Januar 2011","format":false,"excerpt":"Bandit hat schon alles im neuen Reich erkundet und denkt sich: ' War das denn schon alles? Welcher Knaller hat denn hier Gitter aufgestellt? Ich will mehr! Ich will in den Garten!'","rel":"","context":"In &quot;B-Wurf&quot;","img":{"alt_text":"Ich will mehr","src":"https:\/\/i0.wp.com\/www.dalmatiner-sachsen-anhalt.de\/blog\/wp-content\/uploads\/2011\/01\/bandit-welpen-tag-23_8007-1024x682.jpg?resize=350%2C200","width":350,"height":200},"classes":[]},{"id":2955,"url":"https:\/\/www.dalmatiner-sachsen-anhalt.de\/blog\/2955\/","url_meta":{"origin":3028,"position":3},"title":"Augen auf?","date":"30. Dezember 2010","format":false,"excerpt":"\"Was hei\u00dft hier Augen auf ? Nehmt das olle Blitz-Gewitter weg! Ich habe f\u00fcr heute genug gesehen. Ich will jetzt schlafen! Wer gro\u00df und stark werden will - so wie ich - der mu\u00df viel saufen und viel schlafen!\" Bandit von den Sandst\u00fccken","rel":"","context":"In &quot;B-Wurf&quot;","img":{"alt_text":"Ich will schlafen!","src":"https:\/\/i0.wp.com\/www.dalmatiner-sachsen-anhalt.de\/blog\/wp-content\/uploads\/2010\/12\/bandit-welpen-tag-14_7586-1024x681.jpg?resize=350%2C200","width":350,"height":200},"classes":[]},{"id":2811,"url":"https:\/\/www.dalmatiner-sachsen-anhalt.de\/blog\/2811\/","url_meta":{"origin":3028,"position":4},"title":"Das ist Bandit","date":"20. Dezember 2010","format":false,"excerpt":"","rel":"","context":"In &quot;B-Wurf&quot;","img":{"alt_text":"S\u00c3\u00bc\u00c3\u009fer Bandit","src":"https:\/\/i0.wp.com\/www.dalmatiner-sachsen-anhalt.de\/blog\/wp-content\/uploads\/2010\/12\/Bandit_5572-1024x681.jpg?resize=350%2C200","width":350,"height":200},"classes":[]},{"id":3052,"url":"https:\/\/www.dalmatiner-sachsen-anhalt.de\/blog\/3052\/","url_meta":{"origin":3028,"position":5},"title":"Die Z&#228;hne sind da","date":"6. Januar 2011","format":false,"excerpt":"Die Z\u00e4hne sind da. Und nat\u00fcrlich m\u00fcssen sie ausprobiert werden. \u00dcberall wird hineingebissen. Hier sehen wir Bandit, Ballerina und Bastian in Aktion. Die Welpen sind heute 20 Tage alt.","rel":"","context":"In &quot;B-Wurf&quot;","img":{"alt_text":"","src":"","width":0,"height":0},"classes":[]}],"_links":{"self":[{"href":"https:\/\/www.dalmatiner-sachsen-anhalt.de\/blog\/wp-json\/wp\/v2\/posts\/3028"}],"collection":[{"href":"https:\/\/www.dalmatiner-sachsen-anhalt.de\/blog\/wp-json\/wp\/v2\/posts"}],"about":[{"href":"https:\/\/www.dalmatiner-sachsen-anhalt.de\/blog\/wp-json\/wp\/v2\/types\/post"}],"author":[{"embeddable":true,"href":"https:\/\/www.dalmatiner-sachsen-anhalt.de\/blog\/wp-json\/wp\/v2\/users\/1"}],"replies":[{"embeddable":true,"href":"https:\/\/www.dalmatiner-sachsen-anhalt.de\/blog\/wp-json\/wp\/v2\/comments?post=3028"}],"version-history":[{"count":12,"href":"https:\/\/www.dalmatiner-sachsen-anhalt.de\/blog\/wp-json\/wp\/v2\/posts\/3028\/revisions"}],"predecessor-version":[{"id":3042,"href":"https:\/\/www.dalmatiner-sachsen-anhalt.de\/blog\/wp-json\/wp\/v2\/posts\/3028\/revisions\/3042"}],"wp:attachment":[{"href":"https:\/\/www.dalmatiner-sachsen-anhalt.de\/blog\/wp-json\/wp\/v2\/media?parent=3028"}],"wp:term":[{"taxonomy":"category","embeddable":true,"href":"https:\/\/www.dalmatiner-sachsen-anhalt.de\/blog\/wp-json\/wp\/v2\/categories?post=3028"},{"taxonomy":"post_tag","embeddable":true,"href":"https:\/\/www.dalmatiner-sachsen-anhalt.de\/blog\/wp-json\/wp\/v2\/tags?post=3028"}],"curies":[{"name":"wp","href":"https:\/\/api.w.org\/{rel}","templated":true}]}}