{"id":3082,"date":"2011-01-09T09:20:27","date_gmt":"2011-01-09T07:20:27","guid":{"rendered":"http:\/\/www.dalmatiner-sachsen-anhalt.de\/blog\/?p=3082"},"modified":"2011-01-08T23:38:10","modified_gmt":"2011-01-08T21:38:10","slug":"ich-will-mehr","status":"publish","type":"post","link":"https:\/\/www.dalmatiner-sachsen-anhalt.de\/blog\/3082\/","title":{"rendered":"Ich will mehr"},"content":{"rendered":"<h3><span style=\"color: #0000ff;\"><strong>Bandit <\/strong><\/span>hat schon alles im neuen Reich erkundet und denkt sich: &#8216; War das denn schon alles? Welcher Knaller hat denn hier Gitter aufgestellt? <strong>Ich will mehr!<\/strong> Ich will in den Garten!&#8217;<\/h3>\n<p><a href=\"https:\/\/i0.wp.com\/www.dalmatiner-sachsen-anhalt.de\/blog\/wp-content\/uploads\/2011\/01\/bandit-welpen-tag-23_8007.jpg?ssl=1\"><img data-attachment-id=\"3083\" data-permalink=\"https:\/\/www.dalmatiner-sachsen-anhalt.de\/blog\/3082\/bandit-welpen-tag-23_8007\/\" data-orig-file=\"https:\/\/i0.wp.com\/www.dalmatiner-sachsen-anhalt.de\/blog\/wp-content\/uploads\/2011\/01\/bandit-welpen-tag-23_8007.jpg?fit=1152%2C768&amp;ssl=1\" data-orig-size=\"1152,768\" data-comments-opened=\"1\" data-image-meta=\"{&quot;aperture&quot;:&quot;0&quot;,&quot;credit&quot;:&quot;&quot;,&quot;camera&quot;:&quot;&quot;,&quot;caption&quot;:&quot;&quot;,&quot;created_timestamp&quot;:&quot;0&quot;,&quot;copyright&quot;:&quot;&quot;,&quot;focal_length&quot;:&quot;0&quot;,&quot;iso&quot;:&quot;0&quot;,&quot;shutter_speed&quot;:&quot;0&quot;,&quot;title&quot;:&quot;&quot;}\" data-image-title=\"bandit-welpen-tag-23_8007\" data-image-description=\"\" data-image-caption=\"\" data-medium-file=\"https:\/\/i0.wp.com\/www.dalmatiner-sachsen-anhalt.de\/blog\/wp-content\/uploads\/2011\/01\/bandit-welpen-tag-23_8007.jpg?fit=300%2C200&amp;ssl=1\" data-large-file=\"https:\/\/i0.wp.com\/www.dalmatiner-sachsen-anhalt.de\/blog\/wp-content\/uploads\/2011\/01\/bandit-welpen-tag-23_8007.jpg?fit=584%2C389&amp;ssl=1\" decoding=\"async\" loading=\"lazy\" class=\"aligncenter size-large wp-image-3083\" title=\"bandit-welpen-tag-23_8007\" src=\"https:\/\/i0.wp.com\/www.dalmatiner-sachsen-anhalt.de\/blog\/wp-content\/uploads\/2011\/01\/bandit-welpen-tag-23_8007.jpg?resize=506%2C337&#038;ssl=1\" alt=\"Ich will mehr\" width=\"506\" height=\"337\" srcset=\"https:\/\/i0.wp.com\/www.dalmatiner-sachsen-anhalt.de\/blog\/wp-content\/uploads\/2011\/01\/bandit-welpen-tag-23_8007.jpg?resize=1024%2C682&amp;ssl=1 1024w, https:\/\/i0.wp.com\/www.dalmatiner-sachsen-anhalt.de\/blog\/wp-content\/uploads\/2011\/01\/bandit-welpen-tag-23_8007.jpg?resize=150%2C100&amp;ssl=1 150w, https:\/\/i0.wp.com\/www.dalmatiner-sachsen-anhalt.de\/blog\/wp-content\/uploads\/2011\/01\/bandit-welpen-tag-23_8007.jpg?resize=300%2C200&amp;ssl=1 300w, https:\/\/i0.wp.com\/www.dalmatiner-sachsen-anhalt.de\/blog\/wp-content\/uploads\/2011\/01\/bandit-welpen-tag-23_8007.jpg?w=1152&amp;ssl=1 1152w\" sizes=\"(max-width: 506px) 100vw, 506px\" data-recalc-dims=\"1\" \/><\/a><\/p>\n","protected":false},"excerpt":{"rendered":"<p>Bandit hat schon alles im neuen Reich erkundet und denkt sich: &#8216; War das denn schon alles? Welcher Knaller hat denn hier Gitter aufgestellt? Ich will mehr! Ich will in den Garten!&#8217;<\/p>\n","protected":false},"author":1,"featured_media":0,"comment_status":"open","ping_status":"open","sticky":false,"template":"","format":"standard","meta":{"jetpack_post_was_ever_published":false,"jetpack_publicize_message":"","jetpack_is_tweetstorm":false,"jetpack_publicize_feature_enabled":true,"jetpack_social_post_already_shared":false,"jetpack_social_options":[]},"categories":[677,702],"tags":[728,35,388,214,7],"jetpack_publicize_connections":[],"jetpack_featured_media_url":"","jetpack_shortlink":"https:\/\/wp.me\/px1eF-NI","jetpack_sharing_enabled":true,"jetpack_likes_enabled":true,"jetpack-related-posts":[{"id":3028,"url":"https:\/\/www.dalmatiner-sachsen-anhalt.de\/blog\/3028\/","url_meta":{"origin":3082,"position":0},"title":"Wettkampf-Ergebnis","date":"6. Januar 2011","format":false,"excerpt":"Bandit sagt: \u201cHallo Welt! Heute habe ich mir wieder den 1. Platz beim Wettkampf um die besten Welpengewichte gesichert, dicht gefolgt von Bennet. Ich f\u00fchre nun mit 2460 Punkten!\" Bandit von den Sandstuecken \"Mein liebes Frauchen, nimm mich bitte schnell aus der Waag-Schale, denn ich mu\u00df weitersaufen!\"","rel":"","context":"In &quot;B-Wurf&quot;","img":{"alt_text":"Bandit von den Sandstuecken","src":"https:\/\/i0.wp.com\/www.dalmatiner-sachsen-anhalt.de\/blog\/wp-content\/uploads\/2011\/01\/bandit-welpen-tag-20_7820-1024x681.jpg?resize=350%2C200","width":350,"height":200},"classes":[]},{"id":2975,"url":"https:\/\/www.dalmatiner-sachsen-anhalt.de\/blog\/2975\/","url_meta":{"origin":3082,"position":1},"title":"Wettkampf","date":"31. Dezember 2010","format":false,"excerpt":"Bandit sagt: \"Schaut her, wir Welpen machen einen Wettkampf. Er hei\u00dft 'T-a-b-e-l-l-e d-e-r W-e-l-p-e-n-g-e-w-i-c-h-t-e'. Und was soll ich Euch sagen? Ich f\u00fchre mit 1860 Punkten! O.k. dann lege ich erst mal wieder hin und schlafe, nachher saufen und dann geht es schon in eine neue Runde.\"","rel":"","context":"In &quot;B-Wurf&quot;","img":{"alt_text":"Wettkampf der Welpen","src":"https:\/\/i0.wp.com\/www.dalmatiner-sachsen-anhalt.de\/blog\/wp-content\/uploads\/2010\/12\/bandit-welpen-tag-14_7615-1024x681.jpg?resize=350%2C200","width":350,"height":200},"classes":[]},{"id":2955,"url":"https:\/\/www.dalmatiner-sachsen-anhalt.de\/blog\/2955\/","url_meta":{"origin":3082,"position":2},"title":"Augen auf?","date":"30. Dezember 2010","format":false,"excerpt":"\"Was hei\u00dft hier Augen auf ? Nehmt das olle Blitz-Gewitter weg! Ich habe f\u00fcr heute genug gesehen. Ich will jetzt schlafen! Wer gro\u00df und stark werden will - so wie ich - der mu\u00df viel saufen und viel schlafen!\" Bandit von den Sandst\u00fccken","rel":"","context":"In &quot;B-Wurf&quot;","img":{"alt_text":"Ich will schlafen!","src":"https:\/\/i0.wp.com\/www.dalmatiner-sachsen-anhalt.de\/blog\/wp-content\/uploads\/2010\/12\/bandit-welpen-tag-14_7586-1024x681.jpg?resize=350%2C200","width":350,"height":200},"classes":[]},{"id":3327,"url":"https:\/\/www.dalmatiner-sachsen-anhalt.de\/blog\/3327\/","url_meta":{"origin":3082,"position":3},"title":"Mach&#8217;s gut &#8211; Schokoschnute","date":"18. Februar 2011","format":false,"excerpt":"Heute wurde Bandit von seiner neuen Familie abgeholt. Wir w\u00fcnschen Euch viel Freude und alles Gute und freuen uns auf ein Wiedersehen.","rel":"","context":"In &quot;B-Wurf&quot;","img":{"alt_text":"bandit-von-den-sandstuecken","src":"https:\/\/i0.wp.com\/www.dalmatiner-sachsen-anhalt.de\/blog\/wp-content\/uploads\/2011\/02\/welpen-tag-64_9548-1024x681.jpg?resize=350%2C200","width":350,"height":200},"classes":[]},{"id":2998,"url":"https:\/\/www.dalmatiner-sachsen-anhalt.de\/blog\/2998\/","url_meta":{"origin":3082,"position":4},"title":"Bandit gr&#252;sst Wolfsburg","date":"2. Januar 2011","format":false,"excerpt":"Hallo meine liebe Familie in Wolfsburg, ich versuche es gerade zum ersten Mal mit Fleisch. Schade, da\u00df meine Z\u00e4hnchen noch nicht durch sind- aber morgen bestimmt!!! Bandit ist reserviert und freut sich auf liebe Menschen und ein tolles Zuhause mit gro\u00dfem Garten.","rel":"","context":"In &quot;B-Wurf&quot;","img":{"alt_text":"","src":"https:\/\/i0.wp.com\/www.dalmatiner-sachsen-anhalt.de\/blog\/wp-content\/uploads\/2011\/01\/bandit-welpen-tag-17_7758-1024x681.jpg?resize=350%2C200","width":350,"height":200},"classes":[]},{"id":3422,"url":"https:\/\/www.dalmatiner-sachsen-anhalt.de\/blog\/3422\/","url_meta":{"origin":3082,"position":5},"title":"So gro&#223; bin ich geworden!!!","date":"25. M&auml;rz 2011","format":false,"excerpt":"Neue Bilder und liebe Gr\u00fc\u00dfe erreichten uns vor einigen Tagen von Bandit aus Wolfsburg. Wir finden: er ist grooo\u00df geworden ! Vielen Dank nach Wolfsburg f\u00fcr dieses sch\u00f6ne Bild !","rel":"","context":"In &quot;B-Wurf&quot;","img":{"alt_text":"","src":"https:\/\/i0.wp.com\/www.dalmatiner-sachsen-anhalt.de\/blog\/wp-content\/uploads\/2011\/03\/100_1198.jpg?resize=350%2C200","width":350,"height":200},"classes":[]}],"_links":{"self":[{"href":"https:\/\/www.dalmatiner-sachsen-anhalt.de\/blog\/wp-json\/wp\/v2\/posts\/3082"}],"collection":[{"href":"https:\/\/www.dalmatiner-sachsen-anhalt.de\/blog\/wp-json\/wp\/v2\/posts"}],"about":[{"href":"https:\/\/www.dalmatiner-sachsen-anhalt.de\/blog\/wp-json\/wp\/v2\/types\/post"}],"author":[{"embeddable":true,"href":"https:\/\/www.dalmatiner-sachsen-anhalt.de\/blog\/wp-json\/wp\/v2\/users\/1"}],"replies":[{"embeddable":true,"href":"https:\/\/www.dalmatiner-sachsen-anhalt.de\/blog\/wp-json\/wp\/v2\/comments?post=3082"}],"version-history":[{"count":4,"href":"https:\/\/www.dalmatiner-sachsen-anhalt.de\/blog\/wp-json\/wp\/v2\/posts\/3082\/revisions"}],"predecessor-version":[{"id":3087,"href":"https:\/\/www.dalmatiner-sachsen-anhalt.de\/blog\/wp-json\/wp\/v2\/posts\/3082\/revisions\/3087"}],"wp:attachment":[{"href":"https:\/\/www.dalmatiner-sachsen-anhalt.de\/blog\/wp-json\/wp\/v2\/media?parent=3082"}],"wp:term":[{"taxonomy":"category","embeddable":true,"href":"https:\/\/www.dalmatiner-sachsen-anhalt.de\/blog\/wp-json\/wp\/v2\/categories?post=3082"},{"taxonomy":"post_tag","embeddable":true,"href":"https:\/\/www.dalmatiner-sachsen-anhalt.de\/blog\/wp-json\/wp\/v2\/tags?post=3082"}],"curies":[{"name":"wp","href":"https:\/\/api.w.org\/{rel}","templated":true}]}}