{"id":3088,"date":"2011-01-08T23:59:44","date_gmt":"2011-01-08T21:59:44","guid":{"rendered":"http:\/\/www.dalmatiner-sachsen-anhalt.de\/blog\/?p=3088"},"modified":"2011-01-08T23:59:44","modified_gmt":"2011-01-08T21:59:44","slug":"ruhe","status":"publish","type":"post","link":"https:\/\/www.dalmatiner-sachsen-anhalt.de\/blog\/3088\/","title":{"rendered":"Ruhe"},"content":{"rendered":"<h3 style=\"text-align: center;\">Jetzt kehrt Ruhe ein. Die B-chen schlafen und tr&#228;umen s&#252;&#223;. <strong>Gute Nacht!<\/strong><\/h3>\n<p><img data-attachment-id=\"3089\" data-permalink=\"https:\/\/www.dalmatiner-sachsen-anhalt.de\/blog\/3088\/welpen-tag-22_8040\/\" data-orig-file=\"https:\/\/i0.wp.com\/www.dalmatiner-sachsen-anhalt.de\/blog\/wp-content\/uploads\/2011\/01\/Welpen-Tag-22_8040.jpg?fit=1154%2C768&amp;ssl=1\" data-orig-size=\"1154,768\" data-comments-opened=\"1\" data-image-meta=\"{&quot;aperture&quot;:&quot;0&quot;,&quot;credit&quot;:&quot;&quot;,&quot;camera&quot;:&quot;&quot;,&quot;caption&quot;:&quot;&quot;,&quot;created_timestamp&quot;:&quot;0&quot;,&quot;copyright&quot;:&quot;&quot;,&quot;focal_length&quot;:&quot;0&quot;,&quot;iso&quot;:&quot;0&quot;,&quot;shutter_speed&quot;:&quot;0&quot;,&quot;title&quot;:&quot;&quot;}\" data-image-title=\"Welpen-Tag-22_8040\" data-image-description=\"\" data-image-caption=\"\" data-medium-file=\"https:\/\/i0.wp.com\/www.dalmatiner-sachsen-anhalt.de\/blog\/wp-content\/uploads\/2011\/01\/Welpen-Tag-22_8040.jpg?fit=300%2C199&amp;ssl=1\" data-large-file=\"https:\/\/i0.wp.com\/www.dalmatiner-sachsen-anhalt.de\/blog\/wp-content\/uploads\/2011\/01\/Welpen-Tag-22_8040.jpg?fit=584%2C388&amp;ssl=1\" decoding=\"async\" loading=\"lazy\" class=\"aligncenter size-large wp-image-3089\" title=\"Welpen-Tag-22_8040\" src=\"https:\/\/i0.wp.com\/www.dalmatiner-sachsen-anhalt.de\/blog\/wp-content\/uploads\/2011\/01\/Welpen-Tag-22_8040.jpg?resize=506%2C336&#038;ssl=1\" alt=\"Gute Nacht\" width=\"506\" height=\"336\" srcset=\"https:\/\/i0.wp.com\/www.dalmatiner-sachsen-anhalt.de\/blog\/wp-content\/uploads\/2011\/01\/Welpen-Tag-22_8040.jpg?resize=1024%2C681&amp;ssl=1 1024w, https:\/\/i0.wp.com\/www.dalmatiner-sachsen-anhalt.de\/blog\/wp-content\/uploads\/2011\/01\/Welpen-Tag-22_8040.jpg?resize=150%2C99&amp;ssl=1 150w, https:\/\/i0.wp.com\/www.dalmatiner-sachsen-anhalt.de\/blog\/wp-content\/uploads\/2011\/01\/Welpen-Tag-22_8040.jpg?resize=300%2C199&amp;ssl=1 300w, https:\/\/i0.wp.com\/www.dalmatiner-sachsen-anhalt.de\/blog\/wp-content\/uploads\/2011\/01\/Welpen-Tag-22_8040.jpg?w=1154&amp;ssl=1 1154w\" sizes=\"(max-width: 506px) 100vw, 506px\" data-recalc-dims=\"1\" \/><\/p>\n","protected":false},"excerpt":{"rendered":"<p>Jetzt kehrt Ruhe ein. Die B-chen schlafen und tr&#228;umen s&#252;&#223;. Gute Nacht!<\/p>\n","protected":false},"author":1,"featured_media":0,"comment_status":"open","ping_status":"open","sticky":false,"template":"","format":"standard","meta":{"jetpack_post_was_ever_published":false,"jetpack_publicize_message":"","jetpack_is_tweetstorm":false,"jetpack_publicize_feature_enabled":true,"jetpack_social_post_already_shared":false,"jetpack_social_options":[]},"categories":[677],"tags":[],"jetpack_publicize_connections":[],"jetpack_featured_media_url":"","jetpack_shortlink":"https:\/\/wp.me\/sx1eF-ruhe","jetpack_sharing_enabled":true,"jetpack_likes_enabled":true,"jetpack-related-posts":[{"id":1190,"url":"https:\/\/www.dalmatiner-sachsen-anhalt.de\/blog\/1190\/","url_meta":{"origin":3088,"position":0},"title":"Ruhe sanft!","date":"15. August 2009","format":false,"excerpt":"Nachdem Amelie von ihren Besitzern abgeholt wurde und alle Welpen ihre Fleisch-Mahlzeit hatten, kehrt wieder etwas Ruhe bei uns ein. AMIGO schl\u00e4ft. wovon er wohl jetzt tr\u00e4umen mag?","rel":"","context":"In &quot;A-Wurf&quot;","img":{"alt_text":"amelie-tag68-abschied_3301","src":"https:\/\/i0.wp.com\/www.dalmatiner-sachsen-anhalt.de\/blog\/wp-content\/uploads\/2009\/08\/amelie-tag68-abschied_3301-1024x683.jpg?resize=350%2C200","width":350,"height":200},"classes":[]},{"id":4367,"url":"https:\/\/www.dalmatiner-sachsen-anhalt.de\/blog\/4367\/","url_meta":{"origin":3088,"position":1},"title":"Annaberg Rassehundegemeinschaftsausstellung &#8211; die Letzte","date":"6. Dezember 2012","format":false,"excerpt":"Am 30.11.12 erreichte unsere Athene in Annaberg ein V1 von sieben H\u00fcndinnen in der offenen Klasse, wir sind stolz auf unsere Maus. Bennet vdS erhielt ein G. Am 01.12.12 erreichte Athene ein V3 von neun H\u00fcndinnen in der offenen Klasse und Schwester Antonia vdS ein SG. Es war ein sch\u00f6nes\u2026","rel":"","context":"In &quot;A-Wurf&quot;","img":{"alt_text":"","src":"https:\/\/i0.wp.com\/www.dalmatiner-sachsen-anhalt.de\/blog\/wp-content\/uploads\/2012\/12\/IMG_9528-383x255.jpg?resize=350%2C200","width":350,"height":200},"classes":[]},{"id":2822,"url":"https:\/\/www.dalmatiner-sachsen-anhalt.de\/blog\/2822\/","url_meta":{"origin":3088,"position":2},"title":"Welpenbilder","date":"20. Dezember 2010","format":false,"excerpt":"...gibt es in den n\u00e4chsten Tagen. F\u00fcr heute ist Schlu\u00df. Wir wollen n\u00e4mlich schlafen! Die B-chen von den Sandst\u00fccken","rel":"","context":"In &quot;Allgemein&quot;","img":{"alt_text":"B-wurf \"von den Sandst\u00c3\u00bccken\" in Schermen","src":"https:\/\/i0.wp.com\/www.dalmatiner-sachsen-anhalt.de\/blog\/wp-content\/uploads\/2010\/12\/dalmatiner-welpen-tag-3_6973-1024x681.jpg?resize=350%2C200","width":350,"height":200},"classes":[]},{"id":2839,"url":"https:\/\/www.dalmatiner-sachsen-anhalt.de\/blog\/2839\/","url_meta":{"origin":3088,"position":3},"title":"Saufen und schlafen","date":"22. Dezember 2010","format":false,"excerpt":"Hier ein tolles Foto des B-6er. Die Hauptbesch\u00e4ftigung ist Saufen und Schlafen. Dabei wachsen und entwickeln sich die Welpen pr\u00e4chtig. Am 6. Tag auf dieser Erde bringt Bandit - der uns stark an Ares erinnert - 921 Gramm auf die Waage. Damit ist er der schwerste und kr\u00e4ftigste aus diesem\u2026","rel":"","context":"In &quot;B-Wurf&quot;","img":{"alt_text":"Mama's Milchbar","src":"https:\/\/i0.wp.com\/www.dalmatiner-sachsen-anhalt.de\/blog\/wp-content\/uploads\/2010\/12\/dalmatiner-welpen-tag-6_5741-1024x681.jpg?resize=350%2C200","width":350,"height":200},"classes":[]},{"id":8303,"url":"https:\/\/www.dalmatiner-sachsen-anhalt.de\/blog\/8303\/","url_meta":{"origin":3088,"position":4},"title":"Sommerzeit?","date":"26. M&auml;rz 2023","format":false,"excerpt":"Diese Zeitumstellung macht uns ganz meschugge. Wir gehen jetzt schlafen. Gute Nacht\ud83c\udf1b","rel":"","context":"In &quot;G-Wurf&quot;","img":{"alt_text":"","src":"https:\/\/i0.wp.com\/www.dalmatiner-sachsen-anhalt.de\/blog\/wp-content\/uploads\/2023\/03\/IMG_20230326_115754-scaled.jpg?resize=350%2C200&ssl=1","width":350,"height":200},"classes":[]},{"id":2781,"url":"https:\/\/www.dalmatiner-sachsen-anhalt.de\/blog\/2781\/","url_meta":{"origin":3088,"position":5},"title":"Hallo Welt, wir sind da","date":"17. Dezember 2010","format":false,"excerpt":"Wir - das sind die H\u00fcndinnen Bianca, Ballerina, Baroness und die R\u00fcden Bennet, Bandit, und Bastian von den Sandst\u00fccken. Wir hatten heute einen aufregenden 1. Tag auf dieser Erde. Deshalb sagen wir nur kurz \"Hallo!\" Jetzt gehen wir an die Milchbar zu Mama Hummel vom Magdeburger Domfelsen - die wirklich\u2026","rel":"","context":"In &quot;B-Wurf&quot;","img":{"alt_text":"Hallo Welt - wir sind da","src":"https:\/\/i0.wp.com\/www.dalmatiner-sachsen-anhalt.de\/blog\/wp-content\/uploads\/2010\/12\/dalmatiner-welpen-tag-1_6930-1024x681.jpg?resize=350%2C200","width":350,"height":200},"classes":[]}],"_links":{"self":[{"href":"https:\/\/www.dalmatiner-sachsen-anhalt.de\/blog\/wp-json\/wp\/v2\/posts\/3088"}],"collection":[{"href":"https:\/\/www.dalmatiner-sachsen-anhalt.de\/blog\/wp-json\/wp\/v2\/posts"}],"about":[{"href":"https:\/\/www.dalmatiner-sachsen-anhalt.de\/blog\/wp-json\/wp\/v2\/types\/post"}],"author":[{"embeddable":true,"href":"https:\/\/www.dalmatiner-sachsen-anhalt.de\/blog\/wp-json\/wp\/v2\/users\/1"}],"replies":[{"embeddable":true,"href":"https:\/\/www.dalmatiner-sachsen-anhalt.de\/blog\/wp-json\/wp\/v2\/comments?post=3088"}],"version-history":[{"count":3,"href":"https:\/\/www.dalmatiner-sachsen-anhalt.de\/blog\/wp-json\/wp\/v2\/posts\/3088\/revisions"}],"predecessor-version":[{"id":3092,"href":"https:\/\/www.dalmatiner-sachsen-anhalt.de\/blog\/wp-json\/wp\/v2\/posts\/3088\/revisions\/3092"}],"wp:attachment":[{"href":"https:\/\/www.dalmatiner-sachsen-anhalt.de\/blog\/wp-json\/wp\/v2\/media?parent=3088"}],"wp:term":[{"taxonomy":"category","embeddable":true,"href":"https:\/\/www.dalmatiner-sachsen-anhalt.de\/blog\/wp-json\/wp\/v2\/categories?post=3088"},{"taxonomy":"post_tag","embeddable":true,"href":"https:\/\/www.dalmatiner-sachsen-anhalt.de\/blog\/wp-json\/wp\/v2\/tags?post=3088"}],"curies":[{"name":"wp","href":"https:\/\/api.w.org\/{rel}","templated":true}]}}