{"id":310,"date":"2009-05-30T06:44:43","date_gmt":"2009-05-30T04:44:43","guid":{"rendered":"http:\/\/www.dalmatiner-sachsen-anhalt.de\/blog\/?p=310"},"modified":"2009-05-30T06:51:56","modified_gmt":"2009-05-30T04:51:56","slug":"55-tag-3d-ultraschall-bild-hunde-welpen","status":"publish","type":"post","link":"https:\/\/www.dalmatiner-sachsen-anhalt.de\/blog\/310\/","title":{"rendered":"55. Tag 3D-Ultraschall-Bild-Hunde-Welpen"},"content":{"rendered":"<h4>&#8230;und so sehen die <strong><span style=\"color: #993300;\">Hundewelpen am 55. Tag<\/span><\/strong> aus:<\/h4>\n<h1 style=\"text-align: center;\"><a href=\"http:\/\/www.spiegel.de\/fotostrecke\/fotostrecke-17572-10.html\" target=\"_blank\"><strong> 3D-Ultraschall-Bild<\/strong><\/a><\/h1>\n","protected":false},"excerpt":{"rendered":"<p>&#8230;und so sehen die Hundewelpen am 55. Tag aus: 3D-Ultraschall-Bild<\/p>\n","protected":false},"author":1,"featured_media":0,"comment_status":"open","ping_status":"open","sticky":false,"template":"","format":"standard","meta":{"jetpack_post_was_ever_published":false,"jetpack_publicize_message":"","jetpack_is_tweetstorm":false,"jetpack_publicize_feature_enabled":true,"jetpack_social_post_already_shared":false,"jetpack_social_options":[]},"categories":[1],"tags":[85,84,35,83,10],"jetpack_publicize_connections":[],"jetpack_featured_media_url":"","jetpack_shortlink":"https:\/\/wp.me\/px1eF-50","jetpack_sharing_enabled":true,"jetpack_likes_enabled":true,"jetpack-related-posts":[{"id":4596,"url":"https:\/\/www.dalmatiner-sachsen-anhalt.de\/blog\/4596\/","url_meta":{"origin":310,"position":0},"title":"56. Tag der Tr&#228;chtigkeit: 75 %","date":"16. Januar 2013","format":false,"excerpt":"Alles ist in Ordnung! Temperatur und Appetit bei Athene sind ok. ...und so sehen die Hundewelpen am 55. Tag aus: 3D-Ultraschall-Bild (Quelle: Spiegelonline-Fotostrecke) Die Bewegung der Welpen im Mutterleib war in den letzten Tagen gut erkennbar, die Herzt\u00f6ne sind auch feststellbar. Die Welpen haben rund 75 % ihres Geburtsgewichts erreicht.\u2026","rel":"","context":"In &quot;Athene&quot;","img":{"alt_text":"","src":"https:\/\/i0.wp.com\/www.dalmatiner-sachsen-anhalt.de\/blog\/wp-content\/uploads\/2013\/01\/dalmatiner-athene-traechtig-tag56_0964.jpg?resize=350%2C200","width":350,"height":200},"classes":[]},{"id":2733,"url":"https:\/\/www.dalmatiner-sachsen-anhalt.de\/blog\/2733\/","url_meta":{"origin":310,"position":1},"title":"Gr&#252;&#223;e aus dem Hummel-Bauch","date":"17. November 2010","format":false,"excerpt":"Auf dem Ultraschall-Video\u00a0 sind die B-chens bereits zu erkennen - am 30. Tag der Tr\u00e4chtigkeit unserer Zuchth\u00fcndin Hummel vom Magdeburger Domfelsen. Ab dem Wurftag werden wir auf diesen Seiten st\u00e4ndig \u00fcber die Entwicklung der Fleckenzwerge berichten - in Wort und Bild.","rel":"","context":"In &quot;B-Wurf&quot;","img":{"alt_text":"","src":"","width":0,"height":0},"classes":[]},{"id":4494,"url":"https:\/\/www.dalmatiner-sachsen-anhalt.de\/blog\/4494\/","url_meta":{"origin":310,"position":2},"title":"Day31 &#8211; der Tr&#228;chtigkeit","date":"22. Dezember 2012","format":"gallery","excerpt":"Here are the scan results: Athene is certainly pregnant. We are so pleased. Now we expect to end of January 2013 hopefully a healthy C-litter from the mating with Merlin. Heute waren wir mit unserer Dalmatinerh\u00fcndin Athene zum Ultraschall. Sie ist pr\u00e4chtig tr\u00e4chtig. wie haben 4 F\u00f6ten auf den Bildern\u2026","rel":"","context":"In &quot;A-Wurf&quot;","img":{"alt_text":"","src":"https:\/\/i0.wp.com\/www.dalmatiner-sachsen-anhalt.de\/blog\/wp-content\/uploads\/2012\/12\/athene-pregnant_day31_0936-383x255.jpg?resize=350%2C200","width":350,"height":200},"classes":[]},{"id":6920,"url":"https:\/\/www.dalmatiner-sachsen-anhalt.de\/blog\/6920\/","url_meta":{"origin":310,"position":3},"title":"E- Wurf &#8211; Das Leben geht weiter","date":"6. Juli 2019","format":false,"excerpt":"\u00a0SANDSTUECKEN-DALMATINER Tag 26 \u2013 Hermine ist tragend\u00a06. Juli 2019 Am 5.7.2019 waren wir mit Athene (10J) und Hermine (2,5J) beim Tierarzt zum Ultraschall. Hermine ist tragend \u2013 wir haben mindestens 5 kleine Herminchen (Minions) auf dem Bild gesehen (leider nicht auf dem hier gezeigten). Wahrscheinlich sind es noch mehr. Wir\u2026","rel":"","context":"In &quot;E-Wurf&quot;","img":{"alt_text":"","src":"https:\/\/i0.wp.com\/www.dalmatiner-sachsen-anhalt.de\/blog\/wp-content\/uploads\/2019\/07\/IMG_20190518_170514_resized_20190519_111937334-e1562442672144.jpg?fit=1158%2C420&ssl=1&resize=350%2C200","width":350,"height":200},"classes":[]},{"id":6373,"url":"https:\/\/www.dalmatiner-sachsen-anhalt.de\/blog\/6373\/","url_meta":{"origin":310,"position":4},"title":"D- Wurf Tag 1","date":"16. Mai 2016","format":false,"excerpt":"Alles ok in der Wurfkiste. Zwar muss sich Hunde-Mama Athene von der anstrengenden Geburt noch erholen, aber um ihren Nachwuchs k\u00fcmmert sie sich r\u00fchrend. Die Welpen sind sehr agil, wenn sie gerade nicht schlafen, und sie nehmen ordentlich an Gewicht zu. Und hier noch ein paar Bilder vom 1. Tag\u2026","rel":"","context":"In &quot;D-Wurf&quot;","img":{"alt_text":"","src":"https:\/\/i0.wp.com\/www.dalmatiner-sachsen-anhalt.de\/blog\/wp-content\/uploads\/2016\/05\/tag1-DSC02399.jpg?fit=1200%2C676&ssl=1&resize=350%2C200","width":350,"height":200},"classes":[]},{"id":549,"url":"https:\/\/www.dalmatiner-sachsen-anhalt.de\/blog\/549\/","url_meta":{"origin":310,"position":5},"title":"3 Wochen alt sind die A-chens nun schon","date":"1. Juli 2009","format":false,"excerpt":"Wir schreiben den 23. Tag und die Welpen sind richtige \"Mini-Dalmi-Racker\" geworden, die ausgezeichnet wachsen und gedeihen. Sie haben ein Gewicht zwischen 1900 g und 2300 g. Damit sind sie ca. 4-5 x so schwer wie bei der Geburt. Auch sind Sie nun schon so gro\u00df, dass es in der\u2026","rel":"","context":"In &quot;A-Wurf&quot;","img":{"alt_text":"","src":"https:\/\/i0.wp.com\/www.dalmatiner-sachsen-anhalt.de\/blog\/wp-content\/uploads\/2009\/07\/welpen-tag22_0045-383x255.jpg?resize=350%2C200","width":350,"height":200},"classes":[]}],"_links":{"self":[{"href":"https:\/\/www.dalmatiner-sachsen-anhalt.de\/blog\/wp-json\/wp\/v2\/posts\/310"}],"collection":[{"href":"https:\/\/www.dalmatiner-sachsen-anhalt.de\/blog\/wp-json\/wp\/v2\/posts"}],"about":[{"href":"https:\/\/www.dalmatiner-sachsen-anhalt.de\/blog\/wp-json\/wp\/v2\/types\/post"}],"author":[{"embeddable":true,"href":"https:\/\/www.dalmatiner-sachsen-anhalt.de\/blog\/wp-json\/wp\/v2\/users\/1"}],"replies":[{"embeddable":true,"href":"https:\/\/www.dalmatiner-sachsen-anhalt.de\/blog\/wp-json\/wp\/v2\/comments?post=310"}],"version-history":[{"count":8,"href":"https:\/\/www.dalmatiner-sachsen-anhalt.de\/blog\/wp-json\/wp\/v2\/posts\/310\/revisions"}],"predecessor-version":[{"id":316,"href":"https:\/\/www.dalmatiner-sachsen-anhalt.de\/blog\/wp-json\/wp\/v2\/posts\/310\/revisions\/316"}],"wp:attachment":[{"href":"https:\/\/www.dalmatiner-sachsen-anhalt.de\/blog\/wp-json\/wp\/v2\/media?parent=310"}],"wp:term":[{"taxonomy":"category","embeddable":true,"href":"https:\/\/www.dalmatiner-sachsen-anhalt.de\/blog\/wp-json\/wp\/v2\/categories?post=310"},{"taxonomy":"post_tag","embeddable":true,"href":"https:\/\/www.dalmatiner-sachsen-anhalt.de\/blog\/wp-json\/wp\/v2\/tags?post=310"}],"curies":[{"name":"wp","href":"https:\/\/api.w.org\/{rel}","templated":true}]}}