{"id":3149,"date":"2011-01-16T16:32:10","date_gmt":"2011-01-16T14:32:10","guid":{"rendered":"http:\/\/www.dalmatiner-sachsen-anhalt.de\/blog\/?p=3149"},"modified":"2011-01-16T16:32:10","modified_gmt":"2011-01-16T14:32:10","slug":"stehbild-bastian-von-den-sandstuecken","status":"publish","type":"post","link":"https:\/\/www.dalmatiner-sachsen-anhalt.de\/blog\/3149\/","title":{"rendered":"Stehbild Bastian von den Sandst&#252;cken"},"content":{"rendered":"<h3>Wir haben <strong>Stehbilder <\/strong>von den B-chen gemacht. Sie sind heute <strong>31 Tage alt und &#8216;mops-fidel&#8217;<\/strong>. Weitere Stehbilder werden wir nach und nach ver&#246;ffentlichen.<\/h3>\n<p style=\"text-align: center;\"><a href=\"https:\/\/i0.wp.com\/www.dalmatiner-sachsen-anhalt.de\/blog\/wp-content\/uploads\/2011\/01\/bastian-welpen-tag-31_8425.jpg?ssl=1\"><img data-attachment-id=\"3150\" data-permalink=\"https:\/\/www.dalmatiner-sachsen-anhalt.de\/blog\/3149\/bastian-welpen-tag-31_8425\/\" data-orig-file=\"https:\/\/i0.wp.com\/www.dalmatiner-sachsen-anhalt.de\/blog\/wp-content\/uploads\/2011\/01\/bastian-welpen-tag-31_8425.jpg?fit=1154%2C768&amp;ssl=1\" data-orig-size=\"1154,768\" data-comments-opened=\"1\" data-image-meta=\"{&quot;aperture&quot;:&quot;0&quot;,&quot;credit&quot;:&quot;&quot;,&quot;camera&quot;:&quot;&quot;,&quot;caption&quot;:&quot;&quot;,&quot;created_timestamp&quot;:&quot;0&quot;,&quot;copyright&quot;:&quot;&quot;,&quot;focal_length&quot;:&quot;0&quot;,&quot;iso&quot;:&quot;0&quot;,&quot;shutter_speed&quot;:&quot;0&quot;,&quot;title&quot;:&quot;&quot;}\" data-image-title=\"bastian-welpen-tag-31_8425\" data-image-description=\"\" data-image-caption=\"&lt;p&gt;bastian-stehbild-tag-31&lt;\/p&gt;\n\" data-medium-file=\"https:\/\/i0.wp.com\/www.dalmatiner-sachsen-anhalt.de\/blog\/wp-content\/uploads\/2011\/01\/bastian-welpen-tag-31_8425.jpg?fit=300%2C199&amp;ssl=1\" data-large-file=\"https:\/\/i0.wp.com\/www.dalmatiner-sachsen-anhalt.de\/blog\/wp-content\/uploads\/2011\/01\/bastian-welpen-tag-31_8425.jpg?fit=584%2C388&amp;ssl=1\" decoding=\"async\" loading=\"lazy\" class=\"size-large wp-image-3150 aligncenter\" title=\"bastian-welpen-tag-31_8425\" src=\"https:\/\/i0.wp.com\/www.dalmatiner-sachsen-anhalt.de\/blog\/wp-content\/uploads\/2011\/01\/bastian-welpen-tag-31_8425.jpg?resize=506%2C336&#038;ssl=1\" alt=\"\" width=\"506\" height=\"336\" srcset=\"https:\/\/i0.wp.com\/www.dalmatiner-sachsen-anhalt.de\/blog\/wp-content\/uploads\/2011\/01\/bastian-welpen-tag-31_8425.jpg?resize=1024%2C681&amp;ssl=1 1024w, https:\/\/i0.wp.com\/www.dalmatiner-sachsen-anhalt.de\/blog\/wp-content\/uploads\/2011\/01\/bastian-welpen-tag-31_8425.jpg?resize=150%2C99&amp;ssl=1 150w, https:\/\/i0.wp.com\/www.dalmatiner-sachsen-anhalt.de\/blog\/wp-content\/uploads\/2011\/01\/bastian-welpen-tag-31_8425.jpg?resize=300%2C199&amp;ssl=1 300w, https:\/\/i0.wp.com\/www.dalmatiner-sachsen-anhalt.de\/blog\/wp-content\/uploads\/2011\/01\/bastian-welpen-tag-31_8425.jpg?w=1154&amp;ssl=1 1154w\" sizes=\"(max-width: 506px) 100vw, 506px\" data-recalc-dims=\"1\" \/><\/a><\/p>\n","protected":false},"excerpt":{"rendered":"<p>Wir haben Stehbilder von den B-chen gemacht. Sie sind heute 31 Tage alt und &#8216;mops-fidel&#8217;. Weitere Stehbilder werden wir nach und nach ver&#246;ffentlichen.<\/p>\n","protected":false},"author":1,"featured_media":0,"comment_status":"open","ping_status":"open","sticky":false,"template":"","format":"standard","meta":{"jetpack_post_was_ever_published":false,"jetpack_publicize_message":"","jetpack_is_tweetstorm":false,"jetpack_publicize_feature_enabled":true,"jetpack_social_post_already_shared":false,"jetpack_social_options":[]},"categories":[677,698,796],"tags":[797,754,791,35,49,798],"jetpack_publicize_connections":[],"jetpack_featured_media_url":"","jetpack_shortlink":"https:\/\/wp.me\/px1eF-ON","jetpack_sharing_enabled":true,"jetpack_likes_enabled":true,"jetpack-related-posts":[{"id":6798,"url":"https:\/\/www.dalmatiner-sachsen-anhalt.de\/blog\/6798\/","url_meta":{"origin":3149,"position":0},"title":"Der B-Wurf hat Geburtstag","date":"17. Dezember 2017","format":false,"excerpt":"Heute feiern unsere B-chen Bandit, Bennet, Bastian, Bianca, Ballerina und Baroness gen. Abby ihren 7.Geburtstag. (Hummel vom Magdeburger Domfelsen & Union Jack vom Gramzower Kloster) Sie haben alle ein sch\u00f6nes Zuhause mit tollen Familien. Lasst euch heute ganz besonders verw\u00f6hnen.","rel":"","context":"In &quot;Athene&quot;","img":{"alt_text":"Welpen-Tag-24_8058","src":"https:\/\/i0.wp.com\/www.dalmatiner-sachsen-anhalt.de\/blog\/wp-content\/uploads\/2017\/12\/Welpen-Tag-24_8058-1024x681.jpg?resize=350%2C200","width":350,"height":200},"classes":[]},{"id":3282,"url":"https:\/\/www.dalmatiner-sachsen-anhalt.de\/blog\/3282\/","url_meta":{"origin":3149,"position":1},"title":"Stehbild &#8211; Bastian","date":"8. Februar 2011","format":false,"excerpt":"Langsam r\u00fcckt die Zeit des Abschieds n\u00e4her und ein wenig Wehmut macht sich breit. Wir wissen heute schon, da\u00df Du uns fehlen wirst kleiner - gro\u00dfartiger Bastian.","rel":"","context":"In &quot;B-Wurf&quot;","img":{"alt_text":"","src":"https:\/\/i0.wp.com\/www.dalmatiner-sachsen-anhalt.de\/blog\/wp-content\/uploads\/2011\/02\/wurfabnahme-tag-52_9139-1024x681.jpg?resize=350%2C200","width":350,"height":200},"classes":[]},{"id":3278,"url":"https:\/\/www.dalmatiner-sachsen-anhalt.de\/blog\/3278\/","url_meta":{"origin":3149,"position":2},"title":"Wurfabnahme","date":"7. Februar 2011","format":false,"excerpt":"Direkt nach der AEP wurde am Sonntag\u00a0 die Wurfabnahme durch unsere Zuchtwartin Ilona Zoch durchgef\u00fchrt, die uns mit ihrer langj\u00e4hrigen Erfahrung half auch noch ein paar Stehbilder zu machen. Vielen Dank Ilona! Unser R\u00fcde Bennet sucht noch liebe Menschen mit einem liebevollen Zuhause. Sein Wesen ist ausgeglichen und freundlich, so\u2026","rel":"","context":"In &quot;B-Wurf&quot;","img":{"alt_text":"","src":"https:\/\/i0.wp.com\/www.dalmatiner-sachsen-anhalt.de\/blog\/wp-content\/uploads\/2011\/02\/wurfabnahme-tag-52_9151-1024x681.jpg?resize=350%2C200","width":350,"height":200},"classes":[]},{"id":3173,"url":"https:\/\/www.dalmatiner-sachsen-anhalt.de\/blog\/3173\/","url_meta":{"origin":3149,"position":3},"title":"Stehbilder: Bennet","date":"17. Januar 2011","format":false,"excerpt":"Und hier kommt: Bennet.\u00a0\u00a0 Diesen Namen hat unser Sohn ausgesucht und wir finden er passt zu ihm.","rel":"","context":"In &quot;B-Wurf&quot;","img":{"alt_text":"","src":"https:\/\/i0.wp.com\/www.dalmatiner-sachsen-anhalt.de\/blog\/wp-content\/uploads\/2011\/01\/welpen-tag-31_8396-1024x681.jpg?resize=350%2C200","width":350,"height":200},"classes":[]},{"id":3154,"url":"https:\/\/www.dalmatiner-sachsen-anhalt.de\/blog\/3154\/","url_meta":{"origin":3149,"position":4},"title":"Keine Lust","date":"16. Januar 2011","format":false,"excerpt":"Unser s\u00fc\u00dfer Bandit hatte absolut keine Lust auf Stehbilder und schon gar nicht auf Sahne. Er lie\u00df sich mit nichts locken und wollte einfach zur\u00fcck in die Wurfkiste und schlafen.","rel":"","context":"In &quot;B-Wurf&quot;","img":{"alt_text":"","src":"https:\/\/i0.wp.com\/www.dalmatiner-sachsen-anhalt.de\/blog\/wp-content\/uploads\/2011\/01\/welpen-tag-31_8493-1024x681.jpg?resize=350%2C200","width":350,"height":200},"classes":[]},{"id":1043,"url":"https:\/\/www.dalmatiner-sachsen-anhalt.de\/blog\/1043\/","url_meta":{"origin":3149,"position":5},"title":"Welpen-Foto-Modelle","date":"27. Juli 2009","format":false,"excerpt":"Wir haben die ersten Stehbilder mit den Fleckenzwergen gemacht und hier im Blog ver\u00f6ffentlicht. Es gibt noch bessere Stehbilder. Sucht sie doch! Viel Spa\u00df beim Schn\u00fcffeln!","rel":"","context":"In &quot;A-Wurf&quot;","img":{"alt_text":"Es gibt noch bessere Stehbilder. Sucht sie doch!","src":"https:\/\/i0.wp.com\/www.dalmatiner-sachsen-anhalt.de\/blog\/wp-content\/uploads\/2009\/07\/athene-tag48_2056-1024x683.jpg?resize=350%2C200","width":350,"height":200},"classes":[]}],"_links":{"self":[{"href":"https:\/\/www.dalmatiner-sachsen-anhalt.de\/blog\/wp-json\/wp\/v2\/posts\/3149"}],"collection":[{"href":"https:\/\/www.dalmatiner-sachsen-anhalt.de\/blog\/wp-json\/wp\/v2\/posts"}],"about":[{"href":"https:\/\/www.dalmatiner-sachsen-anhalt.de\/blog\/wp-json\/wp\/v2\/types\/post"}],"author":[{"embeddable":true,"href":"https:\/\/www.dalmatiner-sachsen-anhalt.de\/blog\/wp-json\/wp\/v2\/users\/1"}],"replies":[{"embeddable":true,"href":"https:\/\/www.dalmatiner-sachsen-anhalt.de\/blog\/wp-json\/wp\/v2\/comments?post=3149"}],"version-history":[{"count":2,"href":"https:\/\/www.dalmatiner-sachsen-anhalt.de\/blog\/wp-json\/wp\/v2\/posts\/3149\/revisions"}],"predecessor-version":[{"id":3153,"href":"https:\/\/www.dalmatiner-sachsen-anhalt.de\/blog\/wp-json\/wp\/v2\/posts\/3149\/revisions\/3153"}],"wp:attachment":[{"href":"https:\/\/www.dalmatiner-sachsen-anhalt.de\/blog\/wp-json\/wp\/v2\/media?parent=3149"}],"wp:term":[{"taxonomy":"category","embeddable":true,"href":"https:\/\/www.dalmatiner-sachsen-anhalt.de\/blog\/wp-json\/wp\/v2\/categories?post=3149"},{"taxonomy":"post_tag","embeddable":true,"href":"https:\/\/www.dalmatiner-sachsen-anhalt.de\/blog\/wp-json\/wp\/v2\/tags?post=3149"}],"curies":[{"name":"wp","href":"https:\/\/api.w.org\/{rel}","templated":true}]}}