{"id":3231,"date":"2011-01-28T23:34:51","date_gmt":"2011-01-28T21:34:51","guid":{"rendered":"http:\/\/www.dalmatiner-sachsen-anhalt.de\/blog\/?p=3231"},"modified":"2011-01-29T21:12:28","modified_gmt":"2011-01-29T19:12:28","slug":"extra-trip","status":"publish","type":"post","link":"https:\/\/www.dalmatiner-sachsen-anhalt.de\/blog\/3231\/","title":{"rendered":"Extra Trip"},"content":{"rendered":"<h3><span style=\"color: #0000ff;\"><strong>Bandit <\/strong><\/span>bekam heute eine <strong>Extra- F&#252;hrung<\/strong> durch die Siedlung. Seine erste <strong>Bekanntschaft mit Brustgeschirr und Leine<\/strong>. Er hat sich gleich m&#228;chtig ins Zeug gelegt. Bravo Bandit!<\/h3>\n<p><a href=\"https:\/\/i0.wp.com\/www.dalmatiner-sachsen-anhalt.de\/blog\/wp-content\/uploads\/2011\/01\/IMG_1467.jpg?ssl=1\"><img data-attachment-id=\"3232\" data-permalink=\"https:\/\/www.dalmatiner-sachsen-anhalt.de\/blog\/3231\/img_1467\/\" data-orig-file=\"https:\/\/i0.wp.com\/www.dalmatiner-sachsen-anhalt.de\/blog\/wp-content\/uploads\/2011\/01\/IMG_1467.jpg?fit=1024%2C768&amp;ssl=1\" data-orig-size=\"1024,768\" data-comments-opened=\"1\" data-image-meta=\"{&quot;aperture&quot;:&quot;0&quot;,&quot;credit&quot;:&quot;&quot;,&quot;camera&quot;:&quot;&quot;,&quot;caption&quot;:&quot;&quot;,&quot;created_timestamp&quot;:&quot;0&quot;,&quot;copyright&quot;:&quot;&quot;,&quot;focal_length&quot;:&quot;0&quot;,&quot;iso&quot;:&quot;0&quot;,&quot;shutter_speed&quot;:&quot;0&quot;,&quot;title&quot;:&quot;&quot;}\" data-image-title=\"IMG_1467\" data-image-description=\"\" data-image-caption=\"\" data-medium-file=\"https:\/\/i0.wp.com\/www.dalmatiner-sachsen-anhalt.de\/blog\/wp-content\/uploads\/2011\/01\/IMG_1467.jpg?fit=300%2C225&amp;ssl=1\" data-large-file=\"https:\/\/i0.wp.com\/www.dalmatiner-sachsen-anhalt.de\/blog\/wp-content\/uploads\/2011\/01\/IMG_1467.jpg?fit=584%2C438&amp;ssl=1\" decoding=\"async\" loading=\"lazy\" class=\"aligncenter size-full wp-image-3232\" title=\"IMG_1467\" src=\"https:\/\/i0.wp.com\/www.dalmatiner-sachsen-anhalt.de\/blog\/wp-content\/uploads\/2011\/01\/IMG_1467.jpg?resize=506%2C380&#038;ssl=1\" alt=\"Bandit an der Leine\" width=\"506\" height=\"380\" srcset=\"https:\/\/i0.wp.com\/www.dalmatiner-sachsen-anhalt.de\/blog\/wp-content\/uploads\/2011\/01\/IMG_1467.jpg?w=1024&amp;ssl=1 1024w, https:\/\/i0.wp.com\/www.dalmatiner-sachsen-anhalt.de\/blog\/wp-content\/uploads\/2011\/01\/IMG_1467.jpg?resize=150%2C112&amp;ssl=1 150w, https:\/\/i0.wp.com\/www.dalmatiner-sachsen-anhalt.de\/blog\/wp-content\/uploads\/2011\/01\/IMG_1467.jpg?resize=300%2C225&amp;ssl=1 300w\" sizes=\"(max-width: 506px) 100vw, 506px\" data-recalc-dims=\"1\" \/><\/a><\/p>\n","protected":false},"excerpt":{"rendered":"<p>Bandit bekam heute eine Extra- F&#252;hrung durch die Siedlung. Seine erste Bekanntschaft mit Brustgeschirr und Leine. Er hat sich gleich m&#228;chtig ins Zeug gelegt. Bravo Bandit!<\/p>\n","protected":false},"author":1,"featured_media":0,"comment_status":"open","ping_status":"open","sticky":false,"template":"","format":"standard","meta":{"jetpack_post_was_ever_published":false,"jetpack_publicize_message":"","jetpack_is_tweetstorm":false,"jetpack_publicize_feature_enabled":true,"jetpack_social_post_already_shared":false,"jetpack_social_options":[]},"categories":[677,702,3],"tags":[728,39,49,214,803,94],"jetpack_publicize_connections":[],"jetpack_featured_media_url":"","jetpack_shortlink":"https:\/\/wp.me\/px1eF-Q7","jetpack_sharing_enabled":true,"jetpack_likes_enabled":true,"jetpack-related-posts":[{"id":3235,"url":"https:\/\/www.dalmatiner-sachsen-anhalt.de\/blog\/3235\/","url_meta":{"origin":3231,"position":0},"title":"Mit Leinen und Brustgeschirr","date":"29. Januar 2011","format":false,"excerpt":"Am Anfang der 7. Lebenswoche waren waren die Fleckenzwerge heute das 1. Mal angeleint unterwegs. Und das ging schon ganz prima!","rel":"","context":"In &quot;B-Wurf&quot;","img":{"alt_text":"","src":"","width":0,"height":0},"classes":[]},{"id":2855,"url":"https:\/\/www.dalmatiner-sachsen-anhalt.de\/blog\/2855\/","url_meta":{"origin":3231,"position":1},"title":"Habe fertig!","date":"23. Dezember 2010","format":false,"excerpt":"Das denkt sich Bandit, nachdem er soviel gesoffen hatte, da\u00df er sich anschlie\u00dfend nur unter Aufbietung aller Kr\u00e4fte bis zu diesem lauschigen Pl\u00e4tzchen schleppen konnte, wo er dann auf der Stelle einschlief. Heute versucht er es einmal in der R\u00fcckenlage. Schlaf gut Bandit!","rel":"","context":"In &quot;B-Wurf&quot;","img":{"alt_text":"Bandit in R\u00c3\u00bcckenlage","src":"https:\/\/i0.wp.com\/www.dalmatiner-sachsen-anhalt.de\/blog\/wp-content\/uploads\/2010\/12\/welpe-bandit-tag-7_5761-1024x681.jpg?resize=350%2C200","width":350,"height":200},"classes":[]},{"id":3267,"url":"https:\/\/www.dalmatiner-sachsen-anhalt.de\/blog\/3267\/","url_meta":{"origin":3231,"position":2},"title":"Bandit mit Kehlkopf","date":"6. Februar 2011","format":false,"excerpt":"","rel":"","context":"In &quot;B-Wurf&quot;","img":{"alt_text":"bandit-von-den-sandstuecken","src":"https:\/\/i0.wp.com\/www.dalmatiner-sachsen-anhalt.de\/blog\/wp-content\/uploads\/2011\/02\/Welpen-Tag-49_9080-1024x681.jpg?resize=350%2C200","width":350,"height":200},"classes":[]},{"id":3372,"url":"https:\/\/www.dalmatiner-sachsen-anhalt.de\/blog\/3372\/","url_meta":{"origin":3231,"position":3},"title":"Gr&#252;&#223;e von Bandit","date":"3. M&auml;rz 2011","format":false,"excerpt":"Liebe Gr\u00fc\u00dfe von Bandit und seiner Familie erreichten uns vor kurzem, wir freuen uns, da\u00df es ihm so gut geht. Liebe Gr\u00fc\u00dfe gehen nach Wolfsburg zu Bandit, Claudia, J\u00fcrgen und die Kinder","rel":"","context":"In &quot;B-Wurf&quot;","img":{"alt_text":"","src":"https:\/\/i0.wp.com\/www.dalmatiner-sachsen-anhalt.de\/blog\/wp-content\/uploads\/2011\/03\/100_1152-382x287.jpg?resize=350%2C200","width":350,"height":200},"classes":[]},{"id":2811,"url":"https:\/\/www.dalmatiner-sachsen-anhalt.de\/blog\/2811\/","url_meta":{"origin":3231,"position":4},"title":"Das ist Bandit","date":"20. Dezember 2010","format":false,"excerpt":"","rel":"","context":"In &quot;B-Wurf&quot;","img":{"alt_text":"S\u00c3\u00bc\u00c3\u009fer Bandit","src":"https:\/\/i0.wp.com\/www.dalmatiner-sachsen-anhalt.de\/blog\/wp-content\/uploads\/2010\/12\/Bandit_5572-1024x681.jpg?resize=350%2C200","width":350,"height":200},"classes":[]},{"id":3746,"url":"https:\/\/www.dalmatiner-sachsen-anhalt.de\/blog\/3746\/","url_meta":{"origin":3231,"position":5},"title":"Gr&#252;&#223;e aus Wolfsburg","date":"2. Januar 2012","format":false,"excerpt":"erreichten uns von Bandit vdS. Ist er nicht ein schmucker Kerl geworden?","rel":"","context":"In &quot;B-Wurf&quot;","img":{"alt_text":"Bandit vds","src":"https:\/\/i0.wp.com\/www.dalmatiner-sachsen-anhalt.de\/blog\/wp-content\/uploads\/2012\/01\/100_1717.jpg?resize=350%2C200","width":350,"height":200},"classes":[]}],"_links":{"self":[{"href":"https:\/\/www.dalmatiner-sachsen-anhalt.de\/blog\/wp-json\/wp\/v2\/posts\/3231"}],"collection":[{"href":"https:\/\/www.dalmatiner-sachsen-anhalt.de\/blog\/wp-json\/wp\/v2\/posts"}],"about":[{"href":"https:\/\/www.dalmatiner-sachsen-anhalt.de\/blog\/wp-json\/wp\/v2\/types\/post"}],"author":[{"embeddable":true,"href":"https:\/\/www.dalmatiner-sachsen-anhalt.de\/blog\/wp-json\/wp\/v2\/users\/1"}],"replies":[{"embeddable":true,"href":"https:\/\/www.dalmatiner-sachsen-anhalt.de\/blog\/wp-json\/wp\/v2\/comments?post=3231"}],"version-history":[{"count":3,"href":"https:\/\/www.dalmatiner-sachsen-anhalt.de\/blog\/wp-json\/wp\/v2\/posts\/3231\/revisions"}],"predecessor-version":[{"id":3234,"href":"https:\/\/www.dalmatiner-sachsen-anhalt.de\/blog\/wp-json\/wp\/v2\/posts\/3231\/revisions\/3234"}],"wp:attachment":[{"href":"https:\/\/www.dalmatiner-sachsen-anhalt.de\/blog\/wp-json\/wp\/v2\/media?parent=3231"}],"wp:term":[{"taxonomy":"category","embeddable":true,"href":"https:\/\/www.dalmatiner-sachsen-anhalt.de\/blog\/wp-json\/wp\/v2\/categories?post=3231"},{"taxonomy":"post_tag","embeddable":true,"href":"https:\/\/www.dalmatiner-sachsen-anhalt.de\/blog\/wp-json\/wp\/v2\/tags?post=3231"}],"curies":[{"name":"wp","href":"https:\/\/api.w.org\/{rel}","templated":true}]}}