{"id":3241,"date":"2011-01-30T09:49:11","date_gmt":"2011-01-30T07:49:11","guid":{"rendered":"http:\/\/www.dalmatiner-sachsen-anhalt.de\/blog\/?p=3241"},"modified":"2011-01-29T22:53:40","modified_gmt":"2011-01-29T20:53:40","slug":"jagdtrieb","status":"publish","type":"post","link":"https:\/\/www.dalmatiner-sachsen-anhalt.de\/blog\/3241\/","title":{"rendered":"Jagdtrieb"},"content":{"rendered":"<h3><span style=\"color: #0000ff;\"><strong>Bandit <\/strong><\/span>hat die Ente erlegt.<\/h3>\n<p><img data-attachment-id=\"3242\" data-permalink=\"https:\/\/www.dalmatiner-sachsen-anhalt.de\/blog\/3241\/welpen-tag-44_8932\/\" data-orig-file=\"https:\/\/i0.wp.com\/www.dalmatiner-sachsen-anhalt.de\/blog\/wp-content\/uploads\/2011\/01\/Welpen-Tag-44_8932.jpg?fit=1154%2C768&amp;ssl=1\" data-orig-size=\"1154,768\" data-comments-opened=\"1\" data-image-meta=\"{&quot;aperture&quot;:&quot;0&quot;,&quot;credit&quot;:&quot;&quot;,&quot;camera&quot;:&quot;&quot;,&quot;caption&quot;:&quot;&quot;,&quot;created_timestamp&quot;:&quot;0&quot;,&quot;copyright&quot;:&quot;&quot;,&quot;focal_length&quot;:&quot;0&quot;,&quot;iso&quot;:&quot;0&quot;,&quot;shutter_speed&quot;:&quot;0&quot;,&quot;title&quot;:&quot;&quot;}\" data-image-title=\"Welpen Tag 44_8932\" data-image-description=\"\" data-image-caption=\"\" data-medium-file=\"https:\/\/i0.wp.com\/www.dalmatiner-sachsen-anhalt.de\/blog\/wp-content\/uploads\/2011\/01\/Welpen-Tag-44_8932.jpg?fit=300%2C199&amp;ssl=1\" data-large-file=\"https:\/\/i0.wp.com\/www.dalmatiner-sachsen-anhalt.de\/blog\/wp-content\/uploads\/2011\/01\/Welpen-Tag-44_8932.jpg?fit=584%2C388&amp;ssl=1\" decoding=\"async\" loading=\"lazy\" class=\"aligncenter size-large wp-image-3242\" title=\"Welpen Tag 44_8932\" src=\"https:\/\/i0.wp.com\/www.dalmatiner-sachsen-anhalt.de\/blog\/wp-content\/uploads\/2011\/01\/Welpen-Tag-44_8932.jpg?resize=506%2C337&#038;ssl=1\" alt=\"bandid auf enten-jagd\" width=\"506\" height=\"337\" srcset=\"https:\/\/i0.wp.com\/www.dalmatiner-sachsen-anhalt.de\/blog\/wp-content\/uploads\/2011\/01\/Welpen-Tag-44_8932.jpg?resize=1024%2C681&amp;ssl=1 1024w, https:\/\/i0.wp.com\/www.dalmatiner-sachsen-anhalt.de\/blog\/wp-content\/uploads\/2011\/01\/Welpen-Tag-44_8932.jpg?resize=150%2C99&amp;ssl=1 150w, https:\/\/i0.wp.com\/www.dalmatiner-sachsen-anhalt.de\/blog\/wp-content\/uploads\/2011\/01\/Welpen-Tag-44_8932.jpg?resize=300%2C199&amp;ssl=1 300w, https:\/\/i0.wp.com\/www.dalmatiner-sachsen-anhalt.de\/blog\/wp-content\/uploads\/2011\/01\/Welpen-Tag-44_8932.jpg?w=1154&amp;ssl=1 1154w\" sizes=\"(max-width: 506px) 100vw, 506px\" data-recalc-dims=\"1\" \/><\/p>\n","protected":false},"excerpt":{"rendered":"<p>Bandit hat die Ente erlegt.<\/p>\n","protected":false},"author":1,"featured_media":0,"comment_status":"open","ping_status":"open","sticky":false,"template":"","format":"standard","meta":{"jetpack_post_was_ever_published":false,"jetpack_publicize_message":"","jetpack_is_tweetstorm":false,"jetpack_publicize_feature_enabled":true,"jetpack_social_post_already_shared":false,"jetpack_social_options":[]},"categories":[677,702],"tags":[728],"jetpack_publicize_connections":[],"jetpack_featured_media_url":"","jetpack_shortlink":"https:\/\/wp.me\/px1eF-Qh","jetpack_sharing_enabled":true,"jetpack_likes_enabled":true,"jetpack-related-posts":[{"id":3028,"url":"https:\/\/www.dalmatiner-sachsen-anhalt.de\/blog\/3028\/","url_meta":{"origin":3241,"position":0},"title":"Wettkampf-Ergebnis","date":"6. Januar 2011","format":false,"excerpt":"Bandit sagt: \u201cHallo Welt! Heute habe ich mir wieder den 1. Platz beim Wettkampf um die besten Welpengewichte gesichert, dicht gefolgt von Bennet. Ich f\u00fchre nun mit 2460 Punkten!\" Bandit von den Sandstuecken \"Mein liebes Frauchen, nimm mich bitte schnell aus der Waag-Schale, denn ich mu\u00df weitersaufen!\"","rel":"","context":"In &quot;B-Wurf&quot;","img":{"alt_text":"Bandit von den Sandstuecken","src":"https:\/\/i0.wp.com\/www.dalmatiner-sachsen-anhalt.de\/blog\/wp-content\/uploads\/2011\/01\/bandit-welpen-tag-20_7820-1024x681.jpg?resize=350%2C200","width":350,"height":200},"classes":[]},{"id":3231,"url":"https:\/\/www.dalmatiner-sachsen-anhalt.de\/blog\/3231\/","url_meta":{"origin":3241,"position":1},"title":"Extra Trip","date":"28. Januar 2011","format":false,"excerpt":"Bandit bekam heute eine Extra- F\u00fchrung durch die Siedlung. Seine erste Bekanntschaft mit Brustgeschirr und Leine. Er hat sich gleich m\u00e4chtig ins Zeug gelegt. Bravo Bandit!","rel":"","context":"In &quot;B-Wurf&quot;","img":{"alt_text":"Bandit an der Leine","src":"https:\/\/i0.wp.com\/www.dalmatiner-sachsen-anhalt.de\/blog\/wp-content\/uploads\/2011\/01\/IMG_1467.jpg?resize=350%2C200","width":350,"height":200},"classes":[]},{"id":3267,"url":"https:\/\/www.dalmatiner-sachsen-anhalt.de\/blog\/3267\/","url_meta":{"origin":3241,"position":2},"title":"Bandit mit Kehlkopf","date":"6. Februar 2011","format":false,"excerpt":"","rel":"","context":"In &quot;B-Wurf&quot;","img":{"alt_text":"bandit-von-den-sandstuecken","src":"https:\/\/i0.wp.com\/www.dalmatiner-sachsen-anhalt.de\/blog\/wp-content\/uploads\/2011\/02\/Welpen-Tag-49_9080-1024x681.jpg?resize=350%2C200","width":350,"height":200},"classes":[]},{"id":2811,"url":"https:\/\/www.dalmatiner-sachsen-anhalt.de\/blog\/2811\/","url_meta":{"origin":3241,"position":3},"title":"Das ist Bandit","date":"20. Dezember 2010","format":false,"excerpt":"","rel":"","context":"In &quot;B-Wurf&quot;","img":{"alt_text":"S\u00c3\u00bc\u00c3\u009fer Bandit","src":"https:\/\/i0.wp.com\/www.dalmatiner-sachsen-anhalt.de\/blog\/wp-content\/uploads\/2010\/12\/Bandit_5572-1024x681.jpg?resize=350%2C200","width":350,"height":200},"classes":[]},{"id":3327,"url":"https:\/\/www.dalmatiner-sachsen-anhalt.de\/blog\/3327\/","url_meta":{"origin":3241,"position":4},"title":"Mach&#8217;s gut &#8211; Schokoschnute","date":"18. Februar 2011","format":false,"excerpt":"Heute wurde Bandit von seiner neuen Familie abgeholt. Wir w\u00fcnschen Euch viel Freude und alles Gute und freuen uns auf ein Wiedersehen.","rel":"","context":"In &quot;B-Wurf&quot;","img":{"alt_text":"bandit-von-den-sandstuecken","src":"https:\/\/i0.wp.com\/www.dalmatiner-sachsen-anhalt.de\/blog\/wp-content\/uploads\/2011\/02\/welpen-tag-64_9548-1024x681.jpg?resize=350%2C200","width":350,"height":200},"classes":[]},{"id":3372,"url":"https:\/\/www.dalmatiner-sachsen-anhalt.de\/blog\/3372\/","url_meta":{"origin":3241,"position":5},"title":"Gr&#252;&#223;e von Bandit","date":"3. M&auml;rz 2011","format":false,"excerpt":"Liebe Gr\u00fc\u00dfe von Bandit und seiner Familie erreichten uns vor kurzem, wir freuen uns, da\u00df es ihm so gut geht. Liebe Gr\u00fc\u00dfe gehen nach Wolfsburg zu Bandit, Claudia, J\u00fcrgen und die Kinder","rel":"","context":"In &quot;B-Wurf&quot;","img":{"alt_text":"","src":"https:\/\/i0.wp.com\/www.dalmatiner-sachsen-anhalt.de\/blog\/wp-content\/uploads\/2011\/03\/100_1142-382x287.jpg?resize=350%2C200","width":350,"height":200},"classes":[]}],"_links":{"self":[{"href":"https:\/\/www.dalmatiner-sachsen-anhalt.de\/blog\/wp-json\/wp\/v2\/posts\/3241"}],"collection":[{"href":"https:\/\/www.dalmatiner-sachsen-anhalt.de\/blog\/wp-json\/wp\/v2\/posts"}],"about":[{"href":"https:\/\/www.dalmatiner-sachsen-anhalt.de\/blog\/wp-json\/wp\/v2\/types\/post"}],"author":[{"embeddable":true,"href":"https:\/\/www.dalmatiner-sachsen-anhalt.de\/blog\/wp-json\/wp\/v2\/users\/1"}],"replies":[{"embeddable":true,"href":"https:\/\/www.dalmatiner-sachsen-anhalt.de\/blog\/wp-json\/wp\/v2\/comments?post=3241"}],"version-history":[{"count":2,"href":"https:\/\/www.dalmatiner-sachsen-anhalt.de\/blog\/wp-json\/wp\/v2\/posts\/3241\/revisions"}],"predecessor-version":[{"id":3244,"href":"https:\/\/www.dalmatiner-sachsen-anhalt.de\/blog\/wp-json\/wp\/v2\/posts\/3241\/revisions\/3244"}],"wp:attachment":[{"href":"https:\/\/www.dalmatiner-sachsen-anhalt.de\/blog\/wp-json\/wp\/v2\/media?parent=3241"}],"wp:term":[{"taxonomy":"category","embeddable":true,"href":"https:\/\/www.dalmatiner-sachsen-anhalt.de\/blog\/wp-json\/wp\/v2\/categories?post=3241"},{"taxonomy":"post_tag","embeddable":true,"href":"https:\/\/www.dalmatiner-sachsen-anhalt.de\/blog\/wp-json\/wp\/v2\/tags?post=3241"}],"curies":[{"name":"wp","href":"https:\/\/api.w.org\/{rel}","templated":true}]}}