{"id":3256,"date":"2011-02-03T19:04:09","date_gmt":"2011-02-03T17:04:09","guid":{"rendered":"http:\/\/www.dalmatiner-sachsen-anhalt.de\/blog\/?p=3256"},"modified":"2011-02-03T19:05:42","modified_gmt":"2011-02-03T17:05:42","slug":"zuhause-gesucht-bennet","status":"publish","type":"post","link":"https:\/\/www.dalmatiner-sachsen-anhalt.de\/blog\/3256\/","title":{"rendered":"Zuhause gesucht &#8211; Bennet"},"content":{"rendered":"<h3>Alle unsere s&#252;&#223;en kleinen Fleckenzwerge haben ein Zuhause gefunden , nur Bennet sucht noch liebe Menschen, die mit ihm ihr Leben bereichern wollen.<\/h3>\n<p><a href=\"https:\/\/i0.wp.com\/www.dalmatiner-sachsen-anhalt.de\/blog\/wp-content\/uploads\/2011\/02\/Welpen-Tag-43_8883.jpg?ssl=1\"><img data-attachment-id=\"3257\" data-permalink=\"https:\/\/www.dalmatiner-sachsen-anhalt.de\/blog\/3256\/welpen-tag-43_8883\/\" data-orig-file=\"https:\/\/i0.wp.com\/www.dalmatiner-sachsen-anhalt.de\/blog\/wp-content\/uploads\/2011\/02\/Welpen-Tag-43_8883.jpg?fit=1154%2C768&amp;ssl=1\" data-orig-size=\"1154,768\" data-comments-opened=\"1\" data-image-meta=\"{&quot;aperture&quot;:&quot;0&quot;,&quot;credit&quot;:&quot;&quot;,&quot;camera&quot;:&quot;&quot;,&quot;caption&quot;:&quot;&quot;,&quot;created_timestamp&quot;:&quot;0&quot;,&quot;copyright&quot;:&quot;&quot;,&quot;focal_length&quot;:&quot;0&quot;,&quot;iso&quot;:&quot;0&quot;,&quot;shutter_speed&quot;:&quot;0&quot;,&quot;title&quot;:&quot;&quot;}\" data-image-title=\"Welpen Tag 43_8883\" data-image-description=\"\" data-image-caption=\"\" data-medium-file=\"https:\/\/i0.wp.com\/www.dalmatiner-sachsen-anhalt.de\/blog\/wp-content\/uploads\/2011\/02\/Welpen-Tag-43_8883.jpg?fit=300%2C199&amp;ssl=1\" data-large-file=\"https:\/\/i0.wp.com\/www.dalmatiner-sachsen-anhalt.de\/blog\/wp-content\/uploads\/2011\/02\/Welpen-Tag-43_8883.jpg?fit=584%2C388&amp;ssl=1\" decoding=\"async\" loading=\"lazy\" class=\"aligncenter size-large wp-image-3257\" title=\"Welpen Tag 43_8883\" src=\"https:\/\/i0.wp.com\/www.dalmatiner-sachsen-anhalt.de\/blog\/wp-content\/uploads\/2011\/02\/Welpen-Tag-43_8883.jpg?resize=505%2C335&#038;ssl=1\" alt=\"\" width=\"505\" height=\"335\" srcset=\"https:\/\/i0.wp.com\/www.dalmatiner-sachsen-anhalt.de\/blog\/wp-content\/uploads\/2011\/02\/Welpen-Tag-43_8883.jpg?resize=1024%2C681&amp;ssl=1 1024w, https:\/\/i0.wp.com\/www.dalmatiner-sachsen-anhalt.de\/blog\/wp-content\/uploads\/2011\/02\/Welpen-Tag-43_8883.jpg?resize=150%2C99&amp;ssl=1 150w, https:\/\/i0.wp.com\/www.dalmatiner-sachsen-anhalt.de\/blog\/wp-content\/uploads\/2011\/02\/Welpen-Tag-43_8883.jpg?resize=300%2C199&amp;ssl=1 300w, https:\/\/i0.wp.com\/www.dalmatiner-sachsen-anhalt.de\/blog\/wp-content\/uploads\/2011\/02\/Welpen-Tag-43_8883.jpg?w=1154&amp;ssl=1 1154w\" sizes=\"(max-width: 505px) 100vw, 505px\" data-recalc-dims=\"1\" \/><\/a><\/p>\n","protected":false},"excerpt":{"rendered":"<p>Alle unsere s&#252;&#223;en kleinen Fleckenzwerge haben ein Zuhause gefunden , nur Bennet sucht noch liebe Menschen, die mit ihm ihr Leben bereichern wollen.<\/p>\n","protected":false},"author":1,"featured_media":0,"comment_status":"open","ping_status":"open","sticky":false,"template":"","format":"standard","meta":{"jetpack_post_was_ever_published":false,"jetpack_publicize_message":"","jetpack_is_tweetstorm":false,"jetpack_publicize_feature_enabled":true,"jetpack_social_post_already_shared":false,"jetpack_social_options":[]},"categories":[677,730,3],"tags":[35,305,308,805],"jetpack_publicize_connections":[],"jetpack_featured_media_url":"","jetpack_shortlink":"https:\/\/wp.me\/px1eF-Qw","jetpack_sharing_enabled":true,"jetpack_likes_enabled":true,"jetpack-related-posts":[{"id":3020,"url":"https:\/\/www.dalmatiner-sachsen-anhalt.de\/blog\/3020\/","url_meta":{"origin":3256,"position":0},"title":"Suchen noch&#8230;","date":"5. Januar 2011","format":false,"excerpt":"Die s\u00fc\u00dfen Dalmatinerwelpen Bennet und Bastian suchen noch ein liebevolles neues Zuhause.","rel":"","context":"In &quot;B-Wurf&quot;","img":{"alt_text":"Bennet von den Sandstuecken","src":"https:\/\/i0.wp.com\/www.dalmatiner-sachsen-anhalt.de\/blog\/wp-content\/uploads\/2011\/01\/bennet-welpen-tag-20_7828-1024x681.jpg?resize=350%2C200","width":350,"height":200},"classes":[]},{"id":6798,"url":"https:\/\/www.dalmatiner-sachsen-anhalt.de\/blog\/6798\/","url_meta":{"origin":3256,"position":1},"title":"Der B-Wurf hat Geburtstag","date":"17. Dezember 2017","format":false,"excerpt":"Heute feiern unsere B-chen Bandit, Bennet, Bastian, Bianca, Ballerina und Baroness gen. Abby ihren 7.Geburtstag. (Hummel vom Magdeburger Domfelsen & Union Jack vom Gramzower Kloster) Sie haben alle ein sch\u00f6nes Zuhause mit tollen Familien. Lasst euch heute ganz besonders verw\u00f6hnen.","rel":"","context":"In &quot;Athene&quot;","img":{"alt_text":"Welpen-Tag-24_8058","src":"https:\/\/i0.wp.com\/www.dalmatiner-sachsen-anhalt.de\/blog\/wp-content\/uploads\/2017\/12\/Welpen-Tag-24_8058-1024x681.jpg?resize=350%2C200","width":350,"height":200},"classes":[]},{"id":3278,"url":"https:\/\/www.dalmatiner-sachsen-anhalt.de\/blog\/3278\/","url_meta":{"origin":3256,"position":2},"title":"Wurfabnahme","date":"7. Februar 2011","format":false,"excerpt":"Direkt nach der AEP wurde am Sonntag\u00a0 die Wurfabnahme durch unsere Zuchtwartin Ilona Zoch durchgef\u00fchrt, die uns mit ihrer langj\u00e4hrigen Erfahrung half auch noch ein paar Stehbilder zu machen. Vielen Dank Ilona! Unser R\u00fcde Bennet sucht noch liebe Menschen mit einem liebevollen Zuhause. Sein Wesen ist ausgeglichen und freundlich, so\u2026","rel":"","context":"In &quot;B-Wurf&quot;","img":{"alt_text":"","src":"https:\/\/i0.wp.com\/www.dalmatiner-sachsen-anhalt.de\/blog\/wp-content\/uploads\/2011\/02\/wurfabnahme-tag-52_9151-1024x681.jpg?resize=350%2C200","width":350,"height":200},"classes":[]},{"id":3411,"url":"https:\/\/www.dalmatiner-sachsen-anhalt.de\/blog\/3411\/","url_meta":{"origin":3256,"position":3},"title":"Unser B-Wurf. Gut gehts allen !","date":"20. M&auml;rz 2011","format":false,"excerpt":"Allen unseren B-chen geht es gut in ihrem neuen Zuhause regelm\u00e4\u00dfig erreichen uns Mails und Anrufe ihrer Besitzer, welche uns an ihrer Entwicklung teilhaben lassen, wor\u00fcber wir uns sehr freuen. Vielen Dank Ihr Lieben !","rel":"","context":"In &quot;B-Wurf&quot;","img":{"alt_text":"","src":"https:\/\/i0.wp.com\/www.dalmatiner-sachsen-anhalt.de\/blog\/wp-content\/uploads\/2011\/03\/Tristan009-375x281.jpg?resize=350%2C200","width":350,"height":200},"classes":[]},{"id":3406,"url":"https:\/\/www.dalmatiner-sachsen-anhalt.de\/blog\/3406\/","url_meta":{"origin":3256,"position":4},"title":"Mach&#8217;s gut Bennet","date":"12. M&auml;rz 2011","format":false,"excerpt":"Heute wurde Bennet von den Sandst\u00fccken abgeholt, der nun auch eine liebe Familie gefunden hat. Mittlerweile ist er gut in seinem neuen zu Hause angekommen. Wir w\u00fcnschen alles Gute f\u00fcr die Zukunft und freuen uns auf ein Wiedersehen.","rel":"","context":"In &quot;B-Wurf&quot;","img":{"alt_text":"abschied-von bennet","src":"https:\/\/i0.wp.com\/www.dalmatiner-sachsen-anhalt.de\/blog\/wp-content\/uploads\/2011\/03\/bennet_8519-1024x681.jpg?resize=350%2C200","width":350,"height":200},"classes":[]},{"id":3173,"url":"https:\/\/www.dalmatiner-sachsen-anhalt.de\/blog\/3173\/","url_meta":{"origin":3256,"position":5},"title":"Stehbilder: Bennet","date":"17. Januar 2011","format":false,"excerpt":"Und hier kommt: Bennet.\u00a0\u00a0 Diesen Namen hat unser Sohn ausgesucht und wir finden er passt zu ihm.","rel":"","context":"In &quot;B-Wurf&quot;","img":{"alt_text":"","src":"https:\/\/i0.wp.com\/www.dalmatiner-sachsen-anhalt.de\/blog\/wp-content\/uploads\/2011\/01\/welpen-tag-31_8396-1024x681.jpg?resize=350%2C200","width":350,"height":200},"classes":[]}],"_links":{"self":[{"href":"https:\/\/www.dalmatiner-sachsen-anhalt.de\/blog\/wp-json\/wp\/v2\/posts\/3256"}],"collection":[{"href":"https:\/\/www.dalmatiner-sachsen-anhalt.de\/blog\/wp-json\/wp\/v2\/posts"}],"about":[{"href":"https:\/\/www.dalmatiner-sachsen-anhalt.de\/blog\/wp-json\/wp\/v2\/types\/post"}],"author":[{"embeddable":true,"href":"https:\/\/www.dalmatiner-sachsen-anhalt.de\/blog\/wp-json\/wp\/v2\/users\/1"}],"replies":[{"embeddable":true,"href":"https:\/\/www.dalmatiner-sachsen-anhalt.de\/blog\/wp-json\/wp\/v2\/comments?post=3256"}],"version-history":[{"count":3,"href":"https:\/\/www.dalmatiner-sachsen-anhalt.de\/blog\/wp-json\/wp\/v2\/posts\/3256\/revisions"}],"predecessor-version":[{"id":3259,"href":"https:\/\/www.dalmatiner-sachsen-anhalt.de\/blog\/wp-json\/wp\/v2\/posts\/3256\/revisions\/3259"}],"wp:attachment":[{"href":"https:\/\/www.dalmatiner-sachsen-anhalt.de\/blog\/wp-json\/wp\/v2\/media?parent=3256"}],"wp:term":[{"taxonomy":"category","embeddable":true,"href":"https:\/\/www.dalmatiner-sachsen-anhalt.de\/blog\/wp-json\/wp\/v2\/categories?post=3256"},{"taxonomy":"post_tag","embeddable":true,"href":"https:\/\/www.dalmatiner-sachsen-anhalt.de\/blog\/wp-json\/wp\/v2\/tags?post=3256"}],"curies":[{"name":"wp","href":"https:\/\/api.w.org\/{rel}","templated":true}]}}