{"id":3323,"date":"2011-02-17T23:37:32","date_gmt":"2011-02-17T21:37:32","guid":{"rendered":"http:\/\/www.dalmatiner-sachsen-anhalt.de\/blog\/?p=3323"},"modified":"2011-02-17T23:38:05","modified_gmt":"2011-02-17T21:38:05","slug":"gruesse-aus-berlin","status":"publish","type":"post","link":"https:\/\/www.dalmatiner-sachsen-anhalt.de\/blog\/3323\/","title":{"rendered":"Gr&#252;&#223;e aus Berlin&#8230;"},"content":{"rendered":"<h3>erhielten wir von <strong><span style=\"color: #ff0000;\">Bianca <\/span>und ihrem Rudel<\/strong>. Sie hat bereits alles erkundet, erste Bekanntschaften mit anderen 4-Beinern geschlossen und ihr neues zu Hause stramm in Besitz genommen.<\/h3>\n<p><a href=\"https:\/\/i0.wp.com\/www.dalmatiner-sachsen-anhalt.de\/blog\/wp-content\/uploads\/2011\/02\/S7300207.jpg?ssl=1\"><img data-attachment-id=\"3324\" data-permalink=\"https:\/\/www.dalmatiner-sachsen-anhalt.de\/blog\/3323\/s7300207\/\" data-orig-file=\"https:\/\/i0.wp.com\/www.dalmatiner-sachsen-anhalt.de\/blog\/wp-content\/uploads\/2011\/02\/S7300207.jpg?fit=1024%2C768&amp;ssl=1\" data-orig-size=\"1024,768\" data-comments-opened=\"1\" data-image-meta=\"{&quot;aperture&quot;:&quot;0&quot;,&quot;credit&quot;:&quot;&quot;,&quot;camera&quot;:&quot;&quot;,&quot;caption&quot;:&quot;&quot;,&quot;created_timestamp&quot;:&quot;0&quot;,&quot;copyright&quot;:&quot;&quot;,&quot;focal_length&quot;:&quot;0&quot;,&quot;iso&quot;:&quot;0&quot;,&quot;shutter_speed&quot;:&quot;0&quot;,&quot;title&quot;:&quot;&quot;}\" data-image-title=\"S7300207\" data-image-description=\"\" data-image-caption=\"\" data-medium-file=\"https:\/\/i0.wp.com\/www.dalmatiner-sachsen-anhalt.de\/blog\/wp-content\/uploads\/2011\/02\/S7300207.jpg?fit=300%2C225&amp;ssl=1\" data-large-file=\"https:\/\/i0.wp.com\/www.dalmatiner-sachsen-anhalt.de\/blog\/wp-content\/uploads\/2011\/02\/S7300207.jpg?fit=584%2C438&amp;ssl=1\" decoding=\"async\" loading=\"lazy\" class=\"aligncenter size-full wp-image-3324\" title=\"S7300207\" src=\"https:\/\/i0.wp.com\/www.dalmatiner-sachsen-anhalt.de\/blog\/wp-content\/uploads\/2011\/02\/S7300207.jpg?resize=505%2C378&#038;ssl=1\" alt=\"bianca von den sandstuecken im neuen zuhause\" width=\"505\" height=\"378\" srcset=\"https:\/\/i0.wp.com\/www.dalmatiner-sachsen-anhalt.de\/blog\/wp-content\/uploads\/2011\/02\/S7300207.jpg?w=1024&amp;ssl=1 1024w, https:\/\/i0.wp.com\/www.dalmatiner-sachsen-anhalt.de\/blog\/wp-content\/uploads\/2011\/02\/S7300207.jpg?resize=150%2C112&amp;ssl=1 150w, https:\/\/i0.wp.com\/www.dalmatiner-sachsen-anhalt.de\/blog\/wp-content\/uploads\/2011\/02\/S7300207.jpg?resize=300%2C225&amp;ssl=1 300w\" sizes=\"(max-width: 505px) 100vw, 505px\" data-recalc-dims=\"1\" \/><\/a><\/p>\n","protected":false},"excerpt":{"rendered":"<p>erhielten wir von Bianca und ihrem Rudel. Sie hat bereits alles erkundet, erste Bekanntschaften mit anderen 4-Beinern geschlossen und ihr neues zu Hause stramm in Besitz genommen.<\/p>\n","protected":false},"author":1,"featured_media":0,"comment_status":"open","ping_status":"open","sticky":false,"template":"","format":"standard","meta":{"jetpack_post_was_ever_published":false,"jetpack_publicize_message":"","jetpack_is_tweetstorm":false,"jetpack_publicize_feature_enabled":true,"jetpack_social_post_already_shared":false,"jetpack_social_options":[]},"categories":[677,705,371],"tags":[763],"jetpack_publicize_connections":[],"jetpack_featured_media_url":"","jetpack_shortlink":"https:\/\/wp.me\/px1eF-RB","jetpack_sharing_enabled":true,"jetpack_likes_enabled":true,"jetpack-related-posts":[{"id":3297,"url":"https:\/\/www.dalmatiner-sachsen-anhalt.de\/blog\/3297\/","url_meta":{"origin":3323,"position":0},"title":"Adios- Bianca !","date":"13. Februar 2011","format":false,"excerpt":"Heute verlie\u00df uns unsere sch\u00f6ne und aufgeweckte Bianca in Richtung Berlin. Ihre Familie hatte schon lange auf sie gewartet. Bis bald kleine Bianca, wir sehen uns bald wieder in Berlin!","rel":"","context":"In &quot;B-Wurf&quot;","img":{"alt_text":"","src":"https:\/\/i0.wp.com\/www.dalmatiner-sachsen-anhalt.de\/blog\/wp-content\/uploads\/2011\/02\/IMG_7885-1024x681.jpg?resize=350%2C200","width":350,"height":200},"classes":[]},{"id":5629,"url":"https:\/\/www.dalmatiner-sachsen-anhalt.de\/blog\/5629\/","url_meta":{"origin":3323,"position":1},"title":"Reif f&#252;r Balkonien","date":"29. Juni 2013","format":false,"excerpt":"\u00a0 Bianca vdS macht sich einen sch\u00f6nen Tag auf der Terrasse. Recht hat sie.","rel":"","context":"In &quot;B-Wurf&quot;","img":{"alt_text":"bianca vds","src":"https:\/\/i0.wp.com\/www.dalmatiner-sachsen-anhalt.de\/blog\/wp-content\/uploads\/2013\/06\/20130625-Bianca-Terasse.jpg?resize=350%2C200","width":350,"height":200},"classes":[]},{"id":3755,"url":"https:\/\/www.dalmatiner-sachsen-anhalt.de\/blog\/3755\/","url_meta":{"origin":3323,"position":2},"title":"Aus Berlin","date":"2. Januar 2012","format":false,"excerpt":"gr\u00fc\u00dfte Familie Mikolajczyk mit Bianca vdS. Vielen Dank daf\u00fcr. Ist sie nicht eine S\u00fc\u00dfe?","rel":"","context":"In &quot;B-Wurf&quot;","img":{"alt_text":"Bianca vdS","src":"https:\/\/i0.wp.com\/www.dalmatiner-sachsen-anhalt.de\/blog\/wp-content\/uploads\/2012\/01\/S7300330.jpg?resize=350%2C200","width":350,"height":200},"classes":[]},{"id":3477,"url":"https:\/\/www.dalmatiner-sachsen-anhalt.de\/blog\/3477\/","url_meta":{"origin":3323,"position":3},"title":"K&#246;rbchen","date":"6. April 2011","format":false,"excerpt":"Bianca vdS \"vernascht\" ihr K\u00f6rbchen - St\u00fcck f\u00fcr St\u00fcck. Das hat uns gar nicht \u00fcberrascht.","rel":"","context":"In &quot;Allgemein&quot;","img":{"alt_text":"bianca vds","src":"https:\/\/i0.wp.com\/www.dalmatiner-sachsen-anhalt.de\/blog\/wp-content\/uploads\/2011\/04\/S7300236.jpg?resize=350%2C200","width":350,"height":200},"classes":[]},{"id":3367,"url":"https:\/\/www.dalmatiner-sachsen-anhalt.de\/blog\/3367\/","url_meta":{"origin":3323,"position":4},"title":"Bianca in Berlin","date":"1. M&auml;rz 2011","format":false,"excerpt":"Wir haben Bianca und ihre Familie in Berlin besucht. Ein tolles Kulturerlebnis und gro\u00dfz\u00fcgige Gastfreundschaft bescherten uns ein sch\u00f6nes Wochenende mit einem sehr herzlichen Wiedersehen mit unserer Bianca von den Sandst\u00fccken. Die Freude war auf beiden Seiten riesengro\u00df! Vielen Dank an Biancas neue Familie!","rel":"","context":"In &quot;B-Wurf&quot;","img":{"alt_text":"","src":"https:\/\/i0.wp.com\/www.dalmatiner-sachsen-anhalt.de\/blog\/wp-content\/uploads\/2011\/03\/in-Berlin_9870-1024x681.jpg?resize=350%2C200","width":350,"height":200},"classes":[]},{"id":7607,"url":"https:\/\/www.dalmatiner-sachsen-anhalt.de\/blog\/7607\/","url_meta":{"origin":3323,"position":5},"title":"In Neustadt\/H","date":"10. August 2020","format":false,"excerpt":"Besuch bei Bianca","rel":"","context":"In &quot;Athene&quot;","img":{"alt_text":"","src":"https:\/\/i0.wp.com\/www.dalmatiner-sachsen-anhalt.de\/blog\/wp-content\/uploads\/2020\/08\/wp-1597079834266.jpg?resize=350%2C200&ssl=1","width":350,"height":200},"classes":[]}],"_links":{"self":[{"href":"https:\/\/www.dalmatiner-sachsen-anhalt.de\/blog\/wp-json\/wp\/v2\/posts\/3323"}],"collection":[{"href":"https:\/\/www.dalmatiner-sachsen-anhalt.de\/blog\/wp-json\/wp\/v2\/posts"}],"about":[{"href":"https:\/\/www.dalmatiner-sachsen-anhalt.de\/blog\/wp-json\/wp\/v2\/types\/post"}],"author":[{"embeddable":true,"href":"https:\/\/www.dalmatiner-sachsen-anhalt.de\/blog\/wp-json\/wp\/v2\/users\/1"}],"replies":[{"embeddable":true,"href":"https:\/\/www.dalmatiner-sachsen-anhalt.de\/blog\/wp-json\/wp\/v2\/comments?post=3323"}],"version-history":[{"count":2,"href":"https:\/\/www.dalmatiner-sachsen-anhalt.de\/blog\/wp-json\/wp\/v2\/posts\/3323\/revisions"}],"predecessor-version":[{"id":3326,"href":"https:\/\/www.dalmatiner-sachsen-anhalt.de\/blog\/wp-json\/wp\/v2\/posts\/3323\/revisions\/3326"}],"wp:attachment":[{"href":"https:\/\/www.dalmatiner-sachsen-anhalt.de\/blog\/wp-json\/wp\/v2\/media?parent=3323"}],"wp:term":[{"taxonomy":"category","embeddable":true,"href":"https:\/\/www.dalmatiner-sachsen-anhalt.de\/blog\/wp-json\/wp\/v2\/categories?post=3323"},{"taxonomy":"post_tag","embeddable":true,"href":"https:\/\/www.dalmatiner-sachsen-anhalt.de\/blog\/wp-json\/wp\/v2\/tags?post=3323"}],"curies":[{"name":"wp","href":"https:\/\/api.w.org\/{rel}","templated":true}]}}