{"id":3327,"date":"2011-02-18T23:49:07","date_gmt":"2011-02-18T21:49:07","guid":{"rendered":"http:\/\/www.dalmatiner-sachsen-anhalt.de\/blog\/?p=3327"},"modified":"2011-02-18T23:49:07","modified_gmt":"2011-02-18T21:49:07","slug":"machs-gut-schokoschnute","status":"publish","type":"post","link":"https:\/\/www.dalmatiner-sachsen-anhalt.de\/blog\/3327\/","title":{"rendered":"Mach&#8217;s gut &#8211; Schokoschnute"},"content":{"rendered":"<h3>Heute wurde <span style=\"color: #0000ff;\"><strong>Bandit <\/strong><\/span>von seiner neuen Familie abgeholt. Wir w&#252;nschen Euch <span style=\"color: #0000ff;\">viel Freude und alles Gute und freuen uns auf ein Wiedersehen.<\/span><\/h3>\n<p><a href=\"https:\/\/i0.wp.com\/www.dalmatiner-sachsen-anhalt.de\/blog\/wp-content\/uploads\/2011\/02\/welpen-tag-64_9548.jpg?ssl=1\"><img data-attachment-id=\"3328\" data-permalink=\"https:\/\/www.dalmatiner-sachsen-anhalt.de\/blog\/3327\/welpen-tag-64_9548\/\" data-orig-file=\"https:\/\/i0.wp.com\/www.dalmatiner-sachsen-anhalt.de\/blog\/wp-content\/uploads\/2011\/02\/welpen-tag-64_9548.jpg?fit=1154%2C768&amp;ssl=1\" data-orig-size=\"1154,768\" data-comments-opened=\"1\" data-image-meta=\"{&quot;aperture&quot;:&quot;0&quot;,&quot;credit&quot;:&quot;&quot;,&quot;camera&quot;:&quot;&quot;,&quot;caption&quot;:&quot;&quot;,&quot;created_timestamp&quot;:&quot;0&quot;,&quot;copyright&quot;:&quot;&quot;,&quot;focal_length&quot;:&quot;0&quot;,&quot;iso&quot;:&quot;0&quot;,&quot;shutter_speed&quot;:&quot;0&quot;,&quot;title&quot;:&quot;&quot;}\" data-image-title=\"welpen-tag-64_9548\" data-image-description=\"\" data-image-caption=\"\" data-medium-file=\"https:\/\/i0.wp.com\/www.dalmatiner-sachsen-anhalt.de\/blog\/wp-content\/uploads\/2011\/02\/welpen-tag-64_9548.jpg?fit=300%2C199&amp;ssl=1\" data-large-file=\"https:\/\/i0.wp.com\/www.dalmatiner-sachsen-anhalt.de\/blog\/wp-content\/uploads\/2011\/02\/welpen-tag-64_9548.jpg?fit=584%2C388&amp;ssl=1\" decoding=\"async\" loading=\"lazy\" class=\"aligncenter size-large wp-image-3328\" title=\"welpen-tag-64_9548\" src=\"https:\/\/i0.wp.com\/www.dalmatiner-sachsen-anhalt.de\/blog\/wp-content\/uploads\/2011\/02\/welpen-tag-64_9548.jpg?resize=506%2C336&#038;ssl=1\" alt=\"bandit-von-den-sandstuecken\" width=\"506\" height=\"336\" srcset=\"https:\/\/i0.wp.com\/www.dalmatiner-sachsen-anhalt.de\/blog\/wp-content\/uploads\/2011\/02\/welpen-tag-64_9548.jpg?resize=1024%2C681&amp;ssl=1 1024w, https:\/\/i0.wp.com\/www.dalmatiner-sachsen-anhalt.de\/blog\/wp-content\/uploads\/2011\/02\/welpen-tag-64_9548.jpg?resize=150%2C99&amp;ssl=1 150w, https:\/\/i0.wp.com\/www.dalmatiner-sachsen-anhalt.de\/blog\/wp-content\/uploads\/2011\/02\/welpen-tag-64_9548.jpg?resize=300%2C199&amp;ssl=1 300w, https:\/\/i0.wp.com\/www.dalmatiner-sachsen-anhalt.de\/blog\/wp-content\/uploads\/2011\/02\/welpen-tag-64_9548.jpg?w=1154&amp;ssl=1 1154w\" sizes=\"(max-width: 506px) 100vw, 506px\" data-recalc-dims=\"1\" \/><\/a><\/p>\n","protected":false},"excerpt":{"rendered":"<p>Heute wurde Bandit von seiner neuen Familie abgeholt. Wir w&#252;nschen Euch viel Freude und alles Gute und freuen uns auf ein Wiedersehen.<\/p>\n","protected":false},"author":1,"featured_media":0,"comment_status":"open","ping_status":"open","sticky":false,"template":"","format":"standard","meta":{"jetpack_post_was_ever_published":false,"jetpack_publicize_message":"","jetpack_is_tweetstorm":false,"jetpack_publicize_feature_enabled":true,"jetpack_social_post_already_shared":false,"jetpack_social_options":[]},"categories":[677,702,3],"tags":[378,728,35],"jetpack_publicize_connections":[],"jetpack_featured_media_url":"","jetpack_shortlink":"https:\/\/wp.me\/px1eF-RF","jetpack_sharing_enabled":true,"jetpack_likes_enabled":true,"jetpack-related-posts":[{"id":2855,"url":"https:\/\/www.dalmatiner-sachsen-anhalt.de\/blog\/2855\/","url_meta":{"origin":3327,"position":0},"title":"Habe fertig!","date":"23. Dezember 2010","format":false,"excerpt":"Das denkt sich Bandit, nachdem er soviel gesoffen hatte, da\u00df er sich anschlie\u00dfend nur unter Aufbietung aller Kr\u00e4fte bis zu diesem lauschigen Pl\u00e4tzchen schleppen konnte, wo er dann auf der Stelle einschlief. Heute versucht er es einmal in der R\u00fcckenlage. Schlaf gut Bandit!","rel":"","context":"In &quot;B-Wurf&quot;","img":{"alt_text":"Bandit in R\u00c3\u00bcckenlage","src":"https:\/\/i0.wp.com\/www.dalmatiner-sachsen-anhalt.de\/blog\/wp-content\/uploads\/2010\/12\/welpe-bandit-tag-7_5761-1024x681.jpg?resize=350%2C200","width":350,"height":200},"classes":[]},{"id":3231,"url":"https:\/\/www.dalmatiner-sachsen-anhalt.de\/blog\/3231\/","url_meta":{"origin":3327,"position":1},"title":"Extra Trip","date":"28. Januar 2011","format":false,"excerpt":"Bandit bekam heute eine Extra- F\u00fchrung durch die Siedlung. Seine erste Bekanntschaft mit Brustgeschirr und Leine. Er hat sich gleich m\u00e4chtig ins Zeug gelegt. Bravo Bandit!","rel":"","context":"In &quot;B-Wurf&quot;","img":{"alt_text":"Bandit an der Leine","src":"https:\/\/i0.wp.com\/www.dalmatiner-sachsen-anhalt.de\/blog\/wp-content\/uploads\/2011\/01\/IMG_1467.jpg?resize=350%2C200","width":350,"height":200},"classes":[]},{"id":3267,"url":"https:\/\/www.dalmatiner-sachsen-anhalt.de\/blog\/3267\/","url_meta":{"origin":3327,"position":2},"title":"Bandit mit Kehlkopf","date":"6. Februar 2011","format":false,"excerpt":"","rel":"","context":"In &quot;B-Wurf&quot;","img":{"alt_text":"bandit-von-den-sandstuecken","src":"https:\/\/i0.wp.com\/www.dalmatiner-sachsen-anhalt.de\/blog\/wp-content\/uploads\/2011\/02\/Welpen-Tag-49_9080-1024x681.jpg?resize=350%2C200","width":350,"height":200},"classes":[]},{"id":3372,"url":"https:\/\/www.dalmatiner-sachsen-anhalt.de\/blog\/3372\/","url_meta":{"origin":3327,"position":3},"title":"Gr&#252;&#223;e von Bandit","date":"3. M&auml;rz 2011","format":false,"excerpt":"Liebe Gr\u00fc\u00dfe von Bandit und seiner Familie erreichten uns vor kurzem, wir freuen uns, da\u00df es ihm so gut geht. Liebe Gr\u00fc\u00dfe gehen nach Wolfsburg zu Bandit, Claudia, J\u00fcrgen und die Kinder","rel":"","context":"In &quot;B-Wurf&quot;","img":{"alt_text":"","src":"https:\/\/i0.wp.com\/www.dalmatiner-sachsen-anhalt.de\/blog\/wp-content\/uploads\/2011\/03\/100_1152-382x287.jpg?resize=350%2C200","width":350,"height":200},"classes":[]},{"id":2811,"url":"https:\/\/www.dalmatiner-sachsen-anhalt.de\/blog\/2811\/","url_meta":{"origin":3327,"position":4},"title":"Das ist Bandit","date":"20. Dezember 2010","format":false,"excerpt":"","rel":"","context":"In &quot;B-Wurf&quot;","img":{"alt_text":"S\u00c3\u00bc\u00c3\u009fer Bandit","src":"https:\/\/i0.wp.com\/www.dalmatiner-sachsen-anhalt.de\/blog\/wp-content\/uploads\/2010\/12\/Bandit_5572-1024x681.jpg?resize=350%2C200","width":350,"height":200},"classes":[]},{"id":3746,"url":"https:\/\/www.dalmatiner-sachsen-anhalt.de\/blog\/3746\/","url_meta":{"origin":3327,"position":5},"title":"Gr&#252;&#223;e aus Wolfsburg","date":"2. Januar 2012","format":false,"excerpt":"erreichten uns von Bandit vdS. Ist er nicht ein schmucker Kerl geworden?","rel":"","context":"In &quot;B-Wurf&quot;","img":{"alt_text":"Bandit vds","src":"https:\/\/i0.wp.com\/www.dalmatiner-sachsen-anhalt.de\/blog\/wp-content\/uploads\/2012\/01\/100_1717.jpg?resize=350%2C200","width":350,"height":200},"classes":[]}],"_links":{"self":[{"href":"https:\/\/www.dalmatiner-sachsen-anhalt.de\/blog\/wp-json\/wp\/v2\/posts\/3327"}],"collection":[{"href":"https:\/\/www.dalmatiner-sachsen-anhalt.de\/blog\/wp-json\/wp\/v2\/posts"}],"about":[{"href":"https:\/\/www.dalmatiner-sachsen-anhalt.de\/blog\/wp-json\/wp\/v2\/types\/post"}],"author":[{"embeddable":true,"href":"https:\/\/www.dalmatiner-sachsen-anhalt.de\/blog\/wp-json\/wp\/v2\/users\/1"}],"replies":[{"embeddable":true,"href":"https:\/\/www.dalmatiner-sachsen-anhalt.de\/blog\/wp-json\/wp\/v2\/comments?post=3327"}],"version-history":[{"count":2,"href":"https:\/\/www.dalmatiner-sachsen-anhalt.de\/blog\/wp-json\/wp\/v2\/posts\/3327\/revisions"}],"predecessor-version":[{"id":3330,"href":"https:\/\/www.dalmatiner-sachsen-anhalt.de\/blog\/wp-json\/wp\/v2\/posts\/3327\/revisions\/3330"}],"wp:attachment":[{"href":"https:\/\/www.dalmatiner-sachsen-anhalt.de\/blog\/wp-json\/wp\/v2\/media?parent=3327"}],"wp:term":[{"taxonomy":"category","embeddable":true,"href":"https:\/\/www.dalmatiner-sachsen-anhalt.de\/blog\/wp-json\/wp\/v2\/categories?post=3327"},{"taxonomy":"post_tag","embeddable":true,"href":"https:\/\/www.dalmatiner-sachsen-anhalt.de\/blog\/wp-json\/wp\/v2\/tags?post=3327"}],"curies":[{"name":"wp","href":"https:\/\/api.w.org\/{rel}","templated":true}]}}