{"id":3331,"date":"2011-02-19T22:03:11","date_gmt":"2011-02-19T20:03:11","guid":{"rendered":"http:\/\/www.dalmatiner-sachsen-anhalt.de\/blog\/?p=3331"},"modified":"2011-02-19T22:03:11","modified_gmt":"2011-02-19T20:03:11","slug":"adieu-ballerina","status":"publish","type":"post","link":"https:\/\/www.dalmatiner-sachsen-anhalt.de\/blog\/3331\/","title":{"rendered":"Adieu Ballerina!"},"content":{"rendered":"<h3>Heute haben wir <strong><span style=\"color: #ff0000;\">Ballerina <\/span><\/strong>Ihrer neuen Familie &#252;bergeben. <span style=\"color: #993300;\">Das war nicht einfach f&#252;r uns, wie auch vorher schon bei den anderen Welpen.<\/span> Aber wir wissen, da&#223; es ihr an nichts fehlen wird und freuen uns schon auf ein Wiedersehen. <span style=\"color: #0000ff;\">Alles Gute auch f&#252;r Euch!<\/span><\/h3>\n<p><a href=\"https:\/\/i0.wp.com\/www.dalmatiner-sachsen-anhalt.de\/blog\/wp-content\/uploads\/2011\/02\/welpen-tag-65_9690.jpg?ssl=1\"><img data-attachment-id=\"3332\" data-permalink=\"https:\/\/www.dalmatiner-sachsen-anhalt.de\/blog\/3331\/welpen-tag-65_9690\/\" data-orig-file=\"https:\/\/i0.wp.com\/www.dalmatiner-sachsen-anhalt.de\/blog\/wp-content\/uploads\/2011\/02\/welpen-tag-65_9690.jpg?fit=1154%2C768&amp;ssl=1\" data-orig-size=\"1154,768\" data-comments-opened=\"1\" data-image-meta=\"{&quot;aperture&quot;:&quot;0&quot;,&quot;credit&quot;:&quot;&quot;,&quot;camera&quot;:&quot;&quot;,&quot;caption&quot;:&quot;&quot;,&quot;created_timestamp&quot;:&quot;0&quot;,&quot;copyright&quot;:&quot;&quot;,&quot;focal_length&quot;:&quot;0&quot;,&quot;iso&quot;:&quot;0&quot;,&quot;shutter_speed&quot;:&quot;0&quot;,&quot;title&quot;:&quot;&quot;}\" data-image-title=\"welpen-tag-65_9690\" data-image-description=\"\" data-image-caption=\"\" data-medium-file=\"https:\/\/i0.wp.com\/www.dalmatiner-sachsen-anhalt.de\/blog\/wp-content\/uploads\/2011\/02\/welpen-tag-65_9690.jpg?fit=300%2C199&amp;ssl=1\" data-large-file=\"https:\/\/i0.wp.com\/www.dalmatiner-sachsen-anhalt.de\/blog\/wp-content\/uploads\/2011\/02\/welpen-tag-65_9690.jpg?fit=584%2C388&amp;ssl=1\" decoding=\"async\" loading=\"lazy\" class=\"aligncenter size-large wp-image-3332\" title=\"welpen-tag-65_9690\" src=\"https:\/\/i0.wp.com\/www.dalmatiner-sachsen-anhalt.de\/blog\/wp-content\/uploads\/2011\/02\/welpen-tag-65_9690.jpg?resize=506%2C336&#038;ssl=1\" alt=\"ballerina-von-den-sandstuecken-abschied\" width=\"506\" height=\"336\" srcset=\"https:\/\/i0.wp.com\/www.dalmatiner-sachsen-anhalt.de\/blog\/wp-content\/uploads\/2011\/02\/welpen-tag-65_9690.jpg?resize=1024%2C681&amp;ssl=1 1024w, https:\/\/i0.wp.com\/www.dalmatiner-sachsen-anhalt.de\/blog\/wp-content\/uploads\/2011\/02\/welpen-tag-65_9690.jpg?resize=150%2C99&amp;ssl=1 150w, https:\/\/i0.wp.com\/www.dalmatiner-sachsen-anhalt.de\/blog\/wp-content\/uploads\/2011\/02\/welpen-tag-65_9690.jpg?resize=300%2C199&amp;ssl=1 300w, https:\/\/i0.wp.com\/www.dalmatiner-sachsen-anhalt.de\/blog\/wp-content\/uploads\/2011\/02\/welpen-tag-65_9690.jpg?w=1154&amp;ssl=1 1154w\" sizes=\"(max-width: 506px) 100vw, 506px\" data-recalc-dims=\"1\" \/><\/a><\/p>\n","protected":false},"excerpt":{"rendered":"<p>Heute haben wir Ballerina Ihrer neuen Familie &#252;bergeben. Das war nicht einfach f&#252;r uns, wie auch vorher schon bei den anderen Welpen. Aber wir wissen, da&#223; es ihr an nichts fehlen wird und freuen uns schon auf ein Wiedersehen. Alles &hellip; <a href=\"https:\/\/www.dalmatiner-sachsen-anhalt.de\/blog\/3331\/\">Continue reading <span class=\"meta-nav\">&rarr;<\/span><\/a><\/p>\n","protected":false},"author":1,"featured_media":0,"comment_status":"open","ping_status":"open","sticky":false,"template":"","format":"standard","meta":{"jetpack_post_was_ever_published":false,"jetpack_publicize_message":"","jetpack_is_tweetstorm":false,"jetpack_publicize_feature_enabled":true,"jetpack_social_post_already_shared":false,"jetpack_social_options":[]},"categories":[677,709,3],"tags":[814,35,400],"jetpack_publicize_connections":[],"jetpack_featured_media_url":"","jetpack_shortlink":"https:\/\/wp.me\/px1eF-RJ","jetpack_sharing_enabled":true,"jetpack_likes_enabled":true,"jetpack-related-posts":[{"id":3218,"url":"https:\/\/www.dalmatiner-sachsen-anhalt.de\/blog\/3218\/","url_meta":{"origin":3331,"position":0},"title":"Models","date":"26. Januar 2011","format":false,"excerpt":"Wir konnten ein paar h\u00fcbsche \"Model-Bilder\" einfangen. Heute:\u00a0 Unsere s\u00fc\u00dfe Ballerina","rel":"","context":"In &quot;B-Wurf&quot;","img":{"alt_text":"","src":"https:\/\/i0.wp.com\/www.dalmatiner-sachsen-anhalt.de\/blog\/wp-content\/uploads\/2011\/01\/Welpen-Tag-40-41_8789-1024x681.jpg?resize=350%2C200","width":350,"height":200},"classes":[]},{"id":3052,"url":"https:\/\/www.dalmatiner-sachsen-anhalt.de\/blog\/3052\/","url_meta":{"origin":3331,"position":1},"title":"Die Z&#228;hne sind da","date":"6. Januar 2011","format":false,"excerpt":"Die Z\u00e4hne sind da. Und nat\u00fcrlich m\u00fcssen sie ausprobiert werden. \u00dcberall wird hineingebissen. Hier sehen wir Bandit, Ballerina und Bastian in Aktion. Die Welpen sind heute 20 Tage alt.","rel":"","context":"In &quot;B-Wurf&quot;","img":{"alt_text":"","src":"","width":0,"height":0},"classes":[]},{"id":2900,"url":"https:\/\/www.dalmatiner-sachsen-anhalt.de\/blog\/2900\/","url_meta":{"origin":3331,"position":2},"title":"B-6-komplett","date":"26. Dezember 2010","format":false,"excerpt":"Unser Six Pack - hier haben wir einmal alle B-chens auf einem Foto - oder fast. (v.l.n.r. Bandit, Bennet, Bastian, Bianca, Baroness und Ballerina)","rel":"","context":"In &quot;B-Wurf&quot;","img":{"alt_text":"Six-Pack","src":"https:\/\/i0.wp.com\/www.dalmatiner-sachsen-anhalt.de\/blog\/wp-content\/uploads\/2010\/12\/B-6-welpen-tag-10_7435-1024x681.jpg?resize=350%2C200","width":350,"height":200},"classes":[]},{"id":3434,"url":"https:\/\/www.dalmatiner-sachsen-anhalt.de\/blog\/3434\/","url_meta":{"origin":3331,"position":3},"title":"Aus dem sch&#246;nen Th&#252;ringen&#8230;","date":"30. M&auml;rz 2011","format":false,"excerpt":"...erhielten wir Gr\u00fc\u00dfe von Ballerina (3,5 Monate alt). Jeden Tag geht es in die sch\u00f6ne Natur zum Spielen und Toben. Hier sehen wir Ballerina von den Sandst\u00fccken mit ihrer Spielgef\u00e4hrtin Luna. Vielen Dank an Maria und Pierre f\u00fcr die s\u00fc\u00dfen Bilder.","rel":"","context":"In &quot;B-Wurf&quot;","img":{"alt_text":"","src":"","width":0,"height":0},"classes":[]},{"id":2983,"url":"https:\/\/www.dalmatiner-sachsen-anhalt.de\/blog\/2983\/","url_meta":{"origin":3331,"position":4},"title":"Gesundes Neues Hundejahr 2011 !!!","date":"1. Januar 2011","format":false,"excerpt":"Allen Freunden und Bekannten und unseren lieben A-chens w\u00fcnschen wir ein frohes und gesundes Neues\u00a0 Hunde-Jahr. Bleibt sch\u00f6n gesund und genie\u00dft das Leben mit Euren Vierbeinern!\u00a0 Getreu dem Motto von Heinz R\u00fchmann:\u00a0 \"Nat\u00fcrlich kann man ohne Hund leben. Es lohnt sich blo\u00df nicht!\" Willkommen 2011\u00a0 !!! Bianca, Ballerina, Baroness, Bandit,\u2026","rel":"","context":"In &quot;A-Wurf&quot;","img":{"alt_text":"","src":"https:\/\/i0.wp.com\/www.dalmatiner-sachsen-anhalt.de\/blog\/wp-content\/uploads\/2011\/01\/welpen-tag-15_7727-1024x681.jpg?resize=350%2C200","width":350,"height":200},"classes":[]},{"id":3100,"url":"https:\/\/www.dalmatiner-sachsen-anhalt.de\/blog\/3100\/","url_meta":{"origin":3331,"position":5},"title":"Welpenbrei- Verkostung","date":"10. Januar 2011","format":false,"excerpt":"Heute wurde Welpenbrei verkostet und die kleinen Fleckenzwerge haben sich die M\u00e4ulchen danach abgeschlabbert. Ballerina zeigte, wie das mit dem Fressen funktioniert.","rel":"","context":"In &quot;B-Wurf&quot;","img":{"alt_text":"","src":"https:\/\/i0.wp.com\/www.dalmatiner-sachsen-anhalt.de\/blog\/wp-content\/uploads\/2011\/01\/Welpen-Tag-24_8079-1024x681.jpg?resize=350%2C200","width":350,"height":200},"classes":[]}],"_links":{"self":[{"href":"https:\/\/www.dalmatiner-sachsen-anhalt.de\/blog\/wp-json\/wp\/v2\/posts\/3331"}],"collection":[{"href":"https:\/\/www.dalmatiner-sachsen-anhalt.de\/blog\/wp-json\/wp\/v2\/posts"}],"about":[{"href":"https:\/\/www.dalmatiner-sachsen-anhalt.de\/blog\/wp-json\/wp\/v2\/types\/post"}],"author":[{"embeddable":true,"href":"https:\/\/www.dalmatiner-sachsen-anhalt.de\/blog\/wp-json\/wp\/v2\/users\/1"}],"replies":[{"embeddable":true,"href":"https:\/\/www.dalmatiner-sachsen-anhalt.de\/blog\/wp-json\/wp\/v2\/comments?post=3331"}],"version-history":[{"count":2,"href":"https:\/\/www.dalmatiner-sachsen-anhalt.de\/blog\/wp-json\/wp\/v2\/posts\/3331\/revisions"}],"predecessor-version":[{"id":3334,"href":"https:\/\/www.dalmatiner-sachsen-anhalt.de\/blog\/wp-json\/wp\/v2\/posts\/3331\/revisions\/3334"}],"wp:attachment":[{"href":"https:\/\/www.dalmatiner-sachsen-anhalt.de\/blog\/wp-json\/wp\/v2\/media?parent=3331"}],"wp:term":[{"taxonomy":"category","embeddable":true,"href":"https:\/\/www.dalmatiner-sachsen-anhalt.de\/blog\/wp-json\/wp\/v2\/categories?post=3331"},{"taxonomy":"post_tag","embeddable":true,"href":"https:\/\/www.dalmatiner-sachsen-anhalt.de\/blog\/wp-json\/wp\/v2\/tags?post=3331"}],"curies":[{"name":"wp","href":"https:\/\/api.w.org\/{rel}","templated":true}]}}