{"id":3342,"date":"2011-02-23T20:06:11","date_gmt":"2011-02-23T18:06:11","guid":{"rendered":"http:\/\/www.dalmatiner-sachsen-anhalt.de\/blog\/?p=3342"},"modified":"2011-02-23T20:06:11","modified_gmt":"2011-02-23T18:06:11","slug":"ares-glauchau-2011","status":"publish","type":"post","link":"https:\/\/www.dalmatiner-sachsen-anhalt.de\/blog\/3342\/","title":{"rendered":"Ares &#8211; Glauchau 2011"},"content":{"rendered":"<h3><span style=\"color: #0000ff;\"><strong>Ares von den Sandst&#252;cken<\/strong><\/span> (20 Monate) bekam <span style=\"color: #0000ff;\"><strong>2 mal V2<\/strong><\/span> zur Rassehundeausstellung. Das ist toll! Herzlichen Gl&#252;ckwunsch an Sabine, Remo, Nina und Schokob&#228;r. <strong>Macht weiter so!<\/strong> Vielen Dank f&#252;r die Bilder.<\/h3>\n<div data-carousel-extra='{\"blog_id\":1,\"permalink\":\"https:\\\/\\\/www.dalmatiner-sachsen-anhalt.de\\\/blog\\\/3342\\\/\"}' class=\"tiled-gallery type-rectangular\" data-original-width=\"584\"><div class=\"gallery-row\" style=\"width: 579px; height: 255px;\"><div class=\"gallery-group images-1\" style=\"width: 387px; height: 259px;\"><div class=\"tiled-gallery-item tiled-gallery-item-large\"><a href=\"https:\/\/i0.wp.com\/www.dalmatiner-sachsen-anhalt.de\/blog\/wp-content\/uploads\/2011\/02\/Glauchau-2011-107.jpg?ssl=1\"><img data-attachment-id=\"3345\" data-orig-file=\"https:\/\/www.dalmatiner-sachsen-anhalt.de\/blog\/wp-content\/uploads\/2011\/02\/Glauchau-2011-107.jpg\" data-orig-size=\"1500,1000\" data-comments-opened=\"1\" data-image-meta=\"{&quot;aperture&quot;:&quot;0&quot;,&quot;credit&quot;:&quot;&quot;,&quot;camera&quot;:&quot;&quot;,&quot;caption&quot;:&quot;&quot;,&quot;created_timestamp&quot;:&quot;0&quot;,&quot;copyright&quot;:&quot;&quot;,&quot;focal_length&quot;:&quot;0&quot;,&quot;iso&quot;:&quot;0&quot;,&quot;shutter_speed&quot;:&quot;0&quot;,&quot;title&quot;:&quot;&quot;}\" data-image-title=\"Glauchau 2011 107\" data-image-description=\"\" data-medium-file=\"https:\/\/i0.wp.com\/www.dalmatiner-sachsen-anhalt.de\/blog\/wp-content\/uploads\/2011\/02\/Glauchau-2011-107.jpg?fit=300%2C200&#038;ssl=1\" data-large-file=\"https:\/\/i0.wp.com\/www.dalmatiner-sachsen-anhalt.de\/blog\/wp-content\/uploads\/2011\/02\/Glauchau-2011-107.jpg?fit=584%2C389&#038;ssl=1\" src=\"https:\/\/i0.wp.com\/www.dalmatiner-sachsen-anhalt.de\/blog\/wp-content\/uploads\/2011\/02\/Glauchau-2011-107-383x255.jpg\" width=\"383\" height=\"255\" align=\"left\" title=\"Glauchau 2011 107\" \/><\/a><\/div><\/div><div class=\"gallery-group images-2\" style=\"width: 192px; height: 259px;\"><div class=\"tiled-gallery-item tiled-gallery-item-small\"><a href=\"https:\/\/i0.wp.com\/www.dalmatiner-sachsen-anhalt.de\/blog\/wp-content\/uploads\/2011\/02\/Glauchau-2011-027.jpg?ssl=1\"><img data-attachment-id=\"3344\" data-orig-file=\"https:\/\/www.dalmatiner-sachsen-anhalt.de\/blog\/wp-content\/uploads\/2011\/02\/Glauchau-2011-027.jpg\" data-orig-size=\"1500,1000\" data-comments-opened=\"1\" data-image-meta=\"{&quot;aperture&quot;:&quot;0&quot;,&quot;credit&quot;:&quot;&quot;,&quot;camera&quot;:&quot;&quot;,&quot;caption&quot;:&quot;&quot;,&quot;created_timestamp&quot;:&quot;0&quot;,&quot;copyright&quot;:&quot;&quot;,&quot;focal_length&quot;:&quot;0&quot;,&quot;iso&quot;:&quot;0&quot;,&quot;shutter_speed&quot;:&quot;0&quot;,&quot;title&quot;:&quot;&quot;}\" data-image-title=\"Glauchau 2011 027\" data-image-description=\"\" data-medium-file=\"https:\/\/i0.wp.com\/www.dalmatiner-sachsen-anhalt.de\/blog\/wp-content\/uploads\/2011\/02\/Glauchau-2011-027.jpg?fit=300%2C200&#038;ssl=1\" data-large-file=\"https:\/\/i0.wp.com\/www.dalmatiner-sachsen-anhalt.de\/blog\/wp-content\/uploads\/2011\/02\/Glauchau-2011-027.jpg?fit=584%2C389&#038;ssl=1\" src=\"https:\/\/i0.wp.com\/www.dalmatiner-sachsen-anhalt.de\/blog\/wp-content\/uploads\/2011\/02\/Glauchau-2011-027-188x126.jpg\" width=\"188\" height=\"126\" align=\"left\" title=\"Glauchau 2011 027\" \/><\/a><\/div><div class=\"tiled-gallery-item tiled-gallery-item-small\"><a href=\"https:\/\/i0.wp.com\/www.dalmatiner-sachsen-anhalt.de\/blog\/wp-content\/uploads\/2011\/02\/Glauchau-2011-010.jpg?ssl=1\"><img data-attachment-id=\"3343\" data-orig-file=\"https:\/\/www.dalmatiner-sachsen-anhalt.de\/blog\/wp-content\/uploads\/2011\/02\/Glauchau-2011-010.jpg\" data-orig-size=\"1500,1000\" data-comments-opened=\"1\" data-image-meta=\"{&quot;aperture&quot;:&quot;0&quot;,&quot;credit&quot;:&quot;&quot;,&quot;camera&quot;:&quot;&quot;,&quot;caption&quot;:&quot;&quot;,&quot;created_timestamp&quot;:&quot;0&quot;,&quot;copyright&quot;:&quot;&quot;,&quot;focal_length&quot;:&quot;0&quot;,&quot;iso&quot;:&quot;0&quot;,&quot;shutter_speed&quot;:&quot;0&quot;,&quot;title&quot;:&quot;&quot;}\" data-image-title=\"Glauchau 2011 010\" data-image-description=\"\" data-medium-file=\"https:\/\/i0.wp.com\/www.dalmatiner-sachsen-anhalt.de\/blog\/wp-content\/uploads\/2011\/02\/Glauchau-2011-010.jpg?fit=300%2C200&#038;ssl=1\" data-large-file=\"https:\/\/i0.wp.com\/www.dalmatiner-sachsen-anhalt.de\/blog\/wp-content\/uploads\/2011\/02\/Glauchau-2011-010.jpg?fit=584%2C389&#038;ssl=1\" src=\"https:\/\/i0.wp.com\/www.dalmatiner-sachsen-anhalt.de\/blog\/wp-content\/uploads\/2011\/02\/Glauchau-2011-010-188x125.jpg\" width=\"188\" height=\"125\" align=\"left\" title=\"Glauchau 2011 010\" \/><\/a><\/div><\/div><\/div><\/div>\n","protected":false},"excerpt":{"rendered":"<p>Ares von den Sandst&#252;cken (20 Monate) bekam 2 mal V2 zur Rassehundeausstellung. Das ist toll! Herzlichen Gl&#252;ckwunsch an Sabine, Remo, Nina und Schokob&#228;r. Macht weiter so! Vielen Dank f&#252;r die Bilder.<\/p>\n","protected":false},"author":1,"featured_media":0,"comment_status":"open","ping_status":"open","sticky":false,"template":"","format":"standard","meta":{"jetpack_post_was_ever_published":false,"jetpack_publicize_message":"","jetpack_is_tweetstorm":false,"jetpack_publicize_feature_enabled":true,"jetpack_social_post_already_shared":false,"jetpack_social_options":[]},"categories":[13,88,391,371,3],"tags":[684,387,816,691],"jetpack_publicize_connections":[],"jetpack_featured_media_url":"","jetpack_shortlink":"https:\/\/wp.me\/px1eF-RU","jetpack_sharing_enabled":true,"jetpack_likes_enabled":true,"jetpack-related-posts":[{"id":1934,"url":"https:\/\/www.dalmatiner-sachsen-anhalt.de\/blog\/1934\/","url_meta":{"origin":3342,"position":0},"title":"Ares von den Sandst&#252;cken","date":"22. Februar 2010","format":false,"excerpt":"In der J\u00fcngstenklasse erhielt Ares 2 x die Bewertung \u201cvielversprechend\u201d und den 2. Platz (VV 2).","rel":"","context":"In &quot;A-Wurf&quot;","img":{"alt_text":"","src":"https:\/\/i0.wp.com\/www.dalmatiner-sachsen-anhalt.de\/blog\/wp-content\/uploads\/2010\/02\/ares-glauchau-IMG_3684-1024x681.jpg?resize=350%2C200","width":350,"height":200},"classes":[]},{"id":1953,"url":"https:\/\/www.dalmatiner-sachsen-anhalt.de\/blog\/1953\/","url_meta":{"origin":3342,"position":1},"title":"Video einer Ausstellung","date":"24. Februar 2010","format":false,"excerpt":"Und hier das Video von Ares von den Sandst\u00fccken - J\u00fcngstenklasse - Glauchau 2010 - pr\u00e4sentiert von Sabine. (Mit einem kleinen Schwenk auf Attila vdS.) (Aufnahme: Christin K., 13 Jahre)","rel":"","context":"In &quot;A-Wurf&quot;","img":{"alt_text":"","src":"","width":0,"height":0},"classes":[]},{"id":1801,"url":"https:\/\/www.dalmatiner-sachsen-anhalt.de\/blog\/1801\/","url_meta":{"origin":3342,"position":2},"title":"Ausstellung","date":"10. Januar 2010","format":false,"excerpt":"Ares kommt mit nach Glauchau zur Ausstellung und \u00fcbt schon fleissig Stehen.","rel":"","context":"In &quot;A-Wurf&quot;","img":{"alt_text":"","src":"https:\/\/i0.wp.com\/www.dalmatiner-sachsen-anhalt.de\/blog\/wp-content\/uploads\/2010\/01\/Steh-Bild-Jan.-2010.jpg?resize=350%2C200","width":350,"height":200},"classes":[]},{"id":1968,"url":"https:\/\/www.dalmatiner-sachsen-anhalt.de\/blog\/1968\/","url_meta":{"origin":3342,"position":3},"title":"Bilder und Videos der Ausstellung","date":"25. Februar 2010","format":false,"excerpt":"...gibt es jetzt auf der Seite Ausstellungen.","rel":"","context":"In &quot;Ausstellungen&quot;","img":{"alt_text":"","src":"","width":0,"height":0},"classes":[]},{"id":1773,"url":"https:\/\/www.dalmatiner-sachsen-anhalt.de\/blog\/1773\/","url_meta":{"origin":3342,"position":4},"title":"Rassehundegemeinschaftsschau Glauchau","date":"6. Januar 2010","format":false,"excerpt":"Da fahren wir hin (20. und 21. Februar 2010, in der Sachsenlandhalle). Bruder ARES kommt mit - und mal sehen wer noch. ATHENE \u00fcbt schon mal das Stehen unter erschwerten Bedingungen (im Schnee).","rel":"","context":"In &quot;A-Wurf&quot;","img":{"alt_text":"","src":"https:\/\/i0.wp.com\/www.dalmatiner-sachsen-anhalt.de\/blog\/wp-content\/uploads\/2010\/01\/athene7monate_stand_2372-1024x681.jpg?resize=350%2C200","width":350,"height":200},"classes":[]},{"id":3810,"url":"https:\/\/www.dalmatiner-sachsen-anhalt.de\/blog\/3810\/","url_meta":{"origin":3342,"position":5},"title":"Ares in Gera","date":"26. Februar 2012","format":false,"excerpt":"Ares von den Sandst\u00fccken konnte gestern auf der Rassehundegemeinschaftsausstellung in Gera einen tollen 3. Platz - V3 erreichen\u00a0\u00a0\u00a0\u00a0 und heute soger den 2. Platz - V2.\u00a0 Wir gratulieren Sabine und Ares f\u00fcr die gelungene Darstellung und freuen uns \u00fcber Ares Erfolg !","rel":"","context":"In &quot;A-Wurf&quot;","img":{"alt_text":"","src":"https:\/\/i0.wp.com\/www.dalmatiner-sachsen-anhalt.de\/blog\/wp-content\/uploads\/2012\/02\/Ares-24-Monate-013-1024x667.jpg?resize=350%2C200","width":350,"height":200},"classes":[]}],"_links":{"self":[{"href":"https:\/\/www.dalmatiner-sachsen-anhalt.de\/blog\/wp-json\/wp\/v2\/posts\/3342"}],"collection":[{"href":"https:\/\/www.dalmatiner-sachsen-anhalt.de\/blog\/wp-json\/wp\/v2\/posts"}],"about":[{"href":"https:\/\/www.dalmatiner-sachsen-anhalt.de\/blog\/wp-json\/wp\/v2\/types\/post"}],"author":[{"embeddable":true,"href":"https:\/\/www.dalmatiner-sachsen-anhalt.de\/blog\/wp-json\/wp\/v2\/users\/1"}],"replies":[{"embeddable":true,"href":"https:\/\/www.dalmatiner-sachsen-anhalt.de\/blog\/wp-json\/wp\/v2\/comments?post=3342"}],"version-history":[{"count":2,"href":"https:\/\/www.dalmatiner-sachsen-anhalt.de\/blog\/wp-json\/wp\/v2\/posts\/3342\/revisions"}],"predecessor-version":[{"id":3347,"href":"https:\/\/www.dalmatiner-sachsen-anhalt.de\/blog\/wp-json\/wp\/v2\/posts\/3342\/revisions\/3347"}],"wp:attachment":[{"href":"https:\/\/www.dalmatiner-sachsen-anhalt.de\/blog\/wp-json\/wp\/v2\/media?parent=3342"}],"wp:term":[{"taxonomy":"category","embeddable":true,"href":"https:\/\/www.dalmatiner-sachsen-anhalt.de\/blog\/wp-json\/wp\/v2\/categories?post=3342"},{"taxonomy":"post_tag","embeddable":true,"href":"https:\/\/www.dalmatiner-sachsen-anhalt.de\/blog\/wp-json\/wp\/v2\/tags?post=3342"}],"curies":[{"name":"wp","href":"https:\/\/api.w.org\/{rel}","templated":true}]}}