{"id":3391,"date":"2011-03-07T17:31:34","date_gmt":"2011-03-07T15:31:34","guid":{"rendered":"http:\/\/www.dalmatiner-sachsen-anhalt.de\/blog\/?p=3391"},"modified":"2011-03-07T17:32:13","modified_gmt":"2011-03-07T15:32:13","slug":"therapie-hund","status":"publish","type":"post","link":"https:\/\/www.dalmatiner-sachsen-anhalt.de\/blog\/3391\/","title":{"rendered":"Therapie- Hund"},"content":{"rendered":"<h3><a href=\"https:\/\/i0.wp.com\/www.dalmatiner-sachsen-anhalt.de\/blog\/wp-content\/uploads\/2011\/03\/bandit-100_1158.jpg?ssl=1\"><img data-attachment-id=\"3392\" data-permalink=\"https:\/\/www.dalmatiner-sachsen-anhalt.de\/blog\/3391\/bandit-100_1158\/\" data-orig-file=\"https:\/\/i0.wp.com\/www.dalmatiner-sachsen-anhalt.de\/blog\/wp-content\/uploads\/2011\/03\/bandit-100_1158.jpg?fit=1024%2C768&amp;ssl=1\" data-orig-size=\"1024,768\" data-comments-opened=\"1\" data-image-meta=\"{&quot;aperture&quot;:&quot;0&quot;,&quot;credit&quot;:&quot;&quot;,&quot;camera&quot;:&quot;&quot;,&quot;caption&quot;:&quot;&quot;,&quot;created_timestamp&quot;:&quot;0&quot;,&quot;copyright&quot;:&quot;&quot;,&quot;focal_length&quot;:&quot;0&quot;,&quot;iso&quot;:&quot;0&quot;,&quot;shutter_speed&quot;:&quot;0&quot;,&quot;title&quot;:&quot;&quot;}\" data-image-title=\"bandit 100_1158\" data-image-description=\"\" data-image-caption=\"\" data-medium-file=\"https:\/\/i0.wp.com\/www.dalmatiner-sachsen-anhalt.de\/blog\/wp-content\/uploads\/2011\/03\/bandit-100_1158.jpg?fit=300%2C225&amp;ssl=1\" data-large-file=\"https:\/\/i0.wp.com\/www.dalmatiner-sachsen-anhalt.de\/blog\/wp-content\/uploads\/2011\/03\/bandit-100_1158.jpg?fit=584%2C438&amp;ssl=1\" decoding=\"async\" loading=\"lazy\" class=\"size-full wp-image-3392 alignright\" title=\"bandit 100_1158\" src=\"https:\/\/i0.wp.com\/www.dalmatiner-sachsen-anhalt.de\/blog\/wp-content\/uploads\/2011\/03\/bandit-100_1158.jpg?resize=226%2C170&#038;ssl=1\" alt=\"Bandit - 12 Wochen alt\" width=\"226\" height=\"170\" srcset=\"https:\/\/i0.wp.com\/www.dalmatiner-sachsen-anhalt.de\/blog\/wp-content\/uploads\/2011\/03\/bandit-100_1158.jpg?w=1024&amp;ssl=1 1024w, https:\/\/i0.wp.com\/www.dalmatiner-sachsen-anhalt.de\/blog\/wp-content\/uploads\/2011\/03\/bandit-100_1158.jpg?resize=150%2C112&amp;ssl=1 150w, https:\/\/i0.wp.com\/www.dalmatiner-sachsen-anhalt.de\/blog\/wp-content\/uploads\/2011\/03\/bandit-100_1158.jpg?resize=300%2C225&amp;ssl=1 300w\" sizes=\"(max-width: 226px) 100vw, 226px\" data-recalc-dims=\"1\" \/><\/a><span style=\"color: #0000ff;\"><strong>Bandit von den Sands&#252;cken<\/strong><\/span> hat seine <span style=\"color: #993300;\"><strong>Ausbildung zum Therapiehund<\/strong><\/span> begonnen.<br \/>\nEr befolgt bereits die Kommandos: <strong>&#8220;Sitz, Down, Komm und Bleib&#8221;.<\/strong><br \/>\nAm Beginn der 12. Lebenswoche wiegt er stolze <strong>11,5 kg<\/strong>.<br \/>\nWir sind schon sehr gespannt darauf zu erfahren, wie sich die Dinge weiterentwickeln.<\/h3>\n<p style=\"text-align: center;\">\n<p style=\"text-align: left;\">\n<p style=\"text-align: left;\">Danke f&#252;r die Bilder an Claudia und J&#252;rgen und liebe Gr&#252;&#223;e nach Wolfsburg.<\/p>\n","protected":false},"excerpt":{"rendered":"<p>Bandit von den Sands&#252;cken hat seine Ausbildung zum Therapiehund begonnen. Er befolgt bereits die Kommandos: &#8220;Sitz, Down, Komm und Bleib&#8221;. Am Beginn der 12. Lebenswoche wiegt er stolze 11,5 kg. Wir sind schon sehr gespannt darauf zu erfahren, wie sich &hellip; <a href=\"https:\/\/www.dalmatiner-sachsen-anhalt.de\/blog\/3391\/\">Continue reading <span class=\"meta-nav\">&rarr;<\/span><\/a><\/p>\n","protected":false},"author":1,"featured_media":0,"comment_status":"open","ping_status":"open","sticky":false,"template":"","format":"standard","meta":{"jetpack_post_was_ever_published":false,"jetpack_publicize_message":"","jetpack_is_tweetstorm":false,"jetpack_publicize_feature_enabled":true,"jetpack_social_post_already_shared":false,"jetpack_social_options":[]},"categories":[677,702,371,3],"tags":[822],"jetpack_publicize_connections":[],"jetpack_featured_media_url":"","jetpack_shortlink":"https:\/\/wp.me\/px1eF-SH","jetpack_sharing_enabled":true,"jetpack_likes_enabled":true,"jetpack-related-posts":[{"id":2983,"url":"https:\/\/www.dalmatiner-sachsen-anhalt.de\/blog\/2983\/","url_meta":{"origin":3391,"position":0},"title":"Gesundes Neues Hundejahr 2011 !!!","date":"1. Januar 2011","format":false,"excerpt":"Allen Freunden und Bekannten und unseren lieben A-chens w\u00fcnschen wir ein frohes und gesundes Neues\u00a0 Hunde-Jahr. Bleibt sch\u00f6n gesund und genie\u00dft das Leben mit Euren Vierbeinern!\u00a0 Getreu dem Motto von Heinz R\u00fchmann:\u00a0 \"Nat\u00fcrlich kann man ohne Hund leben. Es lohnt sich blo\u00df nicht!\" Willkommen 2011\u00a0 !!! Bianca, Ballerina, Baroness, Bandit,\u2026","rel":"","context":"In &quot;A-Wurf&quot;","img":{"alt_text":"","src":"https:\/\/i0.wp.com\/www.dalmatiner-sachsen-anhalt.de\/blog\/wp-content\/uploads\/2011\/01\/welpen-tag-15_7727-1024x681.jpg?resize=350%2C200","width":350,"height":200},"classes":[]},{"id":2855,"url":"https:\/\/www.dalmatiner-sachsen-anhalt.de\/blog\/2855\/","url_meta":{"origin":3391,"position":1},"title":"Habe fertig!","date":"23. Dezember 2010","format":false,"excerpt":"Das denkt sich Bandit, nachdem er soviel gesoffen hatte, da\u00df er sich anschlie\u00dfend nur unter Aufbietung aller Kr\u00e4fte bis zu diesem lauschigen Pl\u00e4tzchen schleppen konnte, wo er dann auf der Stelle einschlief. Heute versucht er es einmal in der R\u00fcckenlage. Schlaf gut Bandit!","rel":"","context":"In &quot;B-Wurf&quot;","img":{"alt_text":"Bandit in R\u00c3\u00bcckenlage","src":"https:\/\/i0.wp.com\/www.dalmatiner-sachsen-anhalt.de\/blog\/wp-content\/uploads\/2010\/12\/welpe-bandit-tag-7_5761-1024x681.jpg?resize=350%2C200","width":350,"height":200},"classes":[]},{"id":3231,"url":"https:\/\/www.dalmatiner-sachsen-anhalt.de\/blog\/3231\/","url_meta":{"origin":3391,"position":2},"title":"Extra Trip","date":"28. Januar 2011","format":false,"excerpt":"Bandit bekam heute eine Extra- F\u00fchrung durch die Siedlung. Seine erste Bekanntschaft mit Brustgeschirr und Leine. Er hat sich gleich m\u00e4chtig ins Zeug gelegt. Bravo Bandit!","rel":"","context":"In &quot;B-Wurf&quot;","img":{"alt_text":"Bandit an der Leine","src":"https:\/\/i0.wp.com\/www.dalmatiner-sachsen-anhalt.de\/blog\/wp-content\/uploads\/2011\/01\/IMG_1467.jpg?resize=350%2C200","width":350,"height":200},"classes":[]},{"id":3267,"url":"https:\/\/www.dalmatiner-sachsen-anhalt.de\/blog\/3267\/","url_meta":{"origin":3391,"position":3},"title":"Bandit mit Kehlkopf","date":"6. Februar 2011","format":false,"excerpt":"","rel":"","context":"In &quot;B-Wurf&quot;","img":{"alt_text":"bandit-von-den-sandstuecken","src":"https:\/\/i0.wp.com\/www.dalmatiner-sachsen-anhalt.de\/blog\/wp-content\/uploads\/2011\/02\/Welpen-Tag-49_9080-1024x681.jpg?resize=350%2C200","width":350,"height":200},"classes":[]},{"id":3372,"url":"https:\/\/www.dalmatiner-sachsen-anhalt.de\/blog\/3372\/","url_meta":{"origin":3391,"position":4},"title":"Gr&#252;&#223;e von Bandit","date":"3. M&auml;rz 2011","format":false,"excerpt":"Liebe Gr\u00fc\u00dfe von Bandit und seiner Familie erreichten uns vor kurzem, wir freuen uns, da\u00df es ihm so gut geht. Liebe Gr\u00fc\u00dfe gehen nach Wolfsburg zu Bandit, Claudia, J\u00fcrgen und die Kinder","rel":"","context":"In &quot;B-Wurf&quot;","img":{"alt_text":"","src":"https:\/\/i0.wp.com\/www.dalmatiner-sachsen-anhalt.de\/blog\/wp-content\/uploads\/2011\/03\/100_1129-382x287.jpg?resize=350%2C200","width":350,"height":200},"classes":[]},{"id":2811,"url":"https:\/\/www.dalmatiner-sachsen-anhalt.de\/blog\/2811\/","url_meta":{"origin":3391,"position":5},"title":"Das ist Bandit","date":"20. Dezember 2010","format":false,"excerpt":"","rel":"","context":"In &quot;B-Wurf&quot;","img":{"alt_text":"S\u00c3\u00bc\u00c3\u009fer Bandit","src":"https:\/\/i0.wp.com\/www.dalmatiner-sachsen-anhalt.de\/blog\/wp-content\/uploads\/2010\/12\/Bandit_5572-1024x681.jpg?resize=350%2C200","width":350,"height":200},"classes":[]}],"_links":{"self":[{"href":"https:\/\/www.dalmatiner-sachsen-anhalt.de\/blog\/wp-json\/wp\/v2\/posts\/3391"}],"collection":[{"href":"https:\/\/www.dalmatiner-sachsen-anhalt.de\/blog\/wp-json\/wp\/v2\/posts"}],"about":[{"href":"https:\/\/www.dalmatiner-sachsen-anhalt.de\/blog\/wp-json\/wp\/v2\/types\/post"}],"author":[{"embeddable":true,"href":"https:\/\/www.dalmatiner-sachsen-anhalt.de\/blog\/wp-json\/wp\/v2\/users\/1"}],"replies":[{"embeddable":true,"href":"https:\/\/www.dalmatiner-sachsen-anhalt.de\/blog\/wp-json\/wp\/v2\/comments?post=3391"}],"version-history":[{"count":9,"href":"https:\/\/www.dalmatiner-sachsen-anhalt.de\/blog\/wp-json\/wp\/v2\/posts\/3391\/revisions"}],"predecessor-version":[{"id":3401,"href":"https:\/\/www.dalmatiner-sachsen-anhalt.de\/blog\/wp-json\/wp\/v2\/posts\/3391\/revisions\/3401"}],"wp:attachment":[{"href":"https:\/\/www.dalmatiner-sachsen-anhalt.de\/blog\/wp-json\/wp\/v2\/media?parent=3391"}],"wp:term":[{"taxonomy":"category","embeddable":true,"href":"https:\/\/www.dalmatiner-sachsen-anhalt.de\/blog\/wp-json\/wp\/v2\/categories?post=3391"},{"taxonomy":"post_tag","embeddable":true,"href":"https:\/\/www.dalmatiner-sachsen-anhalt.de\/blog\/wp-json\/wp\/v2\/tags?post=3391"}],"curies":[{"name":"wp","href":"https:\/\/api.w.org\/{rel}","templated":true}]}}