{"id":3406,"date":"2011-03-12T22:44:50","date_gmt":"2011-03-12T20:44:50","guid":{"rendered":"http:\/\/www.dalmatiner-sachsen-anhalt.de\/blog\/?p=3406"},"modified":"2011-03-12T22:44:50","modified_gmt":"2011-03-12T20:44:50","slug":"machs-gut-bennet","status":"publish","type":"post","link":"https:\/\/www.dalmatiner-sachsen-anhalt.de\/blog\/3406\/","title":{"rendered":"Mach&#8217;s gut Bennet"},"content":{"rendered":"<h3>Heute wurde <span style=\"color: #0000ff;\"><strong>Bennet von den Sandst&#252;cken<\/strong><\/span> abgeholt, der nun auch <span style=\"color: #993300;\">eine liebe Familie gefunden<\/span> hat. Mittlerweile ist er gut in seinem neuen zu Hause angekommen. <span style=\"color: #0000ff;\"><strong>Wir w&#252;nschen alles Gute f&#252;r die Zukunft <\/strong><\/span>und freuen uns auf ein Wiedersehen.<\/h3>\n<p><a href=\"https:\/\/i0.wp.com\/www.dalmatiner-sachsen-anhalt.de\/blog\/wp-content\/uploads\/2011\/03\/bennet_8519.jpg?ssl=1\"><img data-attachment-id=\"3408\" data-permalink=\"https:\/\/www.dalmatiner-sachsen-anhalt.de\/blog\/3406\/bennet_8519\/\" data-orig-file=\"https:\/\/i0.wp.com\/www.dalmatiner-sachsen-anhalt.de\/blog\/wp-content\/uploads\/2011\/03\/bennet_8519.jpg?fit=1154%2C768&amp;ssl=1\" data-orig-size=\"1154,768\" data-comments-opened=\"1\" data-image-meta=\"{&quot;aperture&quot;:&quot;0&quot;,&quot;credit&quot;:&quot;&quot;,&quot;camera&quot;:&quot;&quot;,&quot;caption&quot;:&quot;&quot;,&quot;created_timestamp&quot;:&quot;0&quot;,&quot;copyright&quot;:&quot;&quot;,&quot;focal_length&quot;:&quot;0&quot;,&quot;iso&quot;:&quot;0&quot;,&quot;shutter_speed&quot;:&quot;0&quot;,&quot;title&quot;:&quot;&quot;}\" data-image-title=\"bennet_8519\" data-image-description=\"\" data-image-caption=\"\" data-medium-file=\"https:\/\/i0.wp.com\/www.dalmatiner-sachsen-anhalt.de\/blog\/wp-content\/uploads\/2011\/03\/bennet_8519.jpg?fit=300%2C199&amp;ssl=1\" data-large-file=\"https:\/\/i0.wp.com\/www.dalmatiner-sachsen-anhalt.de\/blog\/wp-content\/uploads\/2011\/03\/bennet_8519.jpg?fit=584%2C388&amp;ssl=1\" decoding=\"async\" loading=\"lazy\" class=\"aligncenter size-large wp-image-3408\" title=\"bennet_8519\" src=\"https:\/\/i0.wp.com\/www.dalmatiner-sachsen-anhalt.de\/blog\/wp-content\/uploads\/2011\/03\/bennet_8519.jpg?resize=506%2C336&#038;ssl=1\" alt=\"abschied-von bennet\" width=\"506\" height=\"336\" srcset=\"https:\/\/i0.wp.com\/www.dalmatiner-sachsen-anhalt.de\/blog\/wp-content\/uploads\/2011\/03\/bennet_8519.jpg?resize=1024%2C681&amp;ssl=1 1024w, https:\/\/i0.wp.com\/www.dalmatiner-sachsen-anhalt.de\/blog\/wp-content\/uploads\/2011\/03\/bennet_8519.jpg?resize=150%2C99&amp;ssl=1 150w, https:\/\/i0.wp.com\/www.dalmatiner-sachsen-anhalt.de\/blog\/wp-content\/uploads\/2011\/03\/bennet_8519.jpg?resize=300%2C199&amp;ssl=1 300w, https:\/\/i0.wp.com\/www.dalmatiner-sachsen-anhalt.de\/blog\/wp-content\/uploads\/2011\/03\/bennet_8519.jpg?w=1154&amp;ssl=1 1154w\" sizes=\"(max-width: 506px) 100vw, 506px\" data-recalc-dims=\"1\" \/><\/a><\/p>\n","protected":false},"excerpt":{"rendered":"<p>Heute wurde Bennet von den Sandst&#252;cken abgeholt, der nun auch eine liebe Familie gefunden hat. Mittlerweile ist er gut in seinem neuen zu Hause angekommen. Wir w&#252;nschen alles Gute f&#252;r die Zukunft und freuen uns auf ein Wiedersehen.<\/p>\n","protected":false},"author":1,"featured_media":0,"comment_status":"open","ping_status":"open","sticky":false,"template":"","format":"standard","meta":{"jetpack_post_was_ever_published":false,"jetpack_publicize_message":"","jetpack_is_tweetstorm":false,"jetpack_publicize_feature_enabled":true,"jetpack_social_post_already_shared":false,"jetpack_social_options":[]},"categories":[677,730,371,3],"tags":[823,759,693],"jetpack_publicize_connections":[],"jetpack_featured_media_url":"","jetpack_shortlink":"https:\/\/wp.me\/px1eF-SW","jetpack_sharing_enabled":true,"jetpack_likes_enabled":true,"jetpack-related-posts":[{"id":3734,"url":"https:\/\/www.dalmatiner-sachsen-anhalt.de\/blog\/3734\/","url_meta":{"origin":3406,"position":0},"title":"Bennet &#8211; fast 1 Jahr alt","date":"5. Dezember 2011","format":false,"excerpt":"","rel":"","context":"In &quot;B-Wurf&quot;","img":{"alt_text":"","src":"https:\/\/i0.wp.com\/www.dalmatiner-sachsen-anhalt.de\/blog\/wp-content\/uploads\/2011\/12\/Bennet-von-den-Sandst%C3%BCcken-03.12.2011.jpg?resize=350%2C200","width":350,"height":200},"classes":[]},{"id":3520,"url":"https:\/\/www.dalmatiner-sachsen-anhalt.de\/blog\/3520\/","url_meta":{"origin":3406,"position":1},"title":"Gartenarbeit","date":"24. Mai 2011","format":false,"excerpt":"Vielen Dank f\u00fcr die Gr\u00fc\u00dfe und Bilder aus Bad Pyrmont. Hier sehen wir Bennet von den Sandst\u00fccken (5 Monate alt) - der bei einer lieben Familie zu Hause ist - bei der Gartenarbeit.","rel":"","context":"In &quot;B-Wurf&quot;","img":{"alt_text":"Gartenarbeit","src":"https:\/\/i0.wp.com\/www.dalmatiner-sachsen-anhalt.de\/blog\/wp-content\/uploads\/2011\/05\/bennet-vdS.jpg?resize=350%2C200","width":350,"height":200},"classes":[]},{"id":3256,"url":"https:\/\/www.dalmatiner-sachsen-anhalt.de\/blog\/3256\/","url_meta":{"origin":3406,"position":2},"title":"Zuhause gesucht &#8211; Bennet","date":"3. Februar 2011","format":false,"excerpt":"Alle unsere s\u00fc\u00dfen kleinen Fleckenzwerge haben ein Zuhause gefunden , nur Bennet sucht noch liebe Menschen, die mit ihm ihr Leben bereichern wollen.","rel":"","context":"In &quot;B-Wurf&quot;","img":{"alt_text":"","src":"https:\/\/i0.wp.com\/www.dalmatiner-sachsen-anhalt.de\/blog\/wp-content\/uploads\/2011\/02\/Welpen-Tag-43_8883-1024x681.jpg?resize=350%2C200","width":350,"height":200},"classes":[]},{"id":3589,"url":"https:\/\/www.dalmatiner-sachsen-anhalt.de\/blog\/3589\/","url_meta":{"origin":3406,"position":3},"title":"Besuch bei Bennet","date":"19. Juni 2011","format":false,"excerpt":"Wir waren gestern bei Bennet von den Sandst\u00fccken und seiner Familie in Bad Pyrmont. Obwohl das Wetter \"durchwachsen\" war, hatten wir alle einen sehr sch\u00f6nen Tag. Das B-chen hat sich pr\u00e4chtig entwickelt, ist sehr gelehrig, lieb und instinktsicher... Wir bedanken uns bei Peggy und Thomas f\u00fcr die herzliche Aufnahme und\u2026","rel":"","context":"In &quot;B-Wurf&quot;","img":{"alt_text":"","src":"https:\/\/i0.wp.com\/www.dalmatiner-sachsen-anhalt.de\/blog\/wp-content\/uploads\/2011\/06\/bennet_0562-383x255.jpg?resize=350%2C200","width":350,"height":200},"classes":[]},{"id":3582,"url":"https:\/\/www.dalmatiner-sachsen-anhalt.de\/blog\/3582\/","url_meta":{"origin":3406,"position":4},"title":"Viel Gl&#252;ck in Erfurt!","date":"17. Juni 2011","format":false,"excerpt":"\"Unser\" Ares f\u00e4hrt dieses Wochenende zur Ausstellung nach Erfurt. Wir dr\u00fccken ganz kr\u00e4ftig alle Pfoten und w\u00fcnschen Sabine mit Ares ein sch\u00f6nes Wochenende mit vielen Dalmis und Freunden. Wir werden B-chen Bennet, Beiname \"Baron\" besuchen fahren.","rel":"","context":"In &quot;A-Wurf&quot;","img":{"alt_text":"","src":"https:\/\/i0.wp.com\/www.dalmatiner-sachsen-anhalt.de\/blog\/wp-content\/uploads\/2011\/06\/IMG_0230.jpg?resize=350%2C200","width":350,"height":200},"classes":[]},{"id":5909,"url":"https:\/\/www.dalmatiner-sachsen-anhalt.de\/blog\/5909\/","url_meta":{"origin":3406,"position":5},"title":"Der B-Wurf wird 3","date":"17. Dezember 2013","format":false,"excerpt":"\u00a0 Die B-chen von den Sandst\u00fccken werden heute 3 Jahre alt. Herzlichen Gl\u00fcckwunsch an Ballerina, Bandit, Baroness (Abby), Bastian (Tristan), Bennet und Bianca. La\u00dft Euch heute besonders gut verw\u00f6hnen. Wir freuen uns auf ein Wiedersehen. Liebe Gr\u00fc\u00dfe aus Schermen :-)","rel":"","context":"In &quot;Ballerina&quot;","img":{"alt_text":"dalmatiner-welpen-B-wurf","src":"https:\/\/i0.wp.com\/www.dalmatiner-sachsen-anhalt.de\/blog\/wp-content\/uploads\/2013\/12\/dalmatiner-welpen-B-wurf-1024x681.jpg?resize=350%2C200","width":350,"height":200},"classes":[]}],"_links":{"self":[{"href":"https:\/\/www.dalmatiner-sachsen-anhalt.de\/blog\/wp-json\/wp\/v2\/posts\/3406"}],"collection":[{"href":"https:\/\/www.dalmatiner-sachsen-anhalt.de\/blog\/wp-json\/wp\/v2\/posts"}],"about":[{"href":"https:\/\/www.dalmatiner-sachsen-anhalt.de\/blog\/wp-json\/wp\/v2\/types\/post"}],"author":[{"embeddable":true,"href":"https:\/\/www.dalmatiner-sachsen-anhalt.de\/blog\/wp-json\/wp\/v2\/users\/1"}],"replies":[{"embeddable":true,"href":"https:\/\/www.dalmatiner-sachsen-anhalt.de\/blog\/wp-json\/wp\/v2\/comments?post=3406"}],"version-history":[{"count":2,"href":"https:\/\/www.dalmatiner-sachsen-anhalt.de\/blog\/wp-json\/wp\/v2\/posts\/3406\/revisions"}],"predecessor-version":[{"id":3410,"href":"https:\/\/www.dalmatiner-sachsen-anhalt.de\/blog\/wp-json\/wp\/v2\/posts\/3406\/revisions\/3410"}],"wp:attachment":[{"href":"https:\/\/www.dalmatiner-sachsen-anhalt.de\/blog\/wp-json\/wp\/v2\/media?parent=3406"}],"wp:term":[{"taxonomy":"category","embeddable":true,"href":"https:\/\/www.dalmatiner-sachsen-anhalt.de\/blog\/wp-json\/wp\/v2\/categories?post=3406"},{"taxonomy":"post_tag","embeddable":true,"href":"https:\/\/www.dalmatiner-sachsen-anhalt.de\/blog\/wp-json\/wp\/v2\/tags?post=3406"}],"curies":[{"name":"wp","href":"https:\/\/api.w.org\/{rel}","templated":true}]}}