{"id":3411,"date":"2011-03-20T22:45:26","date_gmt":"2011-03-20T20:45:26","guid":{"rendered":"http:\/\/www.dalmatiner-sachsen-anhalt.de\/blog\/?p=3411"},"modified":"2011-03-20T22:45:26","modified_gmt":"2011-03-20T20:45:26","slug":"unser-b-wurf-gut-gehts-allen","status":"publish","type":"post","link":"https:\/\/www.dalmatiner-sachsen-anhalt.de\/blog\/3411\/","title":{"rendered":"Unser B-Wurf. Gut gehts allen !"},"content":{"rendered":"<h3>Allen unseren <span style=\"color: #ff6600;\">B-chen<\/span> geht es gut in ihrem neuen Zuhause regelm&#228;&#223;ig erreichen uns Mails und Anrufe ihrer Besitzer, welche uns an ihrer Entwicklung teilhaben lassen, wor&#252;ber wir uns sehr freuen. Vielen Dank Ihr Lieben !<\/h3>\n<div data-carousel-extra='{\"blog_id\":1,\"permalink\":\"https:\\\/\\\/www.dalmatiner-sachsen-anhalt.de\\\/blog\\\/3411\\\/\"}' class=\"tiled-gallery type-rectangular\" data-original-width=\"584\"><div class=\"gallery-row\" style=\"width: 579px; height: 287px;\"><div class=\"gallery-group images-1\" style=\"width: 386px; height: 291px;\"><div class=\"tiled-gallery-item tiled-gallery-item-large\"><a href=\"https:\/\/i0.wp.com\/www.dalmatiner-sachsen-anhalt.de\/blog\/wp-content\/uploads\/2011\/03\/Tristan009.jpg?ssl=1\"><img data-attachment-id=\"3414\" data-orig-file=\"https:\/\/www.dalmatiner-sachsen-anhalt.de\/blog\/wp-content\/uploads\/2011\/03\/Tristan009.jpg\" data-orig-size=\"1024,768\" data-comments-opened=\"1\" data-image-meta=\"{&quot;aperture&quot;:&quot;0&quot;,&quot;credit&quot;:&quot;&quot;,&quot;camera&quot;:&quot;&quot;,&quot;caption&quot;:&quot;&quot;,&quot;created_timestamp&quot;:&quot;0&quot;,&quot;copyright&quot;:&quot;&quot;,&quot;focal_length&quot;:&quot;0&quot;,&quot;iso&quot;:&quot;0&quot;,&quot;shutter_speed&quot;:&quot;0&quot;,&quot;title&quot;:&quot;&quot;}\" data-image-title=\"Tristan009\" data-image-description=\"\" data-medium-file=\"https:\/\/i0.wp.com\/www.dalmatiner-sachsen-anhalt.de\/blog\/wp-content\/uploads\/2011\/03\/Tristan009.jpg?fit=300%2C225&#038;ssl=1\" data-large-file=\"https:\/\/i0.wp.com\/www.dalmatiner-sachsen-anhalt.de\/blog\/wp-content\/uploads\/2011\/03\/Tristan009.jpg?fit=584%2C438&#038;ssl=1\" src=\"https:\/\/i0.wp.com\/www.dalmatiner-sachsen-anhalt.de\/blog\/wp-content\/uploads\/2011\/03\/Tristan009-382x287.jpg\" width=\"382\" height=\"287\" align=\"left\" title=\"Tristan009\" \/><\/a><\/div><\/div><div class=\"gallery-group images-2\" style=\"width: 193px; height: 291px;\"><div class=\"tiled-gallery-item tiled-gallery-item-small\"><a href=\"https:\/\/i0.wp.com\/www.dalmatiner-sachsen-anhalt.de\/blog\/wp-content\/uploads\/2011\/03\/P2280050.jpg?ssl=1\"><img data-attachment-id=\"3415\" data-orig-file=\"https:\/\/www.dalmatiner-sachsen-anhalt.de\/blog\/wp-content\/uploads\/2011\/03\/P2280050.jpg\" data-orig-size=\"1024,768\" data-comments-opened=\"1\" data-image-meta=\"{&quot;aperture&quot;:&quot;0&quot;,&quot;credit&quot;:&quot;&quot;,&quot;camera&quot;:&quot;&quot;,&quot;caption&quot;:&quot;&quot;,&quot;created_timestamp&quot;:&quot;0&quot;,&quot;copyright&quot;:&quot;&quot;,&quot;focal_length&quot;:&quot;0&quot;,&quot;iso&quot;:&quot;0&quot;,&quot;shutter_speed&quot;:&quot;0&quot;,&quot;title&quot;:&quot;&quot;}\" data-image-title=\"P2280050\" data-image-description=\"\" data-medium-file=\"https:\/\/i0.wp.com\/www.dalmatiner-sachsen-anhalt.de\/blog\/wp-content\/uploads\/2011\/03\/P2280050.jpg?fit=300%2C225&#038;ssl=1\" data-large-file=\"https:\/\/i0.wp.com\/www.dalmatiner-sachsen-anhalt.de\/blog\/wp-content\/uploads\/2011\/03\/P2280050.jpg?fit=584%2C438&#038;ssl=1\" src=\"https:\/\/i0.wp.com\/www.dalmatiner-sachsen-anhalt.de\/blog\/wp-content\/uploads\/2011\/03\/P2280050-189x142.jpg\" width=\"189\" height=\"142\" align=\"left\" title=\"P2280050\" \/><\/a><\/div><div class=\"tiled-gallery-item tiled-gallery-item-small\"><a href=\"https:\/\/i0.wp.com\/www.dalmatiner-sachsen-anhalt.de\/blog\/wp-content\/uploads\/2011\/03\/100_1140.jpg?ssl=1\"><img data-attachment-id=\"3416\" data-orig-file=\"https:\/\/www.dalmatiner-sachsen-anhalt.de\/blog\/wp-content\/uploads\/2011\/03\/100_1140.jpg\" data-orig-size=\"1024,768\" data-comments-opened=\"1\" data-image-meta=\"{&quot;aperture&quot;:&quot;0&quot;,&quot;credit&quot;:&quot;&quot;,&quot;camera&quot;:&quot;&quot;,&quot;caption&quot;:&quot;&quot;,&quot;created_timestamp&quot;:&quot;0&quot;,&quot;copyright&quot;:&quot;&quot;,&quot;focal_length&quot;:&quot;0&quot;,&quot;iso&quot;:&quot;0&quot;,&quot;shutter_speed&quot;:&quot;0&quot;,&quot;title&quot;:&quot;&quot;}\" data-image-title=\"100_1140\" data-image-description=\"\" data-medium-file=\"https:\/\/i0.wp.com\/www.dalmatiner-sachsen-anhalt.de\/blog\/wp-content\/uploads\/2011\/03\/100_1140.jpg?fit=300%2C225&#038;ssl=1\" data-large-file=\"https:\/\/i0.wp.com\/www.dalmatiner-sachsen-anhalt.de\/blog\/wp-content\/uploads\/2011\/03\/100_1140.jpg?fit=584%2C438&#038;ssl=1\" src=\"https:\/\/i0.wp.com\/www.dalmatiner-sachsen-anhalt.de\/blog\/wp-content\/uploads\/2011\/03\/100_1140-189x141.jpg\" width=\"189\" height=\"141\" align=\"left\" title=\"100_1140\" \/><\/a><\/div><\/div><\/div><div class=\"gallery-row\" style=\"width: 579px; height: 190px;\"><div class=\"gallery-group images-1\" style=\"width: 290px; height: 194px;\"><div class=\"tiled-gallery-item tiled-gallery-item-large\"><a href=\"https:\/\/i0.wp.com\/www.dalmatiner-sachsen-anhalt.de\/blog\/wp-content\/uploads\/2011\/03\/Bennet-001.jpg?ssl=1\"><img data-attachment-id=\"3413\" data-orig-file=\"https:\/\/www.dalmatiner-sachsen-anhalt.de\/blog\/wp-content\/uploads\/2011\/03\/Bennet-001.jpg\" data-orig-size=\"1155,768\" data-comments-opened=\"1\" data-image-meta=\"{&quot;aperture&quot;:&quot;0&quot;,&quot;credit&quot;:&quot;&quot;,&quot;camera&quot;:&quot;&quot;,&quot;caption&quot;:&quot;&quot;,&quot;created_timestamp&quot;:&quot;0&quot;,&quot;copyright&quot;:&quot;&quot;,&quot;focal_length&quot;:&quot;0&quot;,&quot;iso&quot;:&quot;0&quot;,&quot;shutter_speed&quot;:&quot;0&quot;,&quot;title&quot;:&quot;&quot;}\" data-image-title=\"Bennet 001\" data-image-description=\"\" data-medium-file=\"https:\/\/i0.wp.com\/www.dalmatiner-sachsen-anhalt.de\/blog\/wp-content\/uploads\/2011\/03\/Bennet-001.jpg?fit=300%2C199&#038;ssl=1\" data-large-file=\"https:\/\/i0.wp.com\/www.dalmatiner-sachsen-anhalt.de\/blog\/wp-content\/uploads\/2011\/03\/Bennet-001.jpg?fit=584%2C388&#038;ssl=1\" src=\"https:\/\/i0.wp.com\/www.dalmatiner-sachsen-anhalt.de\/blog\/wp-content\/uploads\/2011\/03\/Bennet-001-286x190.jpg\" width=\"286\" height=\"190\" align=\"left\" title=\"Bennet 001\" \/><\/a><\/div><\/div><div class=\"gallery-group images-1\" style=\"width: 289px; height: 194px;\"><div class=\"tiled-gallery-item tiled-gallery-item-large\"><a href=\"https:\/\/i0.wp.com\/www.dalmatiner-sachsen-anhalt.de\/blog\/wp-content\/uploads\/2011\/03\/Bennet-007.jpg?ssl=1\"><img data-attachment-id=\"3417\" data-orig-file=\"https:\/\/www.dalmatiner-sachsen-anhalt.de\/blog\/wp-content\/uploads\/2011\/03\/Bennet-007.jpg\" data-orig-size=\"1155,768\" data-comments-opened=\"1\" data-image-meta=\"{&quot;aperture&quot;:&quot;0&quot;,&quot;credit&quot;:&quot;&quot;,&quot;camera&quot;:&quot;&quot;,&quot;caption&quot;:&quot;&quot;,&quot;created_timestamp&quot;:&quot;0&quot;,&quot;copyright&quot;:&quot;&quot;,&quot;focal_length&quot;:&quot;0&quot;,&quot;iso&quot;:&quot;0&quot;,&quot;shutter_speed&quot;:&quot;0&quot;,&quot;title&quot;:&quot;&quot;}\" data-image-title=\"Bennet 007\" data-image-description=\"\" data-medium-file=\"https:\/\/i0.wp.com\/www.dalmatiner-sachsen-anhalt.de\/blog\/wp-content\/uploads\/2011\/03\/Bennet-007.jpg?fit=300%2C199&#038;ssl=1\" data-large-file=\"https:\/\/i0.wp.com\/www.dalmatiner-sachsen-anhalt.de\/blog\/wp-content\/uploads\/2011\/03\/Bennet-007.jpg?fit=584%2C388&#038;ssl=1\" src=\"https:\/\/i0.wp.com\/www.dalmatiner-sachsen-anhalt.de\/blog\/wp-content\/uploads\/2011\/03\/Bennet-007-285x190.jpg\" width=\"285\" height=\"190\" align=\"left\" title=\"Bennet 007\" \/><\/a><\/div><\/div><\/div><\/div>\n","protected":false},"excerpt":{"rendered":"<p>Allen unseren B-chen geht es gut in ihrem neuen Zuhause regelm&#228;&#223;ig erreichen uns Mails und Anrufe ihrer Besitzer, welche uns an ihrer Entwicklung teilhaben lassen, wor&#252;ber wir uns sehr freuen. Vielen Dank Ihr Lieben !<\/p>\n","protected":false},"author":1,"featured_media":0,"comment_status":"open","ping_status":"open","sticky":false,"template":"","format":"standard","meta":{"jetpack_post_was_ever_published":false,"jetpack_publicize_message":"","jetpack_is_tweetstorm":false,"jetpack_publicize_feature_enabled":true,"jetpack_social_post_already_shared":false,"jetpack_social_options":[]},"categories":[677,709,702,701,698,730,705,371],"tags":[679,35,62,7],"jetpack_publicize_connections":[],"jetpack_featured_media_url":"","jetpack_shortlink":"https:\/\/wp.me\/px1eF-T1","jetpack_sharing_enabled":true,"jetpack_likes_enabled":true,"jetpack-related-posts":[{"id":2839,"url":"https:\/\/www.dalmatiner-sachsen-anhalt.de\/blog\/2839\/","url_meta":{"origin":3411,"position":0},"title":"Saufen und schlafen","date":"22. Dezember 2010","format":false,"excerpt":"Hier ein tolles Foto des B-6er. Die Hauptbesch\u00e4ftigung ist Saufen und Schlafen. Dabei wachsen und entwickeln sich die Welpen pr\u00e4chtig. Am 6. Tag auf dieser Erde bringt Bandit - der uns stark an Ares erinnert - 921 Gramm auf die Waage. Damit ist er der schwerste und kr\u00e4ftigste aus diesem\u2026","rel":"","context":"In &quot;B-Wurf&quot;","img":{"alt_text":"Mama's Milchbar","src":"https:\/\/i0.wp.com\/www.dalmatiner-sachsen-anhalt.de\/blog\/wp-content\/uploads\/2010\/12\/dalmatiner-welpen-tag-6_5741-1024x681.jpg?resize=350%2C200","width":350,"height":200},"classes":[]},{"id":5909,"url":"https:\/\/www.dalmatiner-sachsen-anhalt.de\/blog\/5909\/","url_meta":{"origin":3411,"position":1},"title":"Der B-Wurf wird 3","date":"17. Dezember 2013","format":false,"excerpt":"\u00a0 Die B-chen von den Sandst\u00fccken werden heute 3 Jahre alt. Herzlichen Gl\u00fcckwunsch an Ballerina, Bandit, Baroness (Abby), Bastian (Tristan), Bennet und Bianca. La\u00dft Euch heute besonders gut verw\u00f6hnen. Wir freuen uns auf ein Wiedersehen. Liebe Gr\u00fc\u00dfe aus Schermen :-)","rel":"","context":"In &quot;Ballerina&quot;","img":{"alt_text":"dalmatiner-welpen-B-wurf","src":"https:\/\/i0.wp.com\/www.dalmatiner-sachsen-anhalt.de\/blog\/wp-content\/uploads\/2013\/12\/dalmatiner-welpen-B-wurf-1024x681.jpg?resize=350%2C200","width":350,"height":200},"classes":[]},{"id":3943,"url":"https:\/\/www.dalmatiner-sachsen-anhalt.de\/blog\/3943\/","url_meta":{"origin":3411,"position":2},"title":"Bianca- Lieber Besuch","date":"27. M&auml;rz 2012","format":false,"excerpt":"Vor einiger Zeit besuchte uns Bianca vdS mit ihrer lieben Familie. Sie hat sich prima entwickelt und ist immernoch ein kleiner Wirbelwind. Nach anf\u00e4nglichen Erziehungsversuchen tobten Athene und Hummel ausgelassen mit ihr \u00fcber die Wiesen. Wir haben uns sehr gefreut und hoffen alle bald wiederzusehen.","rel":"","context":"In &quot;A-Wurf&quot;","img":{"alt_text":"","src":"https:\/\/i0.wp.com\/www.dalmatiner-sachsen-anhalt.de\/blog\/wp-content\/uploads\/2012\/03\/besuch-bianca_0765-383x255.jpg?resize=350%2C200","width":350,"height":200},"classes":[]},{"id":3613,"url":"https:\/\/www.dalmatiner-sachsen-anhalt.de\/blog\/3613\/","url_meta":{"origin":3411,"position":3},"title":"Bennet zu Besuch","date":"19. Juli 2011","format":false,"excerpt":"Letzten Sonntag zog Bennet mit seinem Kuschelkissen f\u00fcr ein paar Tage bei uns ein und f\u00fchlt sich zwischen Mama Hummel und Schwester Athene dalmiwohl.","rel":"","context":"In &quot;A-Wurf&quot;","img":{"alt_text":"","src":"https:\/\/i0.wp.com\/www.dalmatiner-sachsen-anhalt.de\/blog\/wp-content\/uploads\/2011\/07\/IMG_0667-383x255.jpg?resize=350%2C200","width":350,"height":200},"classes":[]},{"id":3740,"url":"https:\/\/www.dalmatiner-sachsen-anhalt.de\/blog\/3740\/","url_meta":{"origin":3411,"position":4},"title":"Geburtstag B- Burf","date":"17. Dezember 2011","format":false,"excerpt":"Heute wird unser B- Wurf \"...von den Sandstp\u00fccken\" genau 1 Jahr alt. Wir w\u00fcnschen den B- chen alles Gute und weiterhin viel Freude bei ihren Familien. Bennet vdS - der gerade bei uns zu Besuch ist - beim \"Geburtstagsfesttagsschmaus\"","rel":"","context":"In &quot;B-Wurf&quot;","img":{"alt_text":"","src":"https:\/\/i0.wp.com\/www.dalmatiner-sachsen-anhalt.de\/blog\/wp-content\/uploads\/2011\/12\/bennet-1-JahrIMG_4029-1024x681.jpg?resize=350%2C200","width":350,"height":200},"classes":[]},{"id":3331,"url":"https:\/\/www.dalmatiner-sachsen-anhalt.de\/blog\/3331\/","url_meta":{"origin":3411,"position":5},"title":"Adieu Ballerina!","date":"19. Februar 2011","format":false,"excerpt":"Heute haben wir Ballerina Ihrer neuen Familie \u00fcbergeben. Das war nicht einfach f\u00fcr uns, wie auch vorher schon bei den anderen Welpen. Aber wir wissen, da\u00df es ihr an nichts fehlen wird und freuen uns schon auf ein Wiedersehen. Alles Gute auch f\u00fcr Euch!","rel":"","context":"In &quot;B-Wurf&quot;","img":{"alt_text":"ballerina-von-den-sandstuecken-abschied","src":"https:\/\/i0.wp.com\/www.dalmatiner-sachsen-anhalt.de\/blog\/wp-content\/uploads\/2011\/02\/welpen-tag-65_9690-1024x681.jpg?resize=350%2C200","width":350,"height":200},"classes":[]}],"_links":{"self":[{"href":"https:\/\/www.dalmatiner-sachsen-anhalt.de\/blog\/wp-json\/wp\/v2\/posts\/3411"}],"collection":[{"href":"https:\/\/www.dalmatiner-sachsen-anhalt.de\/blog\/wp-json\/wp\/v2\/posts"}],"about":[{"href":"https:\/\/www.dalmatiner-sachsen-anhalt.de\/blog\/wp-json\/wp\/v2\/types\/post"}],"author":[{"embeddable":true,"href":"https:\/\/www.dalmatiner-sachsen-anhalt.de\/blog\/wp-json\/wp\/v2\/users\/1"}],"replies":[{"embeddable":true,"href":"https:\/\/www.dalmatiner-sachsen-anhalt.de\/blog\/wp-json\/wp\/v2\/comments?post=3411"}],"version-history":[{"count":4,"href":"https:\/\/www.dalmatiner-sachsen-anhalt.de\/blog\/wp-json\/wp\/v2\/posts\/3411\/revisions"}],"predecessor-version":[{"id":3421,"href":"https:\/\/www.dalmatiner-sachsen-anhalt.de\/blog\/wp-json\/wp\/v2\/posts\/3411\/revisions\/3421"}],"wp:attachment":[{"href":"https:\/\/www.dalmatiner-sachsen-anhalt.de\/blog\/wp-json\/wp\/v2\/media?parent=3411"}],"wp:term":[{"taxonomy":"category","embeddable":true,"href":"https:\/\/www.dalmatiner-sachsen-anhalt.de\/blog\/wp-json\/wp\/v2\/categories?post=3411"},{"taxonomy":"post_tag","embeddable":true,"href":"https:\/\/www.dalmatiner-sachsen-anhalt.de\/blog\/wp-json\/wp\/v2\/tags?post=3411"}],"curies":[{"name":"wp","href":"https:\/\/api.w.org\/{rel}","templated":true}]}}