{"id":3443,"date":"2011-03-30T20:56:48","date_gmt":"2011-03-30T18:56:48","guid":{"rendered":"http:\/\/www.dalmatiner-sachsen-anhalt.de\/blog\/?p=3443"},"modified":"2011-03-30T20:57:50","modified_gmt":"2011-03-30T18:57:50","slug":"aus-sueddeutschland","status":"publish","type":"post","link":"https:\/\/www.dalmatiner-sachsen-anhalt.de\/blog\/3443\/","title":{"rendered":"Aus S&#252;ddeutschland&#8230;"},"content":{"rendered":"<h3>&#8230;gr&#252;&#223;t uns <span style=\"color: #0000ff;\"><strong>Bastian von den Sandst&#252;cken (Tristan)<\/strong><\/span>. Er genie&#223;t das Leben auf dem Lande gemeinsam mit seinen 2- und 4- Beinern. <strong>Alles ist so interessant, und das Leben steckt voller &#220;berraschungen.<\/strong><\/h3>\n<div data-carousel-extra='{\"blog_id\":1,\"permalink\":\"https:\\\/\\\/www.dalmatiner-sachsen-anhalt.de\\\/blog\\\/3443\\\/\"}' class=\"tiled-gallery type-rectangular\" data-original-width=\"584\"><div class=\"gallery-row\" style=\"width: 579px; height: 287px;\"><div class=\"gallery-group images-1\" style=\"width: 386px; height: 291px;\"><div class=\"tiled-gallery-item tiled-gallery-item-large\"><a href=\"https:\/\/i0.wp.com\/www.dalmatiner-sachsen-anhalt.de\/blog\/wp-content\/uploads\/2011\/03\/tristan-27.3.2011-006_1024x1024_500KB.jpg?ssl=1\"><img data-attachment-id=\"3445\" data-orig-file=\"https:\/\/www.dalmatiner-sachsen-anhalt.de\/blog\/wp-content\/uploads\/2011\/03\/tristan-27.3.2011-006_1024x1024_500KB.jpg\" data-orig-size=\"1024,768\" data-comments-opened=\"1\" data-image-meta=\"{&quot;aperture&quot;:&quot;0&quot;,&quot;credit&quot;:&quot;&quot;,&quot;camera&quot;:&quot;&quot;,&quot;caption&quot;:&quot;&quot;,&quot;created_timestamp&quot;:&quot;0&quot;,&quot;copyright&quot;:&quot;&quot;,&quot;focal_length&quot;:&quot;0&quot;,&quot;iso&quot;:&quot;0&quot;,&quot;shutter_speed&quot;:&quot;0&quot;,&quot;title&quot;:&quot;&quot;}\" data-image-title=\"tristan 27.3.2011 006_1024x1024_500KB\" data-image-description=\"\" data-medium-file=\"https:\/\/i0.wp.com\/www.dalmatiner-sachsen-anhalt.de\/blog\/wp-content\/uploads\/2011\/03\/tristan-27.3.2011-006_1024x1024_500KB.jpg?fit=300%2C225&#038;ssl=1\" data-large-file=\"https:\/\/i0.wp.com\/www.dalmatiner-sachsen-anhalt.de\/blog\/wp-content\/uploads\/2011\/03\/tristan-27.3.2011-006_1024x1024_500KB.jpg?fit=584%2C438&#038;ssl=1\" src=\"https:\/\/i0.wp.com\/www.dalmatiner-sachsen-anhalt.de\/blog\/wp-content\/uploads\/2011\/03\/tristan-27.3.2011-006_1024x1024_500KB-382x287.jpg\" width=\"382\" height=\"287\" align=\"left\" title=\"tristan 27.3.2011 006_1024x1024_500KB\" \/><\/a><\/div><\/div><div class=\"gallery-group images-2\" style=\"width: 193px; height: 291px;\"><div class=\"tiled-gallery-item tiled-gallery-item-small\"><a href=\"https:\/\/i0.wp.com\/www.dalmatiner-sachsen-anhalt.de\/blog\/wp-content\/uploads\/2011\/03\/tristan-27.3.2011-010_1024x1024_500KB.jpg?ssl=1\"><img data-attachment-id=\"3444\" data-orig-file=\"https:\/\/www.dalmatiner-sachsen-anhalt.de\/blog\/wp-content\/uploads\/2011\/03\/tristan-27.3.2011-010_1024x1024_500KB.jpg\" data-orig-size=\"1024,768\" data-comments-opened=\"1\" data-image-meta=\"{&quot;aperture&quot;:&quot;0&quot;,&quot;credit&quot;:&quot;&quot;,&quot;camera&quot;:&quot;&quot;,&quot;caption&quot;:&quot;&quot;,&quot;created_timestamp&quot;:&quot;0&quot;,&quot;copyright&quot;:&quot;&quot;,&quot;focal_length&quot;:&quot;0&quot;,&quot;iso&quot;:&quot;0&quot;,&quot;shutter_speed&quot;:&quot;0&quot;,&quot;title&quot;:&quot;&quot;}\" data-image-title=\"tristan 27.3.2011 010_1024x1024_500KB\" data-image-description=\"\" data-medium-file=\"https:\/\/i0.wp.com\/www.dalmatiner-sachsen-anhalt.de\/blog\/wp-content\/uploads\/2011\/03\/tristan-27.3.2011-010_1024x1024_500KB.jpg?fit=300%2C225&#038;ssl=1\" data-large-file=\"https:\/\/i0.wp.com\/www.dalmatiner-sachsen-anhalt.de\/blog\/wp-content\/uploads\/2011\/03\/tristan-27.3.2011-010_1024x1024_500KB.jpg?fit=584%2C438&#038;ssl=1\" src=\"https:\/\/i0.wp.com\/www.dalmatiner-sachsen-anhalt.de\/blog\/wp-content\/uploads\/2011\/03\/tristan-27.3.2011-010_1024x1024_500KB-189x142.jpg\" width=\"189\" height=\"142\" align=\"left\" title=\"tristan 27.3.2011 010_1024x1024_500KB\" \/><\/a><\/div><div class=\"tiled-gallery-item tiled-gallery-item-small\"><a href=\"https:\/\/i0.wp.com\/www.dalmatiner-sachsen-anhalt.de\/blog\/wp-content\/uploads\/2011\/03\/tristan-27.3.2011-009_1024x1024_500KB.jpg?ssl=1\"><img data-attachment-id=\"3446\" data-orig-file=\"https:\/\/www.dalmatiner-sachsen-anhalt.de\/blog\/wp-content\/uploads\/2011\/03\/tristan-27.3.2011-009_1024x1024_500KB.jpg\" data-orig-size=\"1024,768\" data-comments-opened=\"1\" data-image-meta=\"{&quot;aperture&quot;:&quot;0&quot;,&quot;credit&quot;:&quot;&quot;,&quot;camera&quot;:&quot;&quot;,&quot;caption&quot;:&quot;&quot;,&quot;created_timestamp&quot;:&quot;0&quot;,&quot;copyright&quot;:&quot;&quot;,&quot;focal_length&quot;:&quot;0&quot;,&quot;iso&quot;:&quot;0&quot;,&quot;shutter_speed&quot;:&quot;0&quot;,&quot;title&quot;:&quot;&quot;}\" data-image-title=\"tristan 27.3.2011 009_1024x1024_500KB\" data-image-description=\"\" data-medium-file=\"https:\/\/i0.wp.com\/www.dalmatiner-sachsen-anhalt.de\/blog\/wp-content\/uploads\/2011\/03\/tristan-27.3.2011-009_1024x1024_500KB.jpg?fit=300%2C225&#038;ssl=1\" data-large-file=\"https:\/\/i0.wp.com\/www.dalmatiner-sachsen-anhalt.de\/blog\/wp-content\/uploads\/2011\/03\/tristan-27.3.2011-009_1024x1024_500KB.jpg?fit=584%2C438&#038;ssl=1\" src=\"https:\/\/i0.wp.com\/www.dalmatiner-sachsen-anhalt.de\/blog\/wp-content\/uploads\/2011\/03\/tristan-27.3.2011-009_1024x1024_500KB-189x141.jpg\" width=\"189\" height=\"141\" align=\"left\" title=\"tristan 27.3.2011 009_1024x1024_500KB\" \/><\/a><\/div><\/div><\/div><\/div>\n<p style=\"text-align: center;\">Alex\u00a0 &#8211; vielen Dank f&#252;r die Bilder und weiterhin viel Freude mit dem Fleckenzwerg!<\/p>\n","protected":false},"excerpt":{"rendered":"<p>&#8230;gr&#252;&#223;t uns Bastian von den Sandst&#252;cken (Tristan). Er genie&#223;t das Leben auf dem Lande gemeinsam mit seinen 2- und 4- Beinern. Alles ist so interessant, und das Leben steckt voller &#220;berraschungen. Alex\u00a0 &#8211; vielen Dank f&#252;r die Bilder und weiterhin &hellip; <a href=\"https:\/\/www.dalmatiner-sachsen-anhalt.de\/blog\/3443\/\">Continue reading <span class=\"meta-nav\">&rarr;<\/span><\/a><\/p>\n","protected":false},"author":1,"featured_media":0,"comment_status":"open","ping_status":"open","sticky":false,"template":"","format":"standard","meta":{"jetpack_post_was_ever_published":false,"jetpack_publicize_message":"","jetpack_is_tweetstorm":false,"jetpack_publicize_feature_enabled":true,"jetpack_social_post_already_shared":false,"jetpack_social_options":[]},"categories":[677,698,371,3],"tags":[754,35,400],"jetpack_publicize_connections":[],"jetpack_featured_media_url":"","jetpack_shortlink":"https:\/\/wp.me\/px1eF-Tx","jetpack_sharing_enabled":true,"jetpack_likes_enabled":true,"jetpack-related-posts":[{"id":3212,"url":"https:\/\/www.dalmatiner-sachsen-anhalt.de\/blog\/3212\/","url_meta":{"origin":3443,"position":0},"title":"Besuch f&#252;r Bastian","date":"26. Januar 2011","format":false,"excerpt":"Es\u00a0 war wieder lieber Welpenbesuch da und Bastian winkt ein tolles Leben auf einem Bauernhof in Bayern mit vielen anderen Tieren und einer lieben Familie. Wir freuen uns f\u00fcr Bastian.","rel":"","context":"In &quot;B-Wurf&quot;","img":{"alt_text":"","src":"https:\/\/i0.wp.com\/www.dalmatiner-sachsen-anhalt.de\/blog\/wp-content\/uploads\/2011\/01\/Welpen-Tag-40-41_8824.jpg?resize=350%2C200","width":350,"height":200},"classes":[]},{"id":3289,"url":"https:\/\/www.dalmatiner-sachsen-anhalt.de\/blog\/3289\/","url_meta":{"origin":3443,"position":1},"title":"Tschau &#8211; Bastian","date":"12. Februar 2011","format":false,"excerpt":"Fleckenzwerg Bastian verlie\u00df heute als erster Welpe des B- Wurfs unser Rudel. Er hat eine neue und liebe Familie gefunden. Mach's gut, kleiner Bastian. Wir w\u00fcnschen dir alles Gute!","rel":"","context":"In &quot;B-Wurf&quot;","img":{"alt_text":"Bastian-Abschied","src":"https:\/\/i0.wp.com\/www.dalmatiner-sachsen-anhalt.de\/blog\/wp-content\/uploads\/2011\/02\/2011-02-11_9360-1024x681.jpg?resize=350%2C200","width":350,"height":200},"classes":[]},{"id":2983,"url":"https:\/\/www.dalmatiner-sachsen-anhalt.de\/blog\/2983\/","url_meta":{"origin":3443,"position":2},"title":"Gesundes Neues Hundejahr 2011 !!!","date":"1. Januar 2011","format":false,"excerpt":"Allen Freunden und Bekannten und unseren lieben A-chens w\u00fcnschen wir ein frohes und gesundes Neues\u00a0 Hunde-Jahr. Bleibt sch\u00f6n gesund und genie\u00dft das Leben mit Euren Vierbeinern!\u00a0 Getreu dem Motto von Heinz R\u00fchmann:\u00a0 \"Nat\u00fcrlich kann man ohne Hund leben. Es lohnt sich blo\u00df nicht!\" Willkommen 2011\u00a0 !!! Bianca, Ballerina, Baroness, Bandit,\u2026","rel":"","context":"In &quot;A-Wurf&quot;","img":{"alt_text":"","src":"https:\/\/i0.wp.com\/www.dalmatiner-sachsen-anhalt.de\/blog\/wp-content\/uploads\/2011\/01\/welpen-tag-15_7727-1024x681.jpg?resize=350%2C200","width":350,"height":200},"classes":[]},{"id":2950,"url":"https:\/\/www.dalmatiner-sachsen-anhalt.de\/blog\/2950\/","url_meta":{"origin":3443,"position":3},"title":"Offene Augen am 14. Tag","date":"30. Dezember 2010","format":false,"excerpt":"Die Augen \u00f6ffnen sich jetzt. Nun k\u00f6nnen die kleinen Fleckenzwerge alles sehen. Das ist super! Bastian von den Sandst\u00fccken","rel":"","context":"In &quot;B-Wurf&quot;","img":{"alt_text":"bastian offene augen","src":"https:\/\/i0.wp.com\/www.dalmatiner-sachsen-anhalt.de\/blog\/wp-content\/uploads\/2010\/12\/bastian-welpen-tag-14_7598-1024x681.jpg?resize=350%2C200","width":350,"height":200},"classes":[]},{"id":4028,"url":"https:\/\/www.dalmatiner-sachsen-anhalt.de\/blog\/4028\/","url_meta":{"origin":3443,"position":4},"title":"Gr&#252;&#223;e von Bastian vdS, genannt Tristan","date":"22. April 2012","format":false,"excerpt":"erreichten uns gestern aus Bayern, es geht ihm gut, er hat sich pr\u00e4chtig entwickelt und vertr\u00e4gt sich bestens mit Einstein- seinem kaukasischen H\u00fctehundkumpel. Fotos folgen. Wir freuen uns sehr von ihm geh\u00f6rt zu haben und gr\u00fc\u00dfen Alex und Bastian\/ Tristan.","rel":"","context":"In &quot;Allgemein&quot;","img":{"alt_text":"","src":"","width":0,"height":0},"classes":[]},{"id":3149,"url":"https:\/\/www.dalmatiner-sachsen-anhalt.de\/blog\/3149\/","url_meta":{"origin":3443,"position":5},"title":"Stehbild Bastian von den Sandst&#252;cken","date":"16. Januar 2011","format":false,"excerpt":"Wir haben Stehbilder von den B-chen gemacht. Sie sind heute 31 Tage alt und 'mops-fidel'. Weitere Stehbilder werden wir nach und nach ver\u00f6ffentlichen.","rel":"","context":"In &quot;B-Wurf&quot;","img":{"alt_text":"","src":"https:\/\/i0.wp.com\/www.dalmatiner-sachsen-anhalt.de\/blog\/wp-content\/uploads\/2011\/01\/bastian-welpen-tag-31_8425-1024x681.jpg?resize=350%2C200","width":350,"height":200},"classes":[]}],"_links":{"self":[{"href":"https:\/\/www.dalmatiner-sachsen-anhalt.de\/blog\/wp-json\/wp\/v2\/posts\/3443"}],"collection":[{"href":"https:\/\/www.dalmatiner-sachsen-anhalt.de\/blog\/wp-json\/wp\/v2\/posts"}],"about":[{"href":"https:\/\/www.dalmatiner-sachsen-anhalt.de\/blog\/wp-json\/wp\/v2\/types\/post"}],"author":[{"embeddable":true,"href":"https:\/\/www.dalmatiner-sachsen-anhalt.de\/blog\/wp-json\/wp\/v2\/users\/1"}],"replies":[{"embeddable":true,"href":"https:\/\/www.dalmatiner-sachsen-anhalt.de\/blog\/wp-json\/wp\/v2\/comments?post=3443"}],"version-history":[{"count":3,"href":"https:\/\/www.dalmatiner-sachsen-anhalt.de\/blog\/wp-json\/wp\/v2\/posts\/3443\/revisions"}],"predecessor-version":[{"id":3449,"href":"https:\/\/www.dalmatiner-sachsen-anhalt.de\/blog\/wp-json\/wp\/v2\/posts\/3443\/revisions\/3449"}],"wp:attachment":[{"href":"https:\/\/www.dalmatiner-sachsen-anhalt.de\/blog\/wp-json\/wp\/v2\/media?parent=3443"}],"wp:term":[{"taxonomy":"category","embeddable":true,"href":"https:\/\/www.dalmatiner-sachsen-anhalt.de\/blog\/wp-json\/wp\/v2\/categories?post=3443"},{"taxonomy":"post_tag","embeddable":true,"href":"https:\/\/www.dalmatiner-sachsen-anhalt.de\/blog\/wp-json\/wp\/v2\/tags?post=3443"}],"curies":[{"name":"wp","href":"https:\/\/api.w.org\/{rel}","templated":true}]}}