{"id":3520,"date":"2011-05-24T22:48:14","date_gmt":"2011-05-24T20:48:14","guid":{"rendered":"http:\/\/www.dalmatiner-sachsen-anhalt.de\/blog\/?p=3520"},"modified":"2011-05-24T23:03:48","modified_gmt":"2011-05-24T21:03:48","slug":"g-artenarbeit","status":"publish","type":"post","link":"https:\/\/www.dalmatiner-sachsen-anhalt.de\/blog\/3520\/","title":{"rendered":"Gartenarbeit"},"content":{"rendered":"<h3>Vielen Dank f&#252;r die Gr&#252;&#223;e und Bilder aus <strong>Bad Pyrmont<\/strong>. Hier sehen wir <strong><span style=\"color: #0000ff;\">Bennet von den Sandst&#252;cken<\/span><\/strong> (5 Monate alt) &#8211; der bei einer lieben Familie zu Hause ist &#8211; bei der <strong>Gartenarbeit<\/strong>.<\/p>\n<p><a href=\"https:\/\/i0.wp.com\/www.dalmatiner-sachsen-anhalt.de\/blog\/wp-content\/uploads\/2011\/05\/bennet-vdS.jpg?ssl=1\"><img data-attachment-id=\"3521\" data-permalink=\"https:\/\/www.dalmatiner-sachsen-anhalt.de\/blog\/3520\/bennet-vds\/\" data-orig-file=\"https:\/\/i0.wp.com\/www.dalmatiner-sachsen-anhalt.de\/blog\/wp-content\/uploads\/2011\/05\/bennet-vdS.jpg?fit=800%2C531&amp;ssl=1\" data-orig-size=\"800,531\" data-comments-opened=\"1\" data-image-meta=\"{&quot;aperture&quot;:&quot;0&quot;,&quot;credit&quot;:&quot;&quot;,&quot;camera&quot;:&quot;&quot;,&quot;caption&quot;:&quot;&quot;,&quot;created_timestamp&quot;:&quot;0&quot;,&quot;copyright&quot;:&quot;&quot;,&quot;focal_length&quot;:&quot;0&quot;,&quot;iso&quot;:&quot;0&quot;,&quot;shutter_speed&quot;:&quot;0&quot;,&quot;title&quot;:&quot;&quot;}\" data-image-title=\"bennet-vdS\" data-image-description=\"\" data-image-caption=\"\" data-medium-file=\"https:\/\/i0.wp.com\/www.dalmatiner-sachsen-anhalt.de\/blog\/wp-content\/uploads\/2011\/05\/bennet-vdS.jpg?fit=300%2C199&amp;ssl=1\" data-large-file=\"https:\/\/i0.wp.com\/www.dalmatiner-sachsen-anhalt.de\/blog\/wp-content\/uploads\/2011\/05\/bennet-vdS.jpg?fit=584%2C388&amp;ssl=1\" decoding=\"async\" loading=\"lazy\" class=\"aligncenter size-full wp-image-3521\" title=\"bennet-vdS\" src=\"https:\/\/i0.wp.com\/www.dalmatiner-sachsen-anhalt.de\/blog\/wp-content\/uploads\/2011\/05\/bennet-vdS.jpg?resize=505%2C335&#038;ssl=1\" alt=\"Gartenarbeit\" width=\"505\" height=\"335\" srcset=\"https:\/\/i0.wp.com\/www.dalmatiner-sachsen-anhalt.de\/blog\/wp-content\/uploads\/2011\/05\/bennet-vdS.jpg?w=800&amp;ssl=1 800w, https:\/\/i0.wp.com\/www.dalmatiner-sachsen-anhalt.de\/blog\/wp-content\/uploads\/2011\/05\/bennet-vdS.jpg?resize=150%2C99&amp;ssl=1 150w, https:\/\/i0.wp.com\/www.dalmatiner-sachsen-anhalt.de\/blog\/wp-content\/uploads\/2011\/05\/bennet-vdS.jpg?resize=300%2C199&amp;ssl=1 300w\" sizes=\"(max-width: 505px) 100vw, 505px\" data-recalc-dims=\"1\" \/><\/a><\/h3>\n","protected":false},"excerpt":{"rendered":"<p>Vielen Dank f&#252;r die Gr&#252;&#223;e und Bilder aus Bad Pyrmont. Hier sehen wir Bennet von den Sandst&#252;cken (5 Monate alt) &#8211; der bei einer lieben Familie zu Hause ist &#8211; bei der Gartenarbeit.<\/p>\n","protected":false},"author":1,"featured_media":0,"comment_status":"open","ping_status":"open","sticky":false,"template":"","format":"standard","meta":{"jetpack_post_was_ever_published":false,"jetpack_publicize_message":"","jetpack_is_tweetstorm":false,"jetpack_publicize_feature_enabled":true,"jetpack_social_post_already_shared":false,"jetpack_social_options":[]},"categories":[677,730,371],"tags":[837,759,35,39,838,49,234,11,400,94],"jetpack_publicize_connections":[],"jetpack_featured_media_url":"","jetpack_shortlink":"https:\/\/wp.me\/px1eF-UM","jetpack_sharing_enabled":true,"jetpack_likes_enabled":true,"jetpack-related-posts":[{"id":3589,"url":"https:\/\/www.dalmatiner-sachsen-anhalt.de\/blog\/3589\/","url_meta":{"origin":3520,"position":0},"title":"Besuch bei Bennet","date":"19. Juni 2011","format":false,"excerpt":"Wir waren gestern bei Bennet von den Sandst\u00fccken und seiner Familie in Bad Pyrmont. Obwohl das Wetter \"durchwachsen\" war, hatten wir alle einen sehr sch\u00f6nen Tag. Das B-chen hat sich pr\u00e4chtig entwickelt, ist sehr gelehrig, lieb und instinktsicher... Wir bedanken uns bei Peggy und Thomas f\u00fcr die herzliche Aufnahme und\u2026","rel":"","context":"In &quot;B-Wurf&quot;","img":{"alt_text":"","src":"https:\/\/i0.wp.com\/www.dalmatiner-sachsen-anhalt.de\/blog\/wp-content\/uploads\/2011\/06\/bennet_0468-383x255.jpg?resize=350%2C200","width":350,"height":200},"classes":[]},{"id":3406,"url":"https:\/\/www.dalmatiner-sachsen-anhalt.de\/blog\/3406\/","url_meta":{"origin":3520,"position":1},"title":"Mach&#8217;s gut Bennet","date":"12. M&auml;rz 2011","format":false,"excerpt":"Heute wurde Bennet von den Sandst\u00fccken abgeholt, der nun auch eine liebe Familie gefunden hat. Mittlerweile ist er gut in seinem neuen zu Hause angekommen. Wir w\u00fcnschen alles Gute f\u00fcr die Zukunft und freuen uns auf ein Wiedersehen.","rel":"","context":"In &quot;B-Wurf&quot;","img":{"alt_text":"abschied-von bennet","src":"https:\/\/i0.wp.com\/www.dalmatiner-sachsen-anhalt.de\/blog\/wp-content\/uploads\/2011\/03\/bennet_8519-1024x681.jpg?resize=350%2C200","width":350,"height":200},"classes":[]},{"id":3582,"url":"https:\/\/www.dalmatiner-sachsen-anhalt.de\/blog\/3582\/","url_meta":{"origin":3520,"position":2},"title":"Viel Gl&#252;ck in Erfurt!","date":"17. Juni 2011","format":false,"excerpt":"\"Unser\" Ares f\u00e4hrt dieses Wochenende zur Ausstellung nach Erfurt. Wir dr\u00fccken ganz kr\u00e4ftig alle Pfoten und w\u00fcnschen Sabine mit Ares ein sch\u00f6nes Wochenende mit vielen Dalmis und Freunden. Wir werden B-chen Bennet, Beiname \"Baron\" besuchen fahren.","rel":"","context":"In &quot;A-Wurf&quot;","img":{"alt_text":"","src":"https:\/\/i0.wp.com\/www.dalmatiner-sachsen-anhalt.de\/blog\/wp-content\/uploads\/2011\/06\/IMG_0230.jpg?resize=350%2C200","width":350,"height":200},"classes":[]},{"id":5909,"url":"https:\/\/www.dalmatiner-sachsen-anhalt.de\/blog\/5909\/","url_meta":{"origin":3520,"position":3},"title":"Der B-Wurf wird 3","date":"17. Dezember 2013","format":false,"excerpt":"\u00a0 Die B-chen von den Sandst\u00fccken werden heute 3 Jahre alt. Herzlichen Gl\u00fcckwunsch an Ballerina, Bandit, Baroness (Abby), Bastian (Tristan), Bennet und Bianca. La\u00dft Euch heute besonders gut verw\u00f6hnen. Wir freuen uns auf ein Wiedersehen. Liebe Gr\u00fc\u00dfe aus Schermen :-)","rel":"","context":"In &quot;Ballerina&quot;","img":{"alt_text":"dalmatiner-welpen-B-wurf","src":"https:\/\/i0.wp.com\/www.dalmatiner-sachsen-anhalt.de\/blog\/wp-content\/uploads\/2013\/12\/dalmatiner-welpen-B-wurf-1024x681.jpg?resize=350%2C200","width":350,"height":200},"classes":[]},{"id":2958,"url":"https:\/\/www.dalmatiner-sachsen-anhalt.de\/blog\/2958\/","url_meta":{"origin":3520,"position":4},"title":"Viel gesehen","date":"30. Dezember 2010","format":false,"excerpt":"Auch dieser kleine s\u00fc\u00dfe R\u00fcde hat heute schon viel gesehen. Bennet von den Sandst\u00fccken","rel":"","context":"In &quot;B-Wurf&quot;","img":{"alt_text":"Viel gesehen","src":"https:\/\/i0.wp.com\/www.dalmatiner-sachsen-anhalt.de\/blog\/wp-content\/uploads\/2010\/12\/bennet-welpen-tag-14_7571-1024x681.jpg?resize=350%2C200","width":350,"height":200},"classes":[]},{"id":3136,"url":"https:\/\/www.dalmatiner-sachsen-anhalt.de\/blog\/3136\/","url_meta":{"origin":3520,"position":5},"title":"S&#252;&#223;er Flecken-Zwerg","date":"15. Januar 2011","format":false,"excerpt":"Bennet von den Sandst\u00fccken","rel":"","context":"In &quot;B-Wurf&quot;","img":{"alt_text":"flecken-zwerg","src":"https:\/\/i0.wp.com\/www.dalmatiner-sachsen-anhalt.de\/blog\/wp-content\/uploads\/2011\/01\/bennet-Welpen-Tag-29-30_8188-1024x681.jpg?resize=350%2C200","width":350,"height":200},"classes":[]}],"_links":{"self":[{"href":"https:\/\/www.dalmatiner-sachsen-anhalt.de\/blog\/wp-json\/wp\/v2\/posts\/3520"}],"collection":[{"href":"https:\/\/www.dalmatiner-sachsen-anhalt.de\/blog\/wp-json\/wp\/v2\/posts"}],"about":[{"href":"https:\/\/www.dalmatiner-sachsen-anhalt.de\/blog\/wp-json\/wp\/v2\/types\/post"}],"author":[{"embeddable":true,"href":"https:\/\/www.dalmatiner-sachsen-anhalt.de\/blog\/wp-json\/wp\/v2\/users\/1"}],"replies":[{"embeddable":true,"href":"https:\/\/www.dalmatiner-sachsen-anhalt.de\/blog\/wp-json\/wp\/v2\/comments?post=3520"}],"version-history":[{"count":5,"href":"https:\/\/www.dalmatiner-sachsen-anhalt.de\/blog\/wp-json\/wp\/v2\/posts\/3520\/revisions"}],"predecessor-version":[{"id":3524,"href":"https:\/\/www.dalmatiner-sachsen-anhalt.de\/blog\/wp-json\/wp\/v2\/posts\/3520\/revisions\/3524"}],"wp:attachment":[{"href":"https:\/\/www.dalmatiner-sachsen-anhalt.de\/blog\/wp-json\/wp\/v2\/media?parent=3520"}],"wp:term":[{"taxonomy":"category","embeddable":true,"href":"https:\/\/www.dalmatiner-sachsen-anhalt.de\/blog\/wp-json\/wp\/v2\/categories?post=3520"},{"taxonomy":"post_tag","embeddable":true,"href":"https:\/\/www.dalmatiner-sachsen-anhalt.de\/blog\/wp-json\/wp\/v2\/tags?post=3520"}],"curies":[{"name":"wp","href":"https:\/\/api.w.org\/{rel}","templated":true}]}}