{"id":3528,"date":"2011-05-30T18:53:14","date_gmt":"2011-05-30T16:53:14","guid":{"rendered":"http:\/\/www.dalmatiner-sachsen-anhalt.de\/blog\/?p=3528"},"modified":"2011-05-30T21:06:51","modified_gmt":"2011-05-30T19:06:51","slug":"halle-krosigk","status":"publish","type":"post","link":"https:\/\/www.dalmatiner-sachsen-anhalt.de\/blog\/3528\/","title":{"rendered":"Halle Krosigk"},"content":{"rendered":"<h3>Es war ein sehr sch&#246;nes <strong>Ausstellungswochenende zur 21. LGA<\/strong>, bei super-tollem Wetter, 99 Dalmatiner waren gemeldet, 4 davon &#8221; von den Sandst&#252;cken&#8221;. Wir freuen uns &#252;ber die Bewertungen, die unsere Hunde in der Zwischenklasse und bei den Puppies erreichen konnten:<\/h3>\n<blockquote>\n<ul>\n<li>\n<h3 style=\"text-align: left;\"><span style=\"color: #0000ff;\"><strong>Ares vdS &#8211; V2<\/strong><\/span><\/h3>\n<\/li>\n<li style=\"text-align: left;\">\n<h3><strong><span style=\"color: #ff0000;\">Athene vdS &#8211; V3<\/span><\/strong><\/h3>\n<\/li>\n<li style=\"text-align: left;\">\n<h3><strong><span style=\"color: #ff0000;\">Antonia vdS &#8211; V<\/span><\/strong><\/h3>\n<\/li>\n<li>\n<h3 style=\"text-align: left;\"><strong><span style=\"color: #ff0000;\">Bianca vdS &#8211; teilgenommen, 2. Platz<\/span><\/strong><\/h3>\n<\/li>\n<\/ul>\n<\/blockquote>\n<p><img data-attachment-id=\"3529\" data-permalink=\"https:\/\/www.dalmatiner-sachsen-anhalt.de\/blog\/3528\/9052011-krosigk_0515\/\" data-orig-file=\"https:\/\/i0.wp.com\/www.dalmatiner-sachsen-anhalt.de\/blog\/wp-content\/uploads\/2011\/05\/9052011-Krosigk_0515.jpg?fit=1154%2C768&amp;ssl=1\" data-orig-size=\"1154,768\" data-comments-opened=\"1\" data-image-meta=\"{&quot;aperture&quot;:&quot;0&quot;,&quot;credit&quot;:&quot;&quot;,&quot;camera&quot;:&quot;&quot;,&quot;caption&quot;:&quot;&quot;,&quot;created_timestamp&quot;:&quot;0&quot;,&quot;copyright&quot;:&quot;&quot;,&quot;focal_length&quot;:&quot;0&quot;,&quot;iso&quot;:&quot;0&quot;,&quot;shutter_speed&quot;:&quot;0&quot;,&quot;title&quot;:&quot;&quot;}\" data-image-title=\"9052011 Krosigk_0515\" data-image-description=\"\" data-image-caption=\"\" data-medium-file=\"https:\/\/i0.wp.com\/www.dalmatiner-sachsen-anhalt.de\/blog\/wp-content\/uploads\/2011\/05\/9052011-Krosigk_0515.jpg?fit=300%2C199&amp;ssl=1\" data-large-file=\"https:\/\/i0.wp.com\/www.dalmatiner-sachsen-anhalt.de\/blog\/wp-content\/uploads\/2011\/05\/9052011-Krosigk_0515.jpg?fit=584%2C388&amp;ssl=1\" decoding=\"async\" loading=\"lazy\" class=\"aligncenter size-full wp-image-3529\" title=\"9052011 Krosigk_0515\" src=\"https:\/\/i0.wp.com\/www.dalmatiner-sachsen-anhalt.de\/blog\/wp-content\/uploads\/2011\/05\/9052011-Krosigk_0515.jpg?resize=505%2C336&#038;ssl=1\" alt=\"\" width=\"505\" height=\"336\" srcset=\"https:\/\/i0.wp.com\/www.dalmatiner-sachsen-anhalt.de\/blog\/wp-content\/uploads\/2011\/05\/9052011-Krosigk_0515.jpg?w=1154&amp;ssl=1 1154w, https:\/\/i0.wp.com\/www.dalmatiner-sachsen-anhalt.de\/blog\/wp-content\/uploads\/2011\/05\/9052011-Krosigk_0515.jpg?resize=150%2C99&amp;ssl=1 150w, https:\/\/i0.wp.com\/www.dalmatiner-sachsen-anhalt.de\/blog\/wp-content\/uploads\/2011\/05\/9052011-Krosigk_0515.jpg?resize=300%2C199&amp;ssl=1 300w, https:\/\/i0.wp.com\/www.dalmatiner-sachsen-anhalt.de\/blog\/wp-content\/uploads\/2011\/05\/9052011-Krosigk_0515.jpg?resize=1024%2C681&amp;ssl=1 1024w\" sizes=\"(max-width: 505px) 100vw, 505px\" data-recalc-dims=\"1\" \/><\/p>\n<p><span style=\"color: #993300;\"><strong>Weitere Bilder gibt es auf der Seite <a title=\"Bilder von Krosigk\" href=\"https:\/\/www.dalmatiner-sachsen-anhalt.de\/blog\/?page_id=1970\">&#8220;Ausstellungen&#8221;<\/a>.<\/strong><\/span><\/p>\n","protected":false},"excerpt":{"rendered":"<p>Es war ein sehr sch&#246;nes Ausstellungswochenende zur 21. LGA, bei super-tollem Wetter, 99 Dalmatiner waren gemeldet, 4 davon &#8221; von den Sandst&#252;cken&#8221;. Wir freuen uns &#252;ber die Bewertungen, die unsere Hunde in der Zwischenklasse und bei den Puppies erreichen konnten: &hellip; <a href=\"https:\/\/www.dalmatiner-sachsen-anhalt.de\/blog\/3528\/\">Continue reading <span class=\"meta-nav\">&rarr;<\/span><\/a><\/p>\n","protected":false},"author":1,"featured_media":0,"comment_status":"open","ping_status":"open","sticky":false,"template":"","format":"standard","meta":{"jetpack_post_was_ever_published":false,"jetpack_publicize_message":"","jetpack_is_tweetstorm":false,"jetpack_publicize_feature_enabled":true,"jetpack_social_post_already_shared":false,"jetpack_social_options":[]},"categories":[13,111,88,112,391,677,16,371,3],"tags":[841,839,815,684,1292,840,763,842,62],"jetpack_publicize_connections":[],"jetpack_featured_media_url":"","jetpack_shortlink":"https:\/\/wp.me\/px1eF-UU","jetpack_sharing_enabled":true,"jetpack_likes_enabled":true,"jetpack-related-posts":[{"id":4022,"url":"https:\/\/www.dalmatiner-sachsen-anhalt.de\/blog\/4022\/","url_meta":{"origin":3528,"position":0},"title":"Vier M&#228;dels auf gro&#223;er Fahrt","date":"22. April 2012","format":false,"excerpt":"gestern gings los, vier M\u00e4dels: Charlott und Christin mit Athene von den Sandst\u00fccken und Paloma Picasso fuhren nach Dresden um an der heutigen Internationalen Ausstellung gemeinsam mit Sabine und Ares vdS, sowie Maria und Ballerina\u00a0 vdS teilzunehmen. Wir w\u00fcnschen allen viel Erfolg, aber vor allem viel Freude mit unseren Freunden.\u2026","rel":"","context":"In &quot;A-Wurf&quot;","img":{"alt_text":"","src":"https:\/\/i0.wp.com\/www.dalmatiner-sachsen-anhalt.de\/blog\/wp-content\/uploads\/2012\/04\/IMG_0374.jpg?resize=350%2C200","width":350,"height":200},"classes":[]},{"id":5553,"url":"https:\/\/www.dalmatiner-sachsen-anhalt.de\/blog\/5553\/","url_meta":{"origin":3528,"position":1},"title":"Athene vdS in Krosigk","date":"27. Mai 2013","format":false,"excerpt":"Athene von den Sandst\u00fccken belegte den 3.Platz V3 (Exc3) von 15 wundersch\u00f6nen H\u00fcndinnen in der offenen Klasse in Krosigk. Wir freuen uns sehr \u00fcber unsere junge Mama. und gratulieren allen Platzierten.","rel":"","context":"In &quot;A-Wurf&quot;","img":{"alt_text":"athene vds v3 krosigk","src":"https:\/\/i0.wp.com\/www.dalmatiner-sachsen-anhalt.de\/blog\/wp-content\/uploads\/2013\/05\/IMG_4378-1024x681.jpg?resize=350%2C200","width":350,"height":200},"classes":[]},{"id":2354,"url":"https:\/\/www.dalmatiner-sachsen-anhalt.de\/blog\/2354\/","url_meta":{"origin":3528,"position":2},"title":"1. Geburtstag","date":"8. Juni 2010","format":false,"excerpt":"Unser A- Wurf wird heute genau ein Jahr alt. HERZLICHE GL\u00dcCKW\u00dcNSCHE gehen an Ares, Amigo, Aslan, Aaron, Attila, Athene, Antonia und Amelie! Bleibt sch\u00f6n gesund und lasst Euch heute von Euren 2- Beinern ganz besonders gut verw\u00f6hnen.","rel":"","context":"In &quot;A-Wurf&quot;","img":{"alt_text":"","src":"https:\/\/i0.wp.com\/www.dalmatiner-sachsen-anhalt.de\/blog\/wp-content\/uploads\/2010\/06\/welpen-tag42_1392-1024x683.jpg?resize=350%2C200","width":350,"height":200},"classes":[]},{"id":2641,"url":"https:\/\/www.dalmatiner-sachsen-anhalt.de\/blog\/2641\/","url_meta":{"origin":3528,"position":3},"title":"Landeszuchtschau Kleinziethen","date":"5. September 2010","format":false,"excerpt":"Ares von den Sandst\u00fccken erreichte hier ein \"SG3\". Wir freuen uns und danken Sabine f\u00fcr die sch\u00f6ne Pr\u00e4sentation. ...und unsere Athene vdS erreichte diesmal ein \"SG4\". Gut gemacht, Andrea!","rel":"","context":"In &quot;A-Wurf&quot;","img":{"alt_text":"ares in kleinziethen 2010","src":"https:\/\/i0.wp.com\/www.dalmatiner-sachsen-anhalt.de\/blog\/wp-content\/uploads\/2010\/09\/IMG_2344.jpg?resize=350%2C200","width":350,"height":200},"classes":[]},{"id":4367,"url":"https:\/\/www.dalmatiner-sachsen-anhalt.de\/blog\/4367\/","url_meta":{"origin":3528,"position":4},"title":"Annaberg Rassehundegemeinschaftsausstellung &#8211; die Letzte","date":"6. Dezember 2012","format":false,"excerpt":"Am 30.11.12 erreichte unsere Athene in Annaberg ein V1 von sieben H\u00fcndinnen in der offenen Klasse, wir sind stolz auf unsere Maus. Bennet vdS erhielt ein G. Am 01.12.12 erreichte Athene ein V3 von neun H\u00fcndinnen in der offenen Klasse und Schwester Antonia vdS ein SG. Es war ein sch\u00f6nes\u2026","rel":"","context":"In &quot;A-Wurf&quot;","img":{"alt_text":"","src":"https:\/\/i0.wp.com\/www.dalmatiner-sachsen-anhalt.de\/blog\/wp-content\/uploads\/2012\/12\/IMG_9528-383x255.jpg?resize=350%2C200","width":350,"height":200},"classes":[]},{"id":6824,"url":"https:\/\/www.dalmatiner-sachsen-anhalt.de\/blog\/6824\/","url_meta":{"origin":3528,"position":5},"title":"Herzliche Gl&#252;ckw&#252;nsche&#8230;","date":"8. Juni 2018","format":false,"excerpt":"\u00a0 gehen auf die Reise zu Ares, Amigo, Aslan, Aaron, Attila, Antonia, Amelie und Athene von den Sandst\u00fccken. Der A-Wurf wird heute 9 Jahre alt. La\u00dft Euch sch\u00f6n verw\u00f6hnen, Ihr Fellnasen.","rel":"","context":"In &quot;A-Wurf&quot;","img":{"alt_text":"A-Wurf Tag 47","src":"https:\/\/i0.wp.com\/www.dalmatiner-sachsen-anhalt.de\/blog\/wp-content\/uploads\/2018\/06\/welpen-tag47_1799-1024x684.jpg?resize=350%2C200","width":350,"height":200},"classes":[]}],"_links":{"self":[{"href":"https:\/\/www.dalmatiner-sachsen-anhalt.de\/blog\/wp-json\/wp\/v2\/posts\/3528"}],"collection":[{"href":"https:\/\/www.dalmatiner-sachsen-anhalt.de\/blog\/wp-json\/wp\/v2\/posts"}],"about":[{"href":"https:\/\/www.dalmatiner-sachsen-anhalt.de\/blog\/wp-json\/wp\/v2\/types\/post"}],"author":[{"embeddable":true,"href":"https:\/\/www.dalmatiner-sachsen-anhalt.de\/blog\/wp-json\/wp\/v2\/users\/1"}],"replies":[{"embeddable":true,"href":"https:\/\/www.dalmatiner-sachsen-anhalt.de\/blog\/wp-json\/wp\/v2\/comments?post=3528"}],"version-history":[{"count":7,"href":"https:\/\/www.dalmatiner-sachsen-anhalt.de\/blog\/wp-json\/wp\/v2\/posts\/3528\/revisions"}],"predecessor-version":[{"id":3534,"href":"https:\/\/www.dalmatiner-sachsen-anhalt.de\/blog\/wp-json\/wp\/v2\/posts\/3528\/revisions\/3534"}],"wp:attachment":[{"href":"https:\/\/www.dalmatiner-sachsen-anhalt.de\/blog\/wp-json\/wp\/v2\/media?parent=3528"}],"wp:term":[{"taxonomy":"category","embeddable":true,"href":"https:\/\/www.dalmatiner-sachsen-anhalt.de\/blog\/wp-json\/wp\/v2\/categories?post=3528"},{"taxonomy":"post_tag","embeddable":true,"href":"https:\/\/www.dalmatiner-sachsen-anhalt.de\/blog\/wp-json\/wp\/v2\/tags?post=3528"}],"curies":[{"name":"wp","href":"https:\/\/api.w.org\/{rel}","templated":true}]}}