{"id":3566,"date":"2011-06-13T18:07:45","date_gmt":"2011-06-13T16:07:45","guid":{"rendered":"http:\/\/www.dalmatiner-sachsen-anhalt.de\/blog\/?p=3566"},"modified":"2011-06-13T18:07:45","modified_gmt":"2011-06-13T16:07:45","slug":"ballerina-von-den-sandstucken","status":"publish","type":"post","link":"https:\/\/www.dalmatiner-sachsen-anhalt.de\/blog\/3566\/","title":{"rendered":"Ballerina von den Sandst&#252;cken"},"content":{"rendered":"<h3>Ein freudiges Wiedersehen fand zu Pfingsten zwischen Mama Hummel und den Halbgeschwistern Athene und Ballerina statt. Es wurde ausgiebig getobt und gekuschelt.<\/h3>\n<div data-carousel-extra='{\"blog_id\":1,\"permalink\":\"https:\\\/\\\/www.dalmatiner-sachsen-anhalt.de\\\/blog\\\/3566\\\/\"}' class=\"tiled-gallery type-rectangular\" data-original-width=\"584\"><div class=\"gallery-row\" style=\"width: 579px; height: 255px;\"><div class=\"gallery-group images-1\" style=\"width: 387px; height: 259px;\"><div class=\"tiled-gallery-item tiled-gallery-item-large\"><a href=\"https:\/\/i0.wp.com\/www.dalmatiner-sachsen-anhalt.de\/blog\/wp-content\/uploads\/2011\/06\/IMG_0093.jpg?ssl=1\"><img data-attachment-id=\"3568\" data-orig-file=\"https:\/\/www.dalmatiner-sachsen-anhalt.de\/blog\/wp-content\/uploads\/2011\/06\/IMG_0093.jpg\" data-orig-size=\"1154,768\" data-comments-opened=\"1\" data-image-meta=\"{&quot;aperture&quot;:&quot;0&quot;,&quot;credit&quot;:&quot;&quot;,&quot;camera&quot;:&quot;&quot;,&quot;caption&quot;:&quot;&quot;,&quot;created_timestamp&quot;:&quot;0&quot;,&quot;copyright&quot;:&quot;&quot;,&quot;focal_length&quot;:&quot;0&quot;,&quot;iso&quot;:&quot;0&quot;,&quot;shutter_speed&quot;:&quot;0&quot;,&quot;title&quot;:&quot;&quot;}\" data-image-title=\"IMG_0093\" data-image-description=\"\" data-medium-file=\"https:\/\/i0.wp.com\/www.dalmatiner-sachsen-anhalt.de\/blog\/wp-content\/uploads\/2011\/06\/IMG_0093.jpg?fit=300%2C199&#038;ssl=1\" data-large-file=\"https:\/\/i0.wp.com\/www.dalmatiner-sachsen-anhalt.de\/blog\/wp-content\/uploads\/2011\/06\/IMG_0093.jpg?fit=584%2C388&#038;ssl=1\" src=\"https:\/\/i0.wp.com\/www.dalmatiner-sachsen-anhalt.de\/blog\/wp-content\/uploads\/2011\/06\/IMG_0093-383x255.jpg\" width=\"383\" height=\"255\" align=\"left\" title=\"IMG_0093\" \/><\/a><\/div><\/div><div class=\"gallery-group images-2\" style=\"width: 192px; height: 259px;\"><div class=\"tiled-gallery-item tiled-gallery-item-small\"><a href=\"https:\/\/i0.wp.com\/www.dalmatiner-sachsen-anhalt.de\/blog\/wp-content\/uploads\/2011\/06\/IMG_0144.jpg?ssl=1\"><img data-attachment-id=\"3567\" data-orig-file=\"https:\/\/www.dalmatiner-sachsen-anhalt.de\/blog\/wp-content\/uploads\/2011\/06\/IMG_0144.jpg\" data-orig-size=\"1154,768\" data-comments-opened=\"1\" data-image-meta=\"{&quot;aperture&quot;:&quot;0&quot;,&quot;credit&quot;:&quot;&quot;,&quot;camera&quot;:&quot;&quot;,&quot;caption&quot;:&quot;&quot;,&quot;created_timestamp&quot;:&quot;0&quot;,&quot;copyright&quot;:&quot;&quot;,&quot;focal_length&quot;:&quot;0&quot;,&quot;iso&quot;:&quot;0&quot;,&quot;shutter_speed&quot;:&quot;0&quot;,&quot;title&quot;:&quot;&quot;}\" data-image-title=\"IMG_0144\" data-image-description=\"\" data-medium-file=\"https:\/\/i0.wp.com\/www.dalmatiner-sachsen-anhalt.de\/blog\/wp-content\/uploads\/2011\/06\/IMG_0144.jpg?fit=300%2C199&#038;ssl=1\" data-large-file=\"https:\/\/i0.wp.com\/www.dalmatiner-sachsen-anhalt.de\/blog\/wp-content\/uploads\/2011\/06\/IMG_0144.jpg?fit=584%2C388&#038;ssl=1\" src=\"https:\/\/i0.wp.com\/www.dalmatiner-sachsen-anhalt.de\/blog\/wp-content\/uploads\/2011\/06\/IMG_0144-188x126.jpg\" width=\"188\" height=\"126\" align=\"left\" title=\"IMG_0144\" \/><\/a><\/div><div class=\"tiled-gallery-item tiled-gallery-item-small\"><a href=\"https:\/\/i0.wp.com\/www.dalmatiner-sachsen-anhalt.de\/blog\/wp-content\/uploads\/2011\/06\/IMG_0096.jpg?ssl=1\"><img data-attachment-id=\"3569\" data-orig-file=\"https:\/\/www.dalmatiner-sachsen-anhalt.de\/blog\/wp-content\/uploads\/2011\/06\/IMG_0096.jpg\" data-orig-size=\"1154,768\" data-comments-opened=\"1\" data-image-meta=\"{&quot;aperture&quot;:&quot;0&quot;,&quot;credit&quot;:&quot;&quot;,&quot;camera&quot;:&quot;&quot;,&quot;caption&quot;:&quot;&quot;,&quot;created_timestamp&quot;:&quot;0&quot;,&quot;copyright&quot;:&quot;&quot;,&quot;focal_length&quot;:&quot;0&quot;,&quot;iso&quot;:&quot;0&quot;,&quot;shutter_speed&quot;:&quot;0&quot;,&quot;title&quot;:&quot;&quot;}\" data-image-title=\"IMG_0096\" data-image-description=\"\" data-medium-file=\"https:\/\/i0.wp.com\/www.dalmatiner-sachsen-anhalt.de\/blog\/wp-content\/uploads\/2011\/06\/IMG_0096.jpg?fit=300%2C199&#038;ssl=1\" data-large-file=\"https:\/\/i0.wp.com\/www.dalmatiner-sachsen-anhalt.de\/blog\/wp-content\/uploads\/2011\/06\/IMG_0096.jpg?fit=584%2C388&#038;ssl=1\" src=\"https:\/\/i0.wp.com\/www.dalmatiner-sachsen-anhalt.de\/blog\/wp-content\/uploads\/2011\/06\/IMG_0096-188x125.jpg\" width=\"188\" height=\"125\" align=\"left\" title=\"IMG_0096\" \/><\/a><\/div><\/div><\/div><\/div>\n","protected":false},"excerpt":{"rendered":"<p>Ein freudiges Wiedersehen fand zu Pfingsten zwischen Mama Hummel und den Halbgeschwistern Athene und Ballerina statt. Es wurde ausgiebig getobt und gekuschelt.<\/p>\n","protected":false},"author":1,"featured_media":0,"comment_status":"open","ping_status":"open","sticky":false,"template":"","format":"standard","meta":{"jetpack_post_was_ever_published":false,"jetpack_publicize_message":"","jetpack_is_tweetstorm":false,"jetpack_publicize_feature_enabled":true,"jetpack_social_post_already_shared":false,"jetpack_social_options":[]},"categories":[13,1,112,677,709,113,3],"tags":[846,35,305],"jetpack_publicize_connections":[],"jetpack_featured_media_url":"","jetpack_shortlink":"https:\/\/wp.me\/px1eF-Vw","jetpack_sharing_enabled":true,"jetpack_likes_enabled":true,"jetpack-related-posts":[{"id":4022,"url":"https:\/\/www.dalmatiner-sachsen-anhalt.de\/blog\/4022\/","url_meta":{"origin":3566,"position":0},"title":"Vier M&#228;dels auf gro&#223;er Fahrt","date":"22. April 2012","format":false,"excerpt":"gestern gings los, vier M\u00e4dels: Charlott und Christin mit Athene von den Sandst\u00fccken und Paloma Picasso fuhren nach Dresden um an der heutigen Internationalen Ausstellung gemeinsam mit Sabine und Ares vdS, sowie Maria und Ballerina\u00a0 vdS teilzunehmen. Wir w\u00fcnschen allen viel Erfolg, aber vor allem viel Freude mit unseren Freunden.\u2026","rel":"","context":"In &quot;A-Wurf&quot;","img":{"alt_text":"","src":"https:\/\/i0.wp.com\/www.dalmatiner-sachsen-anhalt.de\/blog\/wp-content\/uploads\/2012\/04\/IMG_0374.jpg?resize=350%2C200","width":350,"height":200},"classes":[]},{"id":4033,"url":"https:\/\/www.dalmatiner-sachsen-anhalt.de\/blog\/4033\/","url_meta":{"origin":3566,"position":1},"title":"Ausstellung Dresden 2012","date":"23. April 2012","format":false,"excerpt":"Viel Spass hatten unsere M\u00e4dels in Dresden. Ares erhielt ein V3, Athene und Ballerina eine sehr gute Bewertung ohne Platzierung.","rel":"","context":"In &quot;A-Wurf&quot;","img":{"alt_text":"","src":"https:\/\/i0.wp.com\/www.dalmatiner-sachsen-anhalt.de\/blog\/wp-content\/uploads\/2012\/04\/CIMG2021-365x274.jpg?resize=350%2C200","width":350,"height":200},"classes":[]},{"id":2983,"url":"https:\/\/www.dalmatiner-sachsen-anhalt.de\/blog\/2983\/","url_meta":{"origin":3566,"position":2},"title":"Gesundes Neues Hundejahr 2011 !!!","date":"1. Januar 2011","format":false,"excerpt":"Allen Freunden und Bekannten und unseren lieben A-chens w\u00fcnschen wir ein frohes und gesundes Neues\u00a0 Hunde-Jahr. Bleibt sch\u00f6n gesund und genie\u00dft das Leben mit Euren Vierbeinern!\u00a0 Getreu dem Motto von Heinz R\u00fchmann:\u00a0 \"Nat\u00fcrlich kann man ohne Hund leben. Es lohnt sich blo\u00df nicht!\" Willkommen 2011\u00a0 !!! Bianca, Ballerina, Baroness, Bandit,\u2026","rel":"","context":"In &quot;A-Wurf&quot;","img":{"alt_text":"","src":"https:\/\/i0.wp.com\/www.dalmatiner-sachsen-anhalt.de\/blog\/wp-content\/uploads\/2011\/01\/welpen-tag-15_7727-1024x681.jpg?resize=350%2C200","width":350,"height":200},"classes":[]},{"id":4470,"url":"https:\/\/www.dalmatiner-sachsen-anhalt.de\/blog\/4470\/","url_meta":{"origin":3566,"position":3},"title":"Herzlichen Gl&#252;ckwunsch","date":"17. Dezember 2012","format":false,"excerpt":"Der B- Wurf \"Von den Sandst\u00fccken\" wird heute 2 Jahre alt. Wir w\u00fcnschen Bianca, Ballerina, Baronesse (Abby) sowie Bandit, Bastian (Tristan) und Bennet alles Gute und weiterhin viel Freude bei ihren Familien. Andrea, Axel, Charlott, Christin, Felix & Hummel und Athene.","rel":"","context":"In &quot;B-Wurf&quot;","img":{"alt_text":"","src":"","width":0,"height":0},"classes":[]},{"id":4292,"url":"https:\/\/www.dalmatiner-sachsen-anhalt.de\/blog\/4292\/","url_meta":{"origin":3566,"position":4},"title":"Dalmatiner-Spezial-Ausstellung Tremmersdorf 2012","date":"16. Juli 2012","format":false,"excerpt":"Tremmersdorf war wiedermal eine tolle Ausstellung. Athene von den Sandst\u00fccken konnte in der OKl ein V3 erreichen und Ballerina von den Sandst\u00fccken belegte Platz 1 in der FunKl (Ohrenplatte). Unser Dank geht an Maria, die ihre Ballerina sehr gut pr\u00e4sentiert hat. Danke auch an unsere Tochter Christin f\u00fcr die (nun\u2026","rel":"","context":"In &quot;Athene&quot;","img":{"alt_text":"","src":"https:\/\/i0.wp.com\/www.dalmatiner-sachsen-anhalt.de\/blog\/wp-content\/uploads\/2012\/07\/IMG_6592-383x255.jpg?resize=350%2C200","width":350,"height":200},"classes":[]},{"id":3245,"url":"https:\/\/www.dalmatiner-sachsen-anhalt.de\/blog\/3245\/","url_meta":{"origin":3566,"position":5},"title":"Unterordnung","date":"30. Januar 2011","format":false,"excerpt":"Die B-chen von den Sandst\u00fccken bekamen eine Unterweisung zur Rangordnung beim Fressen.Hummel und Athene zeigten ihnen, wer den Kehlkopf zuerst fressen darf und dass man nicht einfach so alles haben darf. Unterordnung ist nicht einfach, aber die Welpen m\u00fcssen es lernen. Also sch\u00f6n anstellen und abwarten, ob etwas \u00fcbrig bleibt\u2026","rel":"","context":"In &quot;Athene&quot;","img":{"alt_text":"","src":"","width":0,"height":0},"classes":[]}],"_links":{"self":[{"href":"https:\/\/www.dalmatiner-sachsen-anhalt.de\/blog\/wp-json\/wp\/v2\/posts\/3566"}],"collection":[{"href":"https:\/\/www.dalmatiner-sachsen-anhalt.de\/blog\/wp-json\/wp\/v2\/posts"}],"about":[{"href":"https:\/\/www.dalmatiner-sachsen-anhalt.de\/blog\/wp-json\/wp\/v2\/types\/post"}],"author":[{"embeddable":true,"href":"https:\/\/www.dalmatiner-sachsen-anhalt.de\/blog\/wp-json\/wp\/v2\/users\/1"}],"replies":[{"embeddable":true,"href":"https:\/\/www.dalmatiner-sachsen-anhalt.de\/blog\/wp-json\/wp\/v2\/comments?post=3566"}],"version-history":[{"count":2,"href":"https:\/\/www.dalmatiner-sachsen-anhalt.de\/blog\/wp-json\/wp\/v2\/posts\/3566\/revisions"}],"predecessor-version":[{"id":3571,"href":"https:\/\/www.dalmatiner-sachsen-anhalt.de\/blog\/wp-json\/wp\/v2\/posts\/3566\/revisions\/3571"}],"wp:attachment":[{"href":"https:\/\/www.dalmatiner-sachsen-anhalt.de\/blog\/wp-json\/wp\/v2\/media?parent=3566"}],"wp:term":[{"taxonomy":"category","embeddable":true,"href":"https:\/\/www.dalmatiner-sachsen-anhalt.de\/blog\/wp-json\/wp\/v2\/categories?post=3566"},{"taxonomy":"post_tag","embeddable":true,"href":"https:\/\/www.dalmatiner-sachsen-anhalt.de\/blog\/wp-json\/wp\/v2\/tags?post=3566"}],"curies":[{"name":"wp","href":"https:\/\/api.w.org\/{rel}","templated":true}]}}