{"id":3582,"date":"2011-06-17T20:29:48","date_gmt":"2011-06-17T18:29:48","guid":{"rendered":"http:\/\/www.dalmatiner-sachsen-anhalt.de\/blog\/?p=3582"},"modified":"2011-06-17T21:51:42","modified_gmt":"2011-06-17T19:51:42","slug":"viel-gluck-in-erfurt","status":"publish","type":"post","link":"https:\/\/www.dalmatiner-sachsen-anhalt.de\/blog\/3582\/","title":{"rendered":"Viel Gl&#252;ck in Erfurt!"},"content":{"rendered":"<h3>&#8220;Unser&#8221; <span style=\"color: #0000ff;\"><strong>Ares <\/strong><\/span>f&#228;hrt dieses Wochenende zur Ausstellung nach Erfurt. Wir dr&#252;cken ganz kr&#228;ftig alle Pfoten und w&#252;nschen <strong>Sabine mit Ares <\/strong>ein sch&#246;nes Wochenende mit vielen Dalmis und Freunden.<\/h3>\n<p><a href=\"https:\/\/i0.wp.com\/www.dalmatiner-sachsen-anhalt.de\/blog\/wp-content\/uploads\/2011\/06\/IMG_0230.jpg?ssl=1\"><img data-attachment-id=\"3583\" data-permalink=\"https:\/\/www.dalmatiner-sachsen-anhalt.de\/blog\/3582\/img_0230\/\" data-orig-file=\"https:\/\/i0.wp.com\/www.dalmatiner-sachsen-anhalt.de\/blog\/wp-content\/uploads\/2011\/06\/IMG_0230.jpg?fit=1154%2C768&amp;ssl=1\" data-orig-size=\"1154,768\" data-comments-opened=\"1\" data-image-meta=\"{&quot;aperture&quot;:&quot;0&quot;,&quot;credit&quot;:&quot;&quot;,&quot;camera&quot;:&quot;&quot;,&quot;caption&quot;:&quot;&quot;,&quot;created_timestamp&quot;:&quot;0&quot;,&quot;copyright&quot;:&quot;&quot;,&quot;focal_length&quot;:&quot;0&quot;,&quot;iso&quot;:&quot;0&quot;,&quot;shutter_speed&quot;:&quot;0&quot;,&quot;title&quot;:&quot;&quot;}\" data-image-title=\"IMG_0230\" data-image-description=\"\" data-image-caption=\"\" data-medium-file=\"https:\/\/i0.wp.com\/www.dalmatiner-sachsen-anhalt.de\/blog\/wp-content\/uploads\/2011\/06\/IMG_0230.jpg?fit=300%2C199&amp;ssl=1\" data-large-file=\"https:\/\/i0.wp.com\/www.dalmatiner-sachsen-anhalt.de\/blog\/wp-content\/uploads\/2011\/06\/IMG_0230.jpg?fit=584%2C388&amp;ssl=1\" decoding=\"async\" loading=\"lazy\" class=\"aligncenter size-full wp-image-3583\" title=\"IMG_0230\" src=\"https:\/\/i0.wp.com\/www.dalmatiner-sachsen-anhalt.de\/blog\/wp-content\/uploads\/2011\/06\/IMG_0230.jpg?resize=505%2C336&#038;ssl=1\" alt=\"\" width=\"505\" height=\"336\" srcset=\"https:\/\/i0.wp.com\/www.dalmatiner-sachsen-anhalt.de\/blog\/wp-content\/uploads\/2011\/06\/IMG_0230.jpg?w=1154&amp;ssl=1 1154w, https:\/\/i0.wp.com\/www.dalmatiner-sachsen-anhalt.de\/blog\/wp-content\/uploads\/2011\/06\/IMG_0230.jpg?resize=150%2C99&amp;ssl=1 150w, https:\/\/i0.wp.com\/www.dalmatiner-sachsen-anhalt.de\/blog\/wp-content\/uploads\/2011\/06\/IMG_0230.jpg?resize=300%2C199&amp;ssl=1 300w, https:\/\/i0.wp.com\/www.dalmatiner-sachsen-anhalt.de\/blog\/wp-content\/uploads\/2011\/06\/IMG_0230.jpg?resize=1024%2C681&amp;ssl=1 1024w\" sizes=\"(max-width: 505px) 100vw, 505px\" data-recalc-dims=\"1\" \/><\/a><\/p>\n<p>Wir werden B-chen <span style=\"color: #0000ff;\"><strong>Bennet<\/strong><\/span>, Beiname &#8220;Baron&#8221; besuchen fahren.<\/p>\n","protected":false},"excerpt":{"rendered":"<p>&#8220;Unser&#8221; Ares f&#228;hrt dieses Wochenende zur Ausstellung nach Erfurt. Wir dr&#252;cken ganz kr&#228;ftig alle Pfoten und w&#252;nschen Sabine mit Ares ein sch&#246;nes Wochenende mit vielen Dalmis und Freunden. Wir werden B-chen Bennet, Beiname &#8220;Baron&#8221; besuchen fahren.<\/p>\n","protected":false},"author":1,"featured_media":0,"comment_status":"open","ping_status":"open","sticky":false,"template":"","format":"standard","meta":{"jetpack_post_was_ever_published":false,"jetpack_publicize_message":"","jetpack_is_tweetstorm":false,"jetpack_publicize_feature_enabled":true,"jetpack_social_post_already_shared":false,"jetpack_social_options":[]},"categories":[13,88,391,677,730,371],"tags":[513,711,693,1299,388,7],"jetpack_publicize_connections":[],"jetpack_featured_media_url":"","jetpack_shortlink":"https:\/\/wp.me\/px1eF-VM","jetpack_sharing_enabled":true,"jetpack_likes_enabled":true,"jetpack-related-posts":[{"id":3601,"url":"https:\/\/www.dalmatiner-sachsen-anhalt.de\/blog\/3601\/","url_meta":{"origin":3582,"position":0},"title":"Ausstellung Erfurt 2011","date":"21. Juni 2011","format":false,"excerpt":"Schoko-B\u00e4r Ares von den Sandst\u00fccken erhielt in Erfurt (CAC\/IRA) 2 x SG4. Wir freuen uns dar\u00fcber und danken Sabine f\u00fcr die souver\u00e4ne Pr\u00e4sentation (und die Bilder) :-) Abschlie\u00dfend gab es f\u00fcr Ares noch etwas \"Vitaminreiches\"","rel":"","context":"In &quot;A-Wurf&quot;","img":{"alt_text":"","src":"https:\/\/i0.wp.com\/www.dalmatiner-sachsen-anhalt.de\/blog\/wp-content\/uploads\/2011\/06\/Erfurt-023-383x255.jpg?resize=350%2C200","width":350,"height":200},"classes":[]},{"id":4367,"url":"https:\/\/www.dalmatiner-sachsen-anhalt.de\/blog\/4367\/","url_meta":{"origin":3582,"position":1},"title":"Annaberg Rassehundegemeinschaftsausstellung &#8211; die Letzte","date":"6. Dezember 2012","format":false,"excerpt":"Am 30.11.12 erreichte unsere Athene in Annaberg ein V1 von sieben H\u00fcndinnen in der offenen Klasse, wir sind stolz auf unsere Maus. Bennet vdS erhielt ein G. Am 01.12.12 erreichte Athene ein V3 von neun H\u00fcndinnen in der offenen Klasse und Schwester Antonia vdS ein SG. Es war ein sch\u00f6nes\u2026","rel":"","context":"In &quot;A-Wurf&quot;","img":{"alt_text":"","src":"https:\/\/i0.wp.com\/www.dalmatiner-sachsen-anhalt.de\/blog\/wp-content\/uploads\/2012\/12\/IMG_9557-383x255.jpg?resize=350%2C200","width":350,"height":200},"classes":[]},{"id":3461,"url":"https:\/\/www.dalmatiner-sachsen-anhalt.de\/blog\/3461\/","url_meta":{"origin":3582,"position":2},"title":"Ares vdS &#8211; IRA Berlin","date":"5. April 2011","format":false,"excerpt":"Herzlichen Gl\u00fcckwunsch f\u00fcr Ares vdS, der mit seinen 22 Monaten am vergangenen Wochenende - auf der IRA Berlin - ein V1 erreicht hat. Wir freuen uns mit Sabine, Remo und Nina. Danke f\u00fcr die Bilder und f\u00fcr die tolle Pr\u00e4sentation von Ares. \u00a0","rel":"","context":"In &quot;A-Wurf&quot;","img":{"alt_text":"","src":"https:\/\/i0.wp.com\/www.dalmatiner-sachsen-anhalt.de\/blog\/wp-content\/uploads\/2011\/04\/Ares-vdS.jpg?resize=350%2C200","width":350,"height":200},"classes":[]},{"id":1594,"url":"https:\/\/www.dalmatiner-sachsen-anhalt.de\/blog\/1594\/","url_meta":{"origin":3582,"position":3},"title":"Alle Z&#228;hne sind schon da&#8230;","date":"29. November 2009","format":false,"excerpt":"alle Z\u00e4hne, alle. ANTONIA, ATHENE und ARES sind vollzahnig. Das konnte von Andrea Mix auf der Rassehundeausstellung am Wochenende in Annaberg-Buchholz festgestellt werden. Vielen lieben Dank daf\u00fcr. Wir freuen uns sehr.","rel":"","context":"In &quot;A-Wurf&quot;","img":{"alt_text":"vollzahnig","src":"https:\/\/i0.wp.com\/www.dalmatiner-sachsen-anhalt.de\/blog\/wp-content\/uploads\/2009\/11\/IMG_0866-1024x681.jpg?resize=350%2C200","width":350,"height":200},"classes":[]},{"id":4033,"url":"https:\/\/www.dalmatiner-sachsen-anhalt.de\/blog\/4033\/","url_meta":{"origin":3582,"position":4},"title":"Ausstellung Dresden 2012","date":"23. April 2012","format":false,"excerpt":"Viel Spass hatten unsere M\u00e4dels in Dresden. Ares erhielt ein V3, Athene und Ballerina eine sehr gute Bewertung ohne Platzierung.","rel":"","context":"In &quot;A-Wurf&quot;","img":{"alt_text":"","src":"https:\/\/i0.wp.com\/www.dalmatiner-sachsen-anhalt.de\/blog\/wp-content\/uploads\/2012\/04\/CIMG1981-304x405.jpg?resize=350%2C200","width":350,"height":200},"classes":[]},{"id":4022,"url":"https:\/\/www.dalmatiner-sachsen-anhalt.de\/blog\/4022\/","url_meta":{"origin":3582,"position":5},"title":"Vier M&#228;dels auf gro&#223;er Fahrt","date":"22. April 2012","format":false,"excerpt":"gestern gings los, vier M\u00e4dels: Charlott und Christin mit Athene von den Sandst\u00fccken und Paloma Picasso fuhren nach Dresden um an der heutigen Internationalen Ausstellung gemeinsam mit Sabine und Ares vdS, sowie Maria und Ballerina\u00a0 vdS teilzunehmen. Wir w\u00fcnschen allen viel Erfolg, aber vor allem viel Freude mit unseren Freunden.\u2026","rel":"","context":"In &quot;A-Wurf&quot;","img":{"alt_text":"","src":"https:\/\/i0.wp.com\/www.dalmatiner-sachsen-anhalt.de\/blog\/wp-content\/uploads\/2012\/04\/IMG_0374.jpg?resize=350%2C200","width":350,"height":200},"classes":[]}],"_links":{"self":[{"href":"https:\/\/www.dalmatiner-sachsen-anhalt.de\/blog\/wp-json\/wp\/v2\/posts\/3582"}],"collection":[{"href":"https:\/\/www.dalmatiner-sachsen-anhalt.de\/blog\/wp-json\/wp\/v2\/posts"}],"about":[{"href":"https:\/\/www.dalmatiner-sachsen-anhalt.de\/blog\/wp-json\/wp\/v2\/types\/post"}],"author":[{"embeddable":true,"href":"https:\/\/www.dalmatiner-sachsen-anhalt.de\/blog\/wp-json\/wp\/v2\/users\/1"}],"replies":[{"embeddable":true,"href":"https:\/\/www.dalmatiner-sachsen-anhalt.de\/blog\/wp-json\/wp\/v2\/comments?post=3582"}],"version-history":[{"count":5,"href":"https:\/\/www.dalmatiner-sachsen-anhalt.de\/blog\/wp-json\/wp\/v2\/posts\/3582\/revisions"}],"predecessor-version":[{"id":3585,"href":"https:\/\/www.dalmatiner-sachsen-anhalt.de\/blog\/wp-json\/wp\/v2\/posts\/3582\/revisions\/3585"}],"wp:attachment":[{"href":"https:\/\/www.dalmatiner-sachsen-anhalt.de\/blog\/wp-json\/wp\/v2\/media?parent=3582"}],"wp:term":[{"taxonomy":"category","embeddable":true,"href":"https:\/\/www.dalmatiner-sachsen-anhalt.de\/blog\/wp-json\/wp\/v2\/categories?post=3582"},{"taxonomy":"post_tag","embeddable":true,"href":"https:\/\/www.dalmatiner-sachsen-anhalt.de\/blog\/wp-json\/wp\/v2\/tags?post=3582"}],"curies":[{"name":"wp","href":"https:\/\/api.w.org\/{rel}","templated":true}]}}