{"id":3639,"date":"2011-08-21T22:51:03","date_gmt":"2011-08-21T20:51:03","guid":{"rendered":"http:\/\/www.dalmatiner-sachsen-anhalt.de\/blog\/?p=3639"},"modified":"2011-08-21T22:54:21","modified_gmt":"2011-08-21T20:54:21","slug":"16-nationale-internationale-ausstellung-leipzig","status":"publish","type":"post","link":"https:\/\/www.dalmatiner-sachsen-anhalt.de\/blog\/3639\/","title":{"rendered":"16. Nationale &#038; Internationale Ausstellung Leipzig"},"content":{"rendered":"<h3>Es war ein tolles Wochenende in <strong>Leipzig<\/strong>. Bei wundersch&#246;nem Wetter trafen wir <strong><span style=\"color: #0000ff;\">Bennet vdS<\/span><\/strong> mit seiner Familie und hatten <strong>viel Freude <\/strong>beim Ausstellen unserer Hunde, beim Spazierengehen vor und nach den Ausstellungen und bei den gemeinsamen Aktivit&#228;ten in der freien Zeit.<br \/>\n<span style=\"color: #0000ff;\"><strong>Bennet <\/strong><\/span>konnte bei seiner <strong>1. Ausstellung<\/strong> ein <strong>&#8220;vv2&#8221;<\/strong> erreichen und unsere <strong><span style=\"color: #ff0000;\">Athene vdS<\/span><\/strong> erhielt bei der <strong>Internationalen <\/strong>die Bewertung <strong>&#8220;vorz&#252;glich&#8221;<\/strong>.<\/h3>\n<div data-carousel-extra='{\"blog_id\":1,\"permalink\":\"https:\\\/\\\/www.dalmatiner-sachsen-anhalt.de\\\/blog\\\/3639\\\/\"}' class=\"tiled-gallery type-rectangular\" data-original-width=\"584\"><div class=\"gallery-row\" style=\"width: 579px; height: 255px;\"><div class=\"gallery-group images-1\" style=\"width: 387px; height: 259px;\"><div class=\"tiled-gallery-item tiled-gallery-item-large\"><a href=\"https:\/\/i0.wp.com\/www.dalmatiner-sachsen-anhalt.de\/blog\/wp-content\/uploads\/2011\/08\/IMG_1541.jpg?ssl=1\"><img data-attachment-id=\"3645\" data-orig-file=\"https:\/\/www.dalmatiner-sachsen-anhalt.de\/blog\/wp-content\/uploads\/2011\/08\/IMG_1541.jpg\" data-orig-size=\"1154,768\" data-comments-opened=\"1\" data-image-meta=\"{&quot;aperture&quot;:&quot;0&quot;,&quot;credit&quot;:&quot;&quot;,&quot;camera&quot;:&quot;&quot;,&quot;caption&quot;:&quot;&quot;,&quot;created_timestamp&quot;:&quot;0&quot;,&quot;copyright&quot;:&quot;&quot;,&quot;focal_length&quot;:&quot;0&quot;,&quot;iso&quot;:&quot;0&quot;,&quot;shutter_speed&quot;:&quot;0&quot;,&quot;title&quot;:&quot;&quot;}\" data-image-title=\"IMG_1541\" data-image-description=\"\" data-medium-file=\"https:\/\/i0.wp.com\/www.dalmatiner-sachsen-anhalt.de\/blog\/wp-content\/uploads\/2011\/08\/IMG_1541.jpg?fit=300%2C199&#038;ssl=1\" data-large-file=\"https:\/\/i0.wp.com\/www.dalmatiner-sachsen-anhalt.de\/blog\/wp-content\/uploads\/2011\/08\/IMG_1541.jpg?fit=584%2C388&#038;ssl=1\" src=\"https:\/\/i0.wp.com\/www.dalmatiner-sachsen-anhalt.de\/blog\/wp-content\/uploads\/2011\/08\/IMG_1541-383x255.jpg\" width=\"383\" height=\"255\" align=\"left\" title=\"IMG_1541\" \/><\/a><div class=\"tiled-gallery-caption\">&#8230;und Hummel vMD pa\u00dft auf!<\/div><\/div><\/div><div class=\"gallery-group images-2\" style=\"width: 192px; height: 259px;\"><div class=\"tiled-gallery-item tiled-gallery-item-small\"><a href=\"https:\/\/i0.wp.com\/www.dalmatiner-sachsen-anhalt.de\/blog\/wp-content\/uploads\/2011\/08\/IMG_1486.jpg?ssl=1\"><img data-attachment-id=\"3644\" data-orig-file=\"https:\/\/www.dalmatiner-sachsen-anhalt.de\/blog\/wp-content\/uploads\/2011\/08\/IMG_1486.jpg\" data-orig-size=\"1154,768\" data-comments-opened=\"1\" data-image-meta=\"{&quot;aperture&quot;:&quot;0&quot;,&quot;credit&quot;:&quot;&quot;,&quot;camera&quot;:&quot;&quot;,&quot;caption&quot;:&quot;&quot;,&quot;created_timestamp&quot;:&quot;0&quot;,&quot;copyright&quot;:&quot;&quot;,&quot;focal_length&quot;:&quot;0&quot;,&quot;iso&quot;:&quot;0&quot;,&quot;shutter_speed&quot;:&quot;0&quot;,&quot;title&quot;:&quot;&quot;}\" data-image-title=\"IMG_1486\" data-image-description=\"\" data-medium-file=\"https:\/\/i0.wp.com\/www.dalmatiner-sachsen-anhalt.de\/blog\/wp-content\/uploads\/2011\/08\/IMG_1486.jpg?fit=300%2C199&#038;ssl=1\" data-large-file=\"https:\/\/i0.wp.com\/www.dalmatiner-sachsen-anhalt.de\/blog\/wp-content\/uploads\/2011\/08\/IMG_1486.jpg?fit=584%2C388&#038;ssl=1\" src=\"https:\/\/i0.wp.com\/www.dalmatiner-sachsen-anhalt.de\/blog\/wp-content\/uploads\/2011\/08\/IMG_1486-188x126.jpg\" width=\"188\" height=\"126\" align=\"left\" title=\"IMG_1486\" \/><\/a><div class=\"tiled-gallery-caption\">Spaziergang<\/div><\/div><div class=\"tiled-gallery-item tiled-gallery-item-small\"><a href=\"https:\/\/i0.wp.com\/www.dalmatiner-sachsen-anhalt.de\/blog\/wp-content\/uploads\/2011\/08\/IMG_1316.jpg?ssl=1\"><img data-attachment-id=\"3641\" data-orig-file=\"https:\/\/www.dalmatiner-sachsen-anhalt.de\/blog\/wp-content\/uploads\/2011\/08\/IMG_1316.jpg\" data-orig-size=\"1154,768\" data-comments-opened=\"1\" data-image-meta=\"{&quot;aperture&quot;:&quot;0&quot;,&quot;credit&quot;:&quot;&quot;,&quot;camera&quot;:&quot;&quot;,&quot;caption&quot;:&quot;&quot;,&quot;created_timestamp&quot;:&quot;0&quot;,&quot;copyright&quot;:&quot;&quot;,&quot;focal_length&quot;:&quot;0&quot;,&quot;iso&quot;:&quot;0&quot;,&quot;shutter_speed&quot;:&quot;0&quot;,&quot;title&quot;:&quot;&quot;}\" data-image-title=\"IMG_1316\" data-image-description=\"\" data-medium-file=\"https:\/\/i0.wp.com\/www.dalmatiner-sachsen-anhalt.de\/blog\/wp-content\/uploads\/2011\/08\/IMG_1316.jpg?fit=300%2C199&#038;ssl=1\" data-large-file=\"https:\/\/i0.wp.com\/www.dalmatiner-sachsen-anhalt.de\/blog\/wp-content\/uploads\/2011\/08\/IMG_1316.jpg?fit=584%2C388&#038;ssl=1\" src=\"https:\/\/i0.wp.com\/www.dalmatiner-sachsen-anhalt.de\/blog\/wp-content\/uploads\/2011\/08\/IMG_1316-188x125.jpg\" width=\"188\" height=\"125\" align=\"left\" title=\"IMG_1316\" \/><\/a><div class=\"tiled-gallery-caption\">Bennet&#8217;s 1. Begegnung mit dem Richter<\/div><\/div><\/div><\/div><div class=\"gallery-row\" style=\"width: 579px; height: 126px;\"><div class=\"gallery-group images-1\" style=\"width: 193px; height: 130px;\"><div class=\"tiled-gallery-item tiled-gallery-item-small\"><a href=\"https:\/\/i0.wp.com\/www.dalmatiner-sachsen-anhalt.de\/blog\/wp-content\/uploads\/2011\/08\/IMG_1554.jpg?ssl=1\"><img data-attachment-id=\"3640\" data-orig-file=\"https:\/\/www.dalmatiner-sachsen-anhalt.de\/blog\/wp-content\/uploads\/2011\/08\/IMG_1554.jpg\" data-orig-size=\"1154,768\" data-comments-opened=\"1\" data-image-meta=\"{&quot;aperture&quot;:&quot;0&quot;,&quot;credit&quot;:&quot;&quot;,&quot;camera&quot;:&quot;&quot;,&quot;caption&quot;:&quot;&quot;,&quot;created_timestamp&quot;:&quot;0&quot;,&quot;copyright&quot;:&quot;&quot;,&quot;focal_length&quot;:&quot;0&quot;,&quot;iso&quot;:&quot;0&quot;,&quot;shutter_speed&quot;:&quot;0&quot;,&quot;title&quot;:&quot;&quot;}\" data-image-title=\"IMG_1554\" data-image-description=\"\" data-medium-file=\"https:\/\/i0.wp.com\/www.dalmatiner-sachsen-anhalt.de\/blog\/wp-content\/uploads\/2011\/08\/IMG_1554.jpg?fit=300%2C199&#038;ssl=1\" data-large-file=\"https:\/\/i0.wp.com\/www.dalmatiner-sachsen-anhalt.de\/blog\/wp-content\/uploads\/2011\/08\/IMG_1554.jpg?fit=584%2C388&#038;ssl=1\" src=\"https:\/\/i0.wp.com\/www.dalmatiner-sachsen-anhalt.de\/blog\/wp-content\/uploads\/2011\/08\/IMG_1554-189x126.jpg\" width=\"189\" height=\"126\" align=\"left\" title=\"IMG_1554\" \/><\/a><div class=\"tiled-gallery-caption\">Vor der Pension Rickelt<\/div><\/div><\/div><div class=\"gallery-group images-1\" style=\"width: 193px; height: 130px;\"><div class=\"tiled-gallery-item tiled-gallery-item-small\"><a href=\"https:\/\/i0.wp.com\/www.dalmatiner-sachsen-anhalt.de\/blog\/wp-content\/uploads\/2011\/08\/IMG_1425.jpg?ssl=1\"><img data-attachment-id=\"3642\" data-orig-file=\"https:\/\/www.dalmatiner-sachsen-anhalt.de\/blog\/wp-content\/uploads\/2011\/08\/IMG_1425.jpg\" data-orig-size=\"1154,768\" data-comments-opened=\"1\" data-image-meta=\"{&quot;aperture&quot;:&quot;0&quot;,&quot;credit&quot;:&quot;&quot;,&quot;camera&quot;:&quot;&quot;,&quot;caption&quot;:&quot;&quot;,&quot;created_timestamp&quot;:&quot;0&quot;,&quot;copyright&quot;:&quot;&quot;,&quot;focal_length&quot;:&quot;0&quot;,&quot;iso&quot;:&quot;0&quot;,&quot;shutter_speed&quot;:&quot;0&quot;,&quot;title&quot;:&quot;&quot;}\" data-image-title=\"IMG_1425\" data-image-description=\"\" data-medium-file=\"https:\/\/i0.wp.com\/www.dalmatiner-sachsen-anhalt.de\/blog\/wp-content\/uploads\/2011\/08\/IMG_1425.jpg?fit=300%2C199&#038;ssl=1\" data-large-file=\"https:\/\/i0.wp.com\/www.dalmatiner-sachsen-anhalt.de\/blog\/wp-content\/uploads\/2011\/08\/IMG_1425.jpg?fit=584%2C388&#038;ssl=1\" src=\"https:\/\/i0.wp.com\/www.dalmatiner-sachsen-anhalt.de\/blog\/wp-content\/uploads\/2011\/08\/IMG_1425-189x126.jpg\" width=\"189\" height=\"126\" align=\"left\" title=\"IMG_1425\" \/><\/a><div class=\"tiled-gallery-caption\">Athene vdS (26 Monate)<\/div><\/div><\/div><div class=\"gallery-group images-1\" style=\"width: 193px; height: 130px;\"><div class=\"tiled-gallery-item tiled-gallery-item-small\"><a href=\"https:\/\/i0.wp.com\/www.dalmatiner-sachsen-anhalt.de\/blog\/wp-content\/uploads\/2011\/08\/IMG_1462.jpg?ssl=1\"><img data-attachment-id=\"3643\" data-orig-file=\"https:\/\/www.dalmatiner-sachsen-anhalt.de\/blog\/wp-content\/uploads\/2011\/08\/IMG_1462.jpg\" data-orig-size=\"1154,768\" data-comments-opened=\"1\" data-image-meta=\"{&quot;aperture&quot;:&quot;0&quot;,&quot;credit&quot;:&quot;&quot;,&quot;camera&quot;:&quot;&quot;,&quot;caption&quot;:&quot;&quot;,&quot;created_timestamp&quot;:&quot;0&quot;,&quot;copyright&quot;:&quot;&quot;,&quot;focal_length&quot;:&quot;0&quot;,&quot;iso&quot;:&quot;0&quot;,&quot;shutter_speed&quot;:&quot;0&quot;,&quot;title&quot;:&quot;&quot;}\" data-image-title=\"IMG_1462\" data-image-description=\"\" data-medium-file=\"https:\/\/i0.wp.com\/www.dalmatiner-sachsen-anhalt.de\/blog\/wp-content\/uploads\/2011\/08\/IMG_1462.jpg?fit=300%2C199&#038;ssl=1\" data-large-file=\"https:\/\/i0.wp.com\/www.dalmatiner-sachsen-anhalt.de\/blog\/wp-content\/uploads\/2011\/08\/IMG_1462.jpg?fit=584%2C388&#038;ssl=1\" src=\"https:\/\/i0.wp.com\/www.dalmatiner-sachsen-anhalt.de\/blog\/wp-content\/uploads\/2011\/08\/IMG_1462-189x126.jpg\" width=\"189\" height=\"126\" align=\"left\" title=\"IMG_1462\" \/><\/a><div class=\"tiled-gallery-caption\">Warten bei der Richterpr\u00fcfung (Stephanie Yates)<\/div><\/div><\/div><\/div><\/div>\n","protected":false},"excerpt":{"rendered":"<p>Es war ein tolles Wochenende in Leipzig. Bei wundersch&#246;nem Wetter trafen wir Bennet vdS mit seiner Familie und hatten viel Freude beim Ausstellen unserer Hunde, beim Spazierengehen vor und nach den Ausstellungen und bei den gemeinsamen Aktivit&#228;ten in der freien &hellip; <a href=\"https:\/\/www.dalmatiner-sachsen-anhalt.de\/blog\/3639\/\">Continue reading <span class=\"meta-nav\">&rarr;<\/span><\/a><\/p>\n","protected":false},"author":1,"featured_media":0,"comment_status":"open","ping_status":"open","sticky":false,"template":"","format":"standard","meta":{"jetpack_post_was_ever_published":false,"jetpack_publicize_message":"","jetpack_is_tweetstorm":false,"jetpack_publicize_feature_enabled":true,"jetpack_social_post_already_shared":false,"jetpack_social_options":[]},"categories":[13,112,391,677,730,16,3],"tags":[854,824,759,35,9,388,214,94],"jetpack_publicize_connections":[],"jetpack_featured_media_url":"","jetpack_shortlink":"https:\/\/wp.me\/px1eF-WH","jetpack_sharing_enabled":true,"jetpack_likes_enabled":true,"jetpack-related-posts":[{"id":3697,"url":"https:\/\/www.dalmatiner-sachsen-anhalt.de\/blog\/3697\/","url_meta":{"origin":3639,"position":0},"title":"IZH Hannover 2011","date":"24. Oktober 2011","format":false,"excerpt":"Bei der Internationalen Ausstellung f\u00fcr Hunde aller Rassen in Hannover erreichete Athene von den Sandst\u00fccken ein \"vorz\u00fcglich\" in der Offenen Klasse. Und Bennet von den Sandst\u00fccken ein erhielt ein \"sehr gut\". Es war sein 1. Auftritt in der Jugendklasse. Wir freuen uns \u00fcber dieses tolle Ergebnis. Es war auch insgesamt\u2026","rel":"","context":"In &quot;Athene&quot;","img":{"alt_text":"","src":"https:\/\/i0.wp.com\/www.dalmatiner-sachsen-anhalt.de\/blog\/wp-content\/uploads\/2011\/10\/IMG_3379-383x255.jpg?resize=350%2C200","width":350,"height":200},"classes":[]},{"id":4367,"url":"https:\/\/www.dalmatiner-sachsen-anhalt.de\/blog\/4367\/","url_meta":{"origin":3639,"position":1},"title":"Annaberg Rassehundegemeinschaftsausstellung &#8211; die Letzte","date":"6. Dezember 2012","format":false,"excerpt":"Am 30.11.12 erreichte unsere Athene in Annaberg ein V1 von sieben H\u00fcndinnen in der offenen Klasse, wir sind stolz auf unsere Maus. Bennet vdS erhielt ein G. Am 01.12.12 erreichte Athene ein V3 von neun H\u00fcndinnen in der offenen Klasse und Schwester Antonia vdS ein SG. Es war ein sch\u00f6nes\u2026","rel":"","context":"In &quot;A-Wurf&quot;","img":{"alt_text":"","src":"https:\/\/i0.wp.com\/www.dalmatiner-sachsen-anhalt.de\/blog\/wp-content\/uploads\/2012\/12\/IMG_9488-383x255.jpg?resize=350%2C200","width":350,"height":200},"classes":[]},{"id":5796,"url":"https:\/\/www.dalmatiner-sachsen-anhalt.de\/blog\/5796\/","url_meta":{"origin":3639,"position":2},"title":"Athene vdS in Leipzig","date":"25. August 2013","format":false,"excerpt":"\u00a0 An diesem Wochenende erreichte unsere Athene von den Sandst\u00fccken ein \"V4\" bei der Internationalen Rassehunde-Ausstellung und ein \"Vorz\u00fcglich\" bei der \"German Winner Show\" in Leipzig. Wir gratulieren allen Platzierten in Leipzig.","rel":"","context":"In &quot;A-Wurf&quot;","img":{"alt_text":"IRA Leipzig Athene vdS","src":"https:\/\/i0.wp.com\/www.dalmatiner-sachsen-anhalt.de\/blog\/wp-content\/uploads\/2013\/08\/IRA-Leipzig-Athene-vdS-1024x681.jpg?resize=350%2C200","width":350,"height":200},"classes":[]},{"id":3528,"url":"https:\/\/www.dalmatiner-sachsen-anhalt.de\/blog\/3528\/","url_meta":{"origin":3639,"position":3},"title":"Halle Krosigk","date":"30. Mai 2011","format":false,"excerpt":"Es war ein sehr sch\u00f6nes Ausstellungswochenende zur 21. LGA, bei super-tollem Wetter, 99 Dalmatiner waren gemeldet, 4 davon \" von den Sandst\u00fccken\". Wir freuen uns \u00fcber die Bewertungen, die unsere Hunde in der Zwischenklasse und bei den Puppies erreichen konnten: Ares vdS - V2 Athene vdS - V3 Antonia vdS\u2026","rel":"","context":"In &quot;A-Wurf&quot;","img":{"alt_text":"","src":"https:\/\/i0.wp.com\/www.dalmatiner-sachsen-anhalt.de\/blog\/wp-content\/uploads\/2011\/05\/9052011-Krosigk_0515.jpg?resize=350%2C200","width":350,"height":200},"classes":[]},{"id":6055,"url":"https:\/\/www.dalmatiner-sachsen-anhalt.de\/blog\/6055\/","url_meta":{"origin":3639,"position":4},"title":"Chemnitz IRA 2014","date":"14. April 2014","format":false,"excerpt":"Wir waren mit den Dalmis zur Ausstellung in Chemnitz. Unsere \"Hummel vom Magdeburger Domfelsen\" war nur Beobachter. Unsere \"Athene von den Sandst\u00fccken\" erreichte bei der SRA am Samstag ein V2 in der Offenen Klasse und am Sonntag - bei der IRA (Leos Jancik) - konnte sie sich unter 14 H\u00fcndinnen\u2026","rel":"","context":"In &quot;Athene&quot;","img":{"alt_text":"","src":"https:\/\/i0.wp.com\/www.dalmatiner-sachsen-anhalt.de\/blog\/wp-content\/uploads\/2014\/04\/IMG_0443-300x200.jpg?resize=350%2C200","width":350,"height":200},"classes":[]},{"id":3589,"url":"https:\/\/www.dalmatiner-sachsen-anhalt.de\/blog\/3589\/","url_meta":{"origin":3639,"position":5},"title":"Besuch bei Bennet","date":"19. Juni 2011","format":false,"excerpt":"Wir waren gestern bei Bennet von den Sandst\u00fccken und seiner Familie in Bad Pyrmont. Obwohl das Wetter \"durchwachsen\" war, hatten wir alle einen sehr sch\u00f6nen Tag. Das B-chen hat sich pr\u00e4chtig entwickelt, ist sehr gelehrig, lieb und instinktsicher... Wir bedanken uns bei Peggy und Thomas f\u00fcr die herzliche Aufnahme und\u2026","rel":"","context":"In &quot;B-Wurf&quot;","img":{"alt_text":"","src":"https:\/\/i0.wp.com\/www.dalmatiner-sachsen-anhalt.de\/blog\/wp-content\/uploads\/2011\/06\/bennet_0562-383x255.jpg?resize=350%2C200","width":350,"height":200},"classes":[]}],"_links":{"self":[{"href":"https:\/\/www.dalmatiner-sachsen-anhalt.de\/blog\/wp-json\/wp\/v2\/posts\/3639"}],"collection":[{"href":"https:\/\/www.dalmatiner-sachsen-anhalt.de\/blog\/wp-json\/wp\/v2\/posts"}],"about":[{"href":"https:\/\/www.dalmatiner-sachsen-anhalt.de\/blog\/wp-json\/wp\/v2\/types\/post"}],"author":[{"embeddable":true,"href":"https:\/\/www.dalmatiner-sachsen-anhalt.de\/blog\/wp-json\/wp\/v2\/users\/1"}],"replies":[{"embeddable":true,"href":"https:\/\/www.dalmatiner-sachsen-anhalt.de\/blog\/wp-json\/wp\/v2\/comments?post=3639"}],"version-history":[{"count":5,"href":"https:\/\/www.dalmatiner-sachsen-anhalt.de\/blog\/wp-json\/wp\/v2\/posts\/3639\/revisions"}],"predecessor-version":[{"id":3649,"href":"https:\/\/www.dalmatiner-sachsen-anhalt.de\/blog\/wp-json\/wp\/v2\/posts\/3639\/revisions\/3649"}],"wp:attachment":[{"href":"https:\/\/www.dalmatiner-sachsen-anhalt.de\/blog\/wp-json\/wp\/v2\/media?parent=3639"}],"wp:term":[{"taxonomy":"category","embeddable":true,"href":"https:\/\/www.dalmatiner-sachsen-anhalt.de\/blog\/wp-json\/wp\/v2\/categories?post=3639"},{"taxonomy":"post_tag","embeddable":true,"href":"https:\/\/www.dalmatiner-sachsen-anhalt.de\/blog\/wp-json\/wp\/v2\/tags?post=3639"}],"curies":[{"name":"wp","href":"https:\/\/api.w.org\/{rel}","templated":true}]}}