{"id":3734,"date":"2011-12-05T09:38:14","date_gmt":"2011-12-05T07:38:14","guid":{"rendered":"http:\/\/www.dalmatiner-sachsen-anhalt.de\/blog\/?p=3734"},"modified":"2011-12-05T09:38:14","modified_gmt":"2011-12-05T07:38:14","slug":"bennet-fast-1-jahr-alt","status":"publish","type":"post","link":"https:\/\/www.dalmatiner-sachsen-anhalt.de\/blog\/3734\/","title":{"rendered":"Bennet &#8211; fast 1 Jahr alt"},"content":{"rendered":"<p style=\"text-align: center;\"><a href=\"https:\/\/i0.wp.com\/www.dalmatiner-sachsen-anhalt.de\/blog\/wp-content\/uploads\/2011\/12\/Bennet-von-den-Sandst%C3%BCcken-03.12.2011.jpg?ssl=1\"><img data-attachment-id=\"3735\" data-permalink=\"https:\/\/www.dalmatiner-sachsen-anhalt.de\/blog\/3734\/bennet-von-den-sandstucken-03-12-2011\/\" data-orig-file=\"https:\/\/i0.wp.com\/www.dalmatiner-sachsen-anhalt.de\/blog\/wp-content\/uploads\/2011\/12\/Bennet-von-den-Sandst\u00fccken-03.12.2011.jpg?fit=727%2C517&amp;ssl=1\" data-orig-size=\"727,517\" data-comments-opened=\"1\" data-image-meta=\"{&quot;aperture&quot;:&quot;3.2&quot;,&quot;credit&quot;:&quot;&quot;,&quot;camera&quot;:&quot;EX-ZS10&quot;,&quot;caption&quot;:&quot;&quot;,&quot;created_timestamp&quot;:&quot;1322854609&quot;,&quot;copyright&quot;:&quot;&quot;,&quot;focal_length&quot;:&quot;4.6&quot;,&quot;iso&quot;:&quot;400&quot;,&quot;shutter_speed&quot;:&quot;0.016666666666667&quot;,&quot;title&quot;:&quot;&quot;}\" data-image-title=\"Bennet von den Sandst\u00fccken 03.12.2011\" data-image-description=\"\" data-image-caption=\"\" data-medium-file=\"https:\/\/i0.wp.com\/www.dalmatiner-sachsen-anhalt.de\/blog\/wp-content\/uploads\/2011\/12\/Bennet-von-den-Sandst\u00fccken-03.12.2011.jpg?fit=300%2C213&amp;ssl=1\" data-large-file=\"https:\/\/i0.wp.com\/www.dalmatiner-sachsen-anhalt.de\/blog\/wp-content\/uploads\/2011\/12\/Bennet-von-den-Sandst\u00fccken-03.12.2011.jpg?fit=584%2C415&amp;ssl=1\" decoding=\"async\" loading=\"lazy\" class=\"aligncenter size-full wp-image-3735\" title=\"Bennet von den Sandst&#252;cken 03.12.2011\" src=\"https:\/\/i0.wp.com\/www.dalmatiner-sachsen-anhalt.de\/blog\/wp-content\/uploads\/2011\/12\/Bennet-von-den-Sandst%C3%BCcken-03.12.2011.jpg?resize=507%2C361&#038;ssl=1\" alt=\"\" width=\"507\" height=\"361\" data-recalc-dims=\"1\" \/><\/a><\/p>\n","protected":false},"excerpt":{"rendered":"","protected":false},"author":1,"featured_media":0,"comment_status":"open","ping_status":"open","sticky":false,"template":"","format":"standard","meta":{"jetpack_post_was_ever_published":false,"jetpack_publicize_message":"","jetpack_is_tweetstorm":false,"jetpack_publicize_feature_enabled":true,"jetpack_social_post_already_shared":false,"jetpack_social_options":[]},"categories":[677,730,371,3],"tags":[759,35],"jetpack_publicize_connections":[],"jetpack_featured_media_url":"","jetpack_shortlink":"https:\/\/wp.me\/px1eF-Ye","jetpack_sharing_enabled":true,"jetpack_likes_enabled":true,"jetpack-related-posts":[{"id":3406,"url":"https:\/\/www.dalmatiner-sachsen-anhalt.de\/blog\/3406\/","url_meta":{"origin":3734,"position":0},"title":"Mach&#8217;s gut Bennet","date":"12. M&auml;rz 2011","format":false,"excerpt":"Heute wurde Bennet von den Sandst\u00fccken abgeholt, der nun auch eine liebe Familie gefunden hat. Mittlerweile ist er gut in seinem neuen zu Hause angekommen. Wir w\u00fcnschen alles Gute f\u00fcr die Zukunft und freuen uns auf ein Wiedersehen.","rel":"","context":"In &quot;B-Wurf&quot;","img":{"alt_text":"abschied-von bennet","src":"https:\/\/i0.wp.com\/www.dalmatiner-sachsen-anhalt.de\/blog\/wp-content\/uploads\/2011\/03\/bennet_8519-1024x681.jpg?resize=350%2C200","width":350,"height":200},"classes":[]},{"id":3740,"url":"https:\/\/www.dalmatiner-sachsen-anhalt.de\/blog\/3740\/","url_meta":{"origin":3734,"position":1},"title":"Geburtstag B- Burf","date":"17. Dezember 2011","format":false,"excerpt":"Heute wird unser B- Wurf \"...von den Sandstp\u00fccken\" genau 1 Jahr alt. Wir w\u00fcnschen den B- chen alles Gute und weiterhin viel Freude bei ihren Familien. Bennet vdS - der gerade bei uns zu Besuch ist - beim \"Geburtstagsfesttagsschmaus\"","rel":"","context":"In &quot;B-Wurf&quot;","img":{"alt_text":"","src":"https:\/\/i0.wp.com\/www.dalmatiner-sachsen-anhalt.de\/blog\/wp-content\/uploads\/2011\/12\/bennet-1-JahrIMG_4029-1024x681.jpg?resize=350%2C200","width":350,"height":200},"classes":[]},{"id":3589,"url":"https:\/\/www.dalmatiner-sachsen-anhalt.de\/blog\/3589\/","url_meta":{"origin":3734,"position":2},"title":"Besuch bei Bennet","date":"19. Juni 2011","format":false,"excerpt":"Wir waren gestern bei Bennet von den Sandst\u00fccken und seiner Familie in Bad Pyrmont. Obwohl das Wetter \"durchwachsen\" war, hatten wir alle einen sehr sch\u00f6nen Tag. Das B-chen hat sich pr\u00e4chtig entwickelt, ist sehr gelehrig, lieb und instinktsicher... Wir bedanken uns bei Peggy und Thomas f\u00fcr die herzliche Aufnahme und\u2026","rel":"","context":"In &quot;B-Wurf&quot;","img":{"alt_text":"","src":"https:\/\/i0.wp.com\/www.dalmatiner-sachsen-anhalt.de\/blog\/wp-content\/uploads\/2011\/06\/bennet_0562-383x255.jpg?resize=350%2C200","width":350,"height":200},"classes":[]},{"id":3760,"url":"https:\/\/www.dalmatiner-sachsen-anhalt.de\/blog\/3760\/","url_meta":{"origin":3734,"position":3},"title":"F&#252;r das Jahr 2012 w&#252;nschen wir","date":"2. Januar 2012","format":false,"excerpt":"allen Freunden, Verwandten, Bekannten, aber insbesondere unseren Welpenk\u00e4ufern alles Gute, Gl\u00fcck und Gesundheit. Mit einigen von Ihnen sind wir gut in dieses Jahr hineingerutscht. Beim Neujahrsspaziergang hat sich unsere Athene dann leider verletzt.","rel":"","context":"In &quot;A-Wurf&quot;","img":{"alt_text":"","src":"https:\/\/i0.wp.com\/www.dalmatiner-sachsen-anhalt.de\/blog\/wp-content\/uploads\/2012\/01\/IMG_4466-383x255.jpg?resize=350%2C200","width":350,"height":200},"classes":[]},{"id":3020,"url":"https:\/\/www.dalmatiner-sachsen-anhalt.de\/blog\/3020\/","url_meta":{"origin":3734,"position":4},"title":"Suchen noch&#8230;","date":"5. Januar 2011","format":false,"excerpt":"Die s\u00fc\u00dfen Dalmatinerwelpen Bennet und Bastian suchen noch ein liebevolles neues Zuhause.","rel":"","context":"In &quot;B-Wurf&quot;","img":{"alt_text":"Bennet von den Sandstuecken","src":"https:\/\/i0.wp.com\/www.dalmatiner-sachsen-anhalt.de\/blog\/wp-content\/uploads\/2011\/01\/bennet-welpen-tag-20_7828-1024x681.jpg?resize=350%2C200","width":350,"height":200},"classes":[]},{"id":3520,"url":"https:\/\/www.dalmatiner-sachsen-anhalt.de\/blog\/3520\/","url_meta":{"origin":3734,"position":5},"title":"Gartenarbeit","date":"24. Mai 2011","format":false,"excerpt":"Vielen Dank f\u00fcr die Gr\u00fc\u00dfe und Bilder aus Bad Pyrmont. Hier sehen wir Bennet von den Sandst\u00fccken (5 Monate alt) - der bei einer lieben Familie zu Hause ist - bei der Gartenarbeit.","rel":"","context":"In &quot;B-Wurf&quot;","img":{"alt_text":"Gartenarbeit","src":"https:\/\/i0.wp.com\/www.dalmatiner-sachsen-anhalt.de\/blog\/wp-content\/uploads\/2011\/05\/bennet-vdS.jpg?resize=350%2C200","width":350,"height":200},"classes":[]}],"_links":{"self":[{"href":"https:\/\/www.dalmatiner-sachsen-anhalt.de\/blog\/wp-json\/wp\/v2\/posts\/3734"}],"collection":[{"href":"https:\/\/www.dalmatiner-sachsen-anhalt.de\/blog\/wp-json\/wp\/v2\/posts"}],"about":[{"href":"https:\/\/www.dalmatiner-sachsen-anhalt.de\/blog\/wp-json\/wp\/v2\/types\/post"}],"author":[{"embeddable":true,"href":"https:\/\/www.dalmatiner-sachsen-anhalt.de\/blog\/wp-json\/wp\/v2\/users\/1"}],"replies":[{"embeddable":true,"href":"https:\/\/www.dalmatiner-sachsen-anhalt.de\/blog\/wp-json\/wp\/v2\/comments?post=3734"}],"version-history":[{"count":2,"href":"https:\/\/www.dalmatiner-sachsen-anhalt.de\/blog\/wp-json\/wp\/v2\/posts\/3734\/revisions"}],"predecessor-version":[{"id":3737,"href":"https:\/\/www.dalmatiner-sachsen-anhalt.de\/blog\/wp-json\/wp\/v2\/posts\/3734\/revisions\/3737"}],"wp:attachment":[{"href":"https:\/\/www.dalmatiner-sachsen-anhalt.de\/blog\/wp-json\/wp\/v2\/media?parent=3734"}],"wp:term":[{"taxonomy":"category","embeddable":true,"href":"https:\/\/www.dalmatiner-sachsen-anhalt.de\/blog\/wp-json\/wp\/v2\/categories?post=3734"},{"taxonomy":"post_tag","embeddable":true,"href":"https:\/\/www.dalmatiner-sachsen-anhalt.de\/blog\/wp-json\/wp\/v2\/tags?post=3734"}],"curies":[{"name":"wp","href":"https:\/\/api.w.org\/{rel}","templated":true}]}}