{"id":3740,"date":"2011-12-17T16:56:45","date_gmt":"2011-12-17T14:56:45","guid":{"rendered":"http:\/\/www.dalmatiner-sachsen-anhalt.de\/blog\/?p=3740"},"modified":"2011-12-17T17:26:53","modified_gmt":"2011-12-17T15:26:53","slug":"geburtstag-b-burf-2","status":"publish","type":"post","link":"https:\/\/www.dalmatiner-sachsen-anhalt.de\/blog\/3740\/","title":{"rendered":"Geburtstag B- Burf"},"content":{"rendered":"<h3>Heute wird unser <span style=\"color: #993300;\"><strong>B- Wurf &#8220;&#8230;von den Sandstp&#252;cken&#8221; genau 1 Jahr alt.<\/strong><\/span> Wir w&#252;nschen den B- chen alles Gute und weiterhin viel Freude bei ihren Familien.<\/h3>\n<p><img data-attachment-id=\"3741\" data-permalink=\"https:\/\/www.dalmatiner-sachsen-anhalt.de\/blog\/3740\/bennet-1-jahrimg_4029\/\" data-orig-file=\"https:\/\/i0.wp.com\/www.dalmatiner-sachsen-anhalt.de\/blog\/wp-content\/uploads\/2011\/12\/bennet-1-JahrIMG_4029.jpg?fit=1154%2C768&amp;ssl=1\" data-orig-size=\"1154,768\" data-comments-opened=\"1\" data-image-meta=\"{&quot;aperture&quot;:&quot;0&quot;,&quot;credit&quot;:&quot;&quot;,&quot;camera&quot;:&quot;&quot;,&quot;caption&quot;:&quot;&quot;,&quot;created_timestamp&quot;:&quot;0&quot;,&quot;copyright&quot;:&quot;&quot;,&quot;focal_length&quot;:&quot;0&quot;,&quot;iso&quot;:&quot;0&quot;,&quot;shutter_speed&quot;:&quot;0&quot;,&quot;title&quot;:&quot;&quot;}\" data-image-title=\"bennet 1 JahrIMG_4029\" data-image-description=\"\" data-image-caption=\"\" data-medium-file=\"https:\/\/i0.wp.com\/www.dalmatiner-sachsen-anhalt.de\/blog\/wp-content\/uploads\/2011\/12\/bennet-1-JahrIMG_4029.jpg?fit=300%2C199&amp;ssl=1\" data-large-file=\"https:\/\/i0.wp.com\/www.dalmatiner-sachsen-anhalt.de\/blog\/wp-content\/uploads\/2011\/12\/bennet-1-JahrIMG_4029.jpg?fit=584%2C388&amp;ssl=1\" decoding=\"async\" loading=\"lazy\" class=\"aligncenter size-large wp-image-3741\" title=\"bennet 1 JahrIMG_4029\" src=\"https:\/\/i0.wp.com\/www.dalmatiner-sachsen-anhalt.de\/blog\/wp-content\/uploads\/2011\/12\/bennet-1-JahrIMG_4029.jpg?resize=506%2C336&#038;ssl=1\" alt=\"\" width=\"506\" height=\"336\" srcset=\"https:\/\/i0.wp.com\/www.dalmatiner-sachsen-anhalt.de\/blog\/wp-content\/uploads\/2011\/12\/bennet-1-JahrIMG_4029.jpg?resize=1024%2C681&amp;ssl=1 1024w, https:\/\/i0.wp.com\/www.dalmatiner-sachsen-anhalt.de\/blog\/wp-content\/uploads\/2011\/12\/bennet-1-JahrIMG_4029.jpg?resize=150%2C99&amp;ssl=1 150w, https:\/\/i0.wp.com\/www.dalmatiner-sachsen-anhalt.de\/blog\/wp-content\/uploads\/2011\/12\/bennet-1-JahrIMG_4029.jpg?resize=300%2C199&amp;ssl=1 300w, https:\/\/i0.wp.com\/www.dalmatiner-sachsen-anhalt.de\/blog\/wp-content\/uploads\/2011\/12\/bennet-1-JahrIMG_4029.jpg?w=1154&amp;ssl=1 1154w\" sizes=\"(max-width: 506px) 100vw, 506px\" data-recalc-dims=\"1\" \/><\/p>\n<p style=\"text-align: center;\"><span style=\"color: #0000ff;\"><strong>Bennet vdS<\/strong><\/span> &#8211; der gerade bei uns zu Besuch ist &#8211; beim &#8220;Geburtstagsfesttagsschmaus&#8221;<\/p>\n","protected":false},"excerpt":{"rendered":"<p>Heute wird unser B- Wurf &#8220;&#8230;von den Sandstp&#252;cken&#8221; genau 1 Jahr alt. Wir w&#252;nschen den B- chen alles Gute und weiterhin viel Freude bei ihren Familien. Bennet vdS &#8211; der gerade bei uns zu Besuch ist &#8211; beim &#8220;Geburtstagsfesttagsschmaus&#8221;<\/p>\n","protected":false},"author":1,"featured_media":0,"comment_status":"open","ping_status":"open","sticky":false,"template":"","format":"standard","meta":{"jetpack_post_was_ever_published":false,"jetpack_publicize_message":"","jetpack_is_tweetstorm":false,"jetpack_publicize_feature_enabled":true,"jetpack_social_post_already_shared":false,"jetpack_social_options":[]},"categories":[677,709,702,701,698,730,705,371,3],"tags":[870],"jetpack_publicize_connections":[],"jetpack_featured_media_url":"","jetpack_shortlink":"https:\/\/wp.me\/px1eF-Yk","jetpack_sharing_enabled":true,"jetpack_likes_enabled":true,"jetpack-related-posts":[{"id":6798,"url":"https:\/\/www.dalmatiner-sachsen-anhalt.de\/blog\/6798\/","url_meta":{"origin":3740,"position":0},"title":"Der B-Wurf hat Geburtstag","date":"17. Dezember 2017","format":false,"excerpt":"Heute feiern unsere B-chen Bandit, Bennet, Bastian, Bianca, Ballerina und Baroness gen. Abby ihren 7.Geburtstag. (Hummel vom Magdeburger Domfelsen & Union Jack vom Gramzower Kloster) Sie haben alle ein sch\u00f6nes Zuhause mit tollen Familien. Lasst euch heute ganz besonders verw\u00f6hnen.","rel":"","context":"In &quot;Athene&quot;","img":{"alt_text":"Welpen-Tag-24_8058","src":"https:\/\/i0.wp.com\/www.dalmatiner-sachsen-anhalt.de\/blog\/wp-content\/uploads\/2017\/12\/Welpen-Tag-24_8058-1024x681.jpg?resize=350%2C200","width":350,"height":200},"classes":[]},{"id":5909,"url":"https:\/\/www.dalmatiner-sachsen-anhalt.de\/blog\/5909\/","url_meta":{"origin":3740,"position":1},"title":"Der B-Wurf wird 3","date":"17. Dezember 2013","format":false,"excerpt":"\u00a0 Die B-chen von den Sandst\u00fccken werden heute 3 Jahre alt. Herzlichen Gl\u00fcckwunsch an Ballerina, Bandit, Baroness (Abby), Bastian (Tristan), Bennet und Bianca. La\u00dft Euch heute besonders gut verw\u00f6hnen. Wir freuen uns auf ein Wiedersehen. Liebe Gr\u00fc\u00dfe aus Schermen :-)","rel":"","context":"In &quot;Ballerina&quot;","img":{"alt_text":"dalmatiner-welpen-B-wurf","src":"https:\/\/i0.wp.com\/www.dalmatiner-sachsen-anhalt.de\/blog\/wp-content\/uploads\/2013\/12\/dalmatiner-welpen-B-wurf-1024x681.jpg?resize=350%2C200","width":350,"height":200},"classes":[]},{"id":6684,"url":"https:\/\/www.dalmatiner-sachsen-anhalt.de\/blog\/6684\/","url_meta":{"origin":3740,"position":2},"title":"Gl&#252;ckw&#252;nsche","date":"17. Dezember 2016","format":false,"excerpt":"\u00a0 Herzliche Gl\u00fcckw\u00fcnsche zum 6. Geburtstag gehen an unseren B- Wurf. Ballerina, Baroness, Bianca, Bandit, Bastian und Bennet w\u00fcnschen wir alles Gute und viel Gesundheit. \u00a0","rel":"","context":"In &quot;B-Wurf&quot;","img":{"alt_text":"welpen-tag-44_8932","src":"https:\/\/i0.wp.com\/www.dalmatiner-sachsen-anhalt.de\/blog\/wp-content\/uploads\/2016\/12\/Welpen-Tag-44_8932.jpg?fit=1200%2C798&ssl=1&resize=350%2C200","width":350,"height":200},"classes":[]},{"id":3613,"url":"https:\/\/www.dalmatiner-sachsen-anhalt.de\/blog\/3613\/","url_meta":{"origin":3740,"position":3},"title":"Bennet zu Besuch","date":"19. Juli 2011","format":false,"excerpt":"Letzten Sonntag zog Bennet mit seinem Kuschelkissen f\u00fcr ein paar Tage bei uns ein und f\u00fchlt sich zwischen Mama Hummel und Schwester Athene dalmiwohl.","rel":"","context":"In &quot;A-Wurf&quot;","img":{"alt_text":"","src":"https:\/\/i0.wp.com\/www.dalmatiner-sachsen-anhalt.de\/blog\/wp-content\/uploads\/2011\/07\/IMG_0665-383x255.jpg?resize=350%2C200","width":350,"height":200},"classes":[]},{"id":2831,"url":"https:\/\/www.dalmatiner-sachsen-anhalt.de\/blog\/2831\/","url_meta":{"origin":3740,"position":4},"title":"Und das ist Bennet","date":"21. Dezember 2010","format":false,"excerpt":"","rel":"","context":"In &quot;B-Wurf&quot;","img":{"alt_text":"Bennet von den Sandst\u00c3\u00bccken","src":"https:\/\/i0.wp.com\/www.dalmatiner-sachsen-anhalt.de\/blog\/wp-content\/uploads\/2010\/12\/B-Wurf-Tag-4_7021-1024x681.jpg?resize=350%2C200","width":350,"height":200},"classes":[]},{"id":4470,"url":"https:\/\/www.dalmatiner-sachsen-anhalt.de\/blog\/4470\/","url_meta":{"origin":3740,"position":5},"title":"Herzlichen Gl&#252;ckwunsch","date":"17. Dezember 2012","format":false,"excerpt":"Der B- Wurf \"Von den Sandst\u00fccken\" wird heute 2 Jahre alt. Wir w\u00fcnschen Bianca, Ballerina, Baronesse (Abby) sowie Bandit, Bastian (Tristan) und Bennet alles Gute und weiterhin viel Freude bei ihren Familien. Andrea, Axel, Charlott, Christin, Felix & Hummel und Athene.","rel":"","context":"In &quot;B-Wurf&quot;","img":{"alt_text":"","src":"","width":0,"height":0},"classes":[]}],"_links":{"self":[{"href":"https:\/\/www.dalmatiner-sachsen-anhalt.de\/blog\/wp-json\/wp\/v2\/posts\/3740"}],"collection":[{"href":"https:\/\/www.dalmatiner-sachsen-anhalt.de\/blog\/wp-json\/wp\/v2\/posts"}],"about":[{"href":"https:\/\/www.dalmatiner-sachsen-anhalt.de\/blog\/wp-json\/wp\/v2\/types\/post"}],"author":[{"embeddable":true,"href":"https:\/\/www.dalmatiner-sachsen-anhalt.de\/blog\/wp-json\/wp\/v2\/users\/1"}],"replies":[{"embeddable":true,"href":"https:\/\/www.dalmatiner-sachsen-anhalt.de\/blog\/wp-json\/wp\/v2\/comments?post=3740"}],"version-history":[{"count":3,"href":"https:\/\/www.dalmatiner-sachsen-anhalt.de\/blog\/wp-json\/wp\/v2\/posts\/3740\/revisions"}],"predecessor-version":[{"id":3743,"href":"https:\/\/www.dalmatiner-sachsen-anhalt.de\/blog\/wp-json\/wp\/v2\/posts\/3740\/revisions\/3743"}],"wp:attachment":[{"href":"https:\/\/www.dalmatiner-sachsen-anhalt.de\/blog\/wp-json\/wp\/v2\/media?parent=3740"}],"wp:term":[{"taxonomy":"category","embeddable":true,"href":"https:\/\/www.dalmatiner-sachsen-anhalt.de\/blog\/wp-json\/wp\/v2\/categories?post=3740"},{"taxonomy":"post_tag","embeddable":true,"href":"https:\/\/www.dalmatiner-sachsen-anhalt.de\/blog\/wp-json\/wp\/v2\/tags?post=3740"}],"curies":[{"name":"wp","href":"https:\/\/api.w.org\/{rel}","templated":true}]}}