{"id":4022,"date":"2012-04-22T11:29:56","date_gmt":"2012-04-22T09:29:56","guid":{"rendered":"http:\/\/www.dalmatiner-sachsen-anhalt.de\/blog\/?p=4022"},"modified":"2012-04-22T11:29:57","modified_gmt":"2012-04-22T09:29:57","slug":"vier-madels-auf-groser-fahrt","status":"publish","type":"post","link":"https:\/\/www.dalmatiner-sachsen-anhalt.de\/blog\/4022\/","title":{"rendered":"Vier M&#228;dels auf gro&#223;er Fahrt"},"content":{"rendered":"<p>gestern gings los, vier M&#228;dels: <span style=\"color: #ff0000;\">Charlott und Christin<\/span> mit <span style=\"color: #ff0000;\">Athene von den Sandst&#252;cken<\/span> und <span style=\"color: #ff0000;\">Paloma Picasso<\/span> fuhren nach Dresden um an der heutigen Internationalen Ausstellung gemeinsam mit <span style=\"color: #0000ff;\">Sabine und Ares vdS<\/span>, sowie <span style=\"color: #ff0000;\">Maria und Ballerina\u00a0 vdS<\/span> teilzunehmen. Wir w&#252;nschen allen viel Erfolg, aber vor allem viel Freude mit unseren Freunden.<\/p>\n<p><a href=\"https:\/\/www.dalmatiner-sachsen-anhalt.de\/blog\/?attachment_id=4023\" rel=\"attachment wp-att-4023\"><img data-attachment-id=\"4023\" data-permalink=\"https:\/\/www.dalmatiner-sachsen-anhalt.de\/blog\/4022\/img_0374\/\" data-orig-file=\"https:\/\/i0.wp.com\/www.dalmatiner-sachsen-anhalt.de\/blog\/wp-content\/uploads\/2012\/04\/IMG_0374.jpg?fit=1024%2C768&amp;ssl=1\" data-orig-size=\"1024,768\" data-comments-opened=\"1\" data-image-meta=\"{&quot;aperture&quot;:&quot;0&quot;,&quot;credit&quot;:&quot;&quot;,&quot;camera&quot;:&quot;&quot;,&quot;caption&quot;:&quot;&quot;,&quot;created_timestamp&quot;:&quot;0&quot;,&quot;copyright&quot;:&quot;&quot;,&quot;focal_length&quot;:&quot;0&quot;,&quot;iso&quot;:&quot;0&quot;,&quot;shutter_speed&quot;:&quot;0&quot;,&quot;title&quot;:&quot;&quot;}\" data-image-title=\"IMG_0374\" data-image-description=\"\" data-image-caption=\"\" data-medium-file=\"https:\/\/i0.wp.com\/www.dalmatiner-sachsen-anhalt.de\/blog\/wp-content\/uploads\/2012\/04\/IMG_0374.jpg?fit=300%2C225&amp;ssl=1\" data-large-file=\"https:\/\/i0.wp.com\/www.dalmatiner-sachsen-anhalt.de\/blog\/wp-content\/uploads\/2012\/04\/IMG_0374.jpg?fit=584%2C438&amp;ssl=1\" decoding=\"async\" loading=\"lazy\" class=\"aligncenter size-full wp-image-4023\" title=\"IMG_0374\" src=\"https:\/\/i0.wp.com\/www.dalmatiner-sachsen-anhalt.de\/blog\/wp-content\/uploads\/2012\/04\/IMG_0374.jpg?resize=584%2C438&#038;ssl=1\" alt=\"\" width=\"584\" height=\"438\" srcset=\"https:\/\/i0.wp.com\/www.dalmatiner-sachsen-anhalt.de\/blog\/wp-content\/uploads\/2012\/04\/IMG_0374.jpg?w=1024&amp;ssl=1 1024w, https:\/\/i0.wp.com\/www.dalmatiner-sachsen-anhalt.de\/blog\/wp-content\/uploads\/2012\/04\/IMG_0374.jpg?resize=150%2C112&amp;ssl=1 150w, https:\/\/i0.wp.com\/www.dalmatiner-sachsen-anhalt.de\/blog\/wp-content\/uploads\/2012\/04\/IMG_0374.jpg?resize=300%2C225&amp;ssl=1 300w, https:\/\/i0.wp.com\/www.dalmatiner-sachsen-anhalt.de\/blog\/wp-content\/uploads\/2012\/04\/IMG_0374.jpg?resize=400%2C300&amp;ssl=1 400w\" sizes=\"(max-width: 584px) 100vw, 584px\" data-recalc-dims=\"1\" \/><\/a><\/p>\n<p>&nbsp;<\/p>\n","protected":false},"excerpt":{"rendered":"<p>gestern gings los, vier M&#228;dels: Charlott und Christin mit Athene von den Sandst&#252;cken und Paloma Picasso fuhren nach Dresden um an der heutigen Internationalen Ausstellung gemeinsam mit Sabine und Ares vdS, sowie Maria und Ballerina\u00a0 vdS teilzunehmen. Wir w&#252;nschen allen &hellip; <a href=\"https:\/\/www.dalmatiner-sachsen-anhalt.de\/blog\/4022\/\">Continue reading <span class=\"meta-nav\">&rarr;<\/span><\/a><\/p>\n","protected":false},"author":1,"featured_media":0,"comment_status":"open","ping_status":"open","sticky":false,"template":"","format":"standard","meta":{"jetpack_post_was_ever_published":false,"jetpack_publicize_message":"","jetpack_is_tweetstorm":false,"jetpack_publicize_feature_enabled":true,"jetpack_social_post_already_shared":false,"jetpack_social_options":[]},"categories":[13,88,112,391,677,709,113,909,3],"tags":[684,824,513,846,35,1301,7],"jetpack_publicize_connections":[],"jetpack_featured_media_url":"","jetpack_shortlink":"https:\/\/wp.me\/px1eF-12S","jetpack_sharing_enabled":true,"jetpack_likes_enabled":true,"jetpack-related-posts":[{"id":4033,"url":"https:\/\/www.dalmatiner-sachsen-anhalt.de\/blog\/4033\/","url_meta":{"origin":4022,"position":0},"title":"Ausstellung Dresden 2012","date":"23. April 2012","format":false,"excerpt":"Viel Spass hatten unsere M\u00e4dels in Dresden. Ares erhielt ein V3, Athene und Ballerina eine sehr gute Bewertung ohne Platzierung.","rel":"","context":"In &quot;A-Wurf&quot;","img":{"alt_text":"","src":"https:\/\/i0.wp.com\/www.dalmatiner-sachsen-anhalt.de\/blog\/wp-content\/uploads\/2012\/04\/CIMG1981-216x287.jpg?resize=350%2C200","width":350,"height":200},"classes":[]},{"id":3528,"url":"https:\/\/www.dalmatiner-sachsen-anhalt.de\/blog\/3528\/","url_meta":{"origin":4022,"position":1},"title":"Halle Krosigk","date":"30. Mai 2011","format":false,"excerpt":"Es war ein sehr sch\u00f6nes Ausstellungswochenende zur 21. LGA, bei super-tollem Wetter, 99 Dalmatiner waren gemeldet, 4 davon \" von den Sandst\u00fccken\". Wir freuen uns \u00fcber die Bewertungen, die unsere Hunde in der Zwischenklasse und bei den Puppies erreichen konnten: Ares vdS - V2 Athene vdS - V3 Antonia vdS\u2026","rel":"","context":"In &quot;A-Wurf&quot;","img":{"alt_text":"","src":"https:\/\/i0.wp.com\/www.dalmatiner-sachsen-anhalt.de\/blog\/wp-content\/uploads\/2011\/05\/9052011-Krosigk_0515.jpg?resize=350%2C200","width":350,"height":200},"classes":[]},{"id":6755,"url":"https:\/\/www.dalmatiner-sachsen-anhalt.de\/blog\/6755\/","url_meta":{"origin":4022,"position":2},"title":"Die Sandst&#252;cken in Barleben 2017","date":"9. Juli 2017","format":false,"excerpt":"\u00a0 Zur Spezial-Rassehunde-Ausstellung in Barleben Ebendorf haben wir ausgestellt. Unsere Athene von den Sandst\u00fccken (8 J.) belegte den 2. Platz in der Veteranenklasse. F\u00fcr ihren Nachwuchs: Davinci von den Sandst\u00fccken (14 M) und Dinah von den Sandst\u00fccken (14 M) war es die 1. Ausstellung. Beide wurden mit V3 bewertet \/\u2026","rel":"","context":"In &quot;A-Wurf&quot;","img":{"alt_text":"Dinah-vds-5902","src":"https:\/\/i0.wp.com\/www.dalmatiner-sachsen-anhalt.de\/blog\/wp-content\/uploads\/2017\/07\/Dinah-vds-5902.jpg?fit=1152%2C768&ssl=1&resize=350%2C200","width":350,"height":200},"classes":[]},{"id":2641,"url":"https:\/\/www.dalmatiner-sachsen-anhalt.de\/blog\/2641\/","url_meta":{"origin":4022,"position":3},"title":"Landeszuchtschau Kleinziethen","date":"5. September 2010","format":false,"excerpt":"Ares von den Sandst\u00fccken erreichte hier ein \"SG3\". Wir freuen uns und danken Sabine f\u00fcr die sch\u00f6ne Pr\u00e4sentation. ...und unsere Athene vdS erreichte diesmal ein \"SG4\". Gut gemacht, Andrea!","rel":"","context":"In &quot;A-Wurf&quot;","img":{"alt_text":"ares in kleinziethen 2010","src":"https:\/\/i0.wp.com\/www.dalmatiner-sachsen-anhalt.de\/blog\/wp-content\/uploads\/2010\/09\/IMG_2344.jpg?resize=350%2C200","width":350,"height":200},"classes":[]},{"id":4292,"url":"https:\/\/www.dalmatiner-sachsen-anhalt.de\/blog\/4292\/","url_meta":{"origin":4022,"position":4},"title":"Dalmatiner-Spezial-Ausstellung Tremmersdorf 2012","date":"16. Juli 2012","format":false,"excerpt":"Tremmersdorf war wiedermal eine tolle Ausstellung. Athene von den Sandst\u00fccken konnte in der OKl ein V3 erreichen und Ballerina von den Sandst\u00fccken belegte Platz 1 in der FunKl (Ohrenplatte). Unser Dank geht an Maria, die ihre Ballerina sehr gut pr\u00e4sentiert hat. Danke auch an unsere Tochter Christin f\u00fcr die (nun\u2026","rel":"","context":"In &quot;Athene&quot;","img":{"alt_text":"","src":"https:\/\/i0.wp.com\/www.dalmatiner-sachsen-anhalt.de\/blog\/wp-content\/uploads\/2012\/07\/IMG_6790-383x255.jpg?resize=350%2C200","width":350,"height":200},"classes":[]},{"id":5796,"url":"https:\/\/www.dalmatiner-sachsen-anhalt.de\/blog\/5796\/","url_meta":{"origin":4022,"position":5},"title":"Athene vdS in Leipzig","date":"25. August 2013","format":false,"excerpt":"\u00a0 An diesem Wochenende erreichte unsere Athene von den Sandst\u00fccken ein \"V4\" bei der Internationalen Rassehunde-Ausstellung und ein \"Vorz\u00fcglich\" bei der \"German Winner Show\" in Leipzig. Wir gratulieren allen Platzierten in Leipzig.","rel":"","context":"In &quot;A-Wurf&quot;","img":{"alt_text":"IRA Leipzig Athene vdS","src":"https:\/\/i0.wp.com\/www.dalmatiner-sachsen-anhalt.de\/blog\/wp-content\/uploads\/2013\/08\/IRA-Leipzig-Athene-vdS-1024x681.jpg?resize=350%2C200","width":350,"height":200},"classes":[]}],"_links":{"self":[{"href":"https:\/\/www.dalmatiner-sachsen-anhalt.de\/blog\/wp-json\/wp\/v2\/posts\/4022"}],"collection":[{"href":"https:\/\/www.dalmatiner-sachsen-anhalt.de\/blog\/wp-json\/wp\/v2\/posts"}],"about":[{"href":"https:\/\/www.dalmatiner-sachsen-anhalt.de\/blog\/wp-json\/wp\/v2\/types\/post"}],"author":[{"embeddable":true,"href":"https:\/\/www.dalmatiner-sachsen-anhalt.de\/blog\/wp-json\/wp\/v2\/users\/1"}],"replies":[{"embeddable":true,"href":"https:\/\/www.dalmatiner-sachsen-anhalt.de\/blog\/wp-json\/wp\/v2\/comments?post=4022"}],"version-history":[{"count":4,"href":"https:\/\/www.dalmatiner-sachsen-anhalt.de\/blog\/wp-json\/wp\/v2\/posts\/4022\/revisions"}],"predecessor-version":[{"id":4027,"href":"https:\/\/www.dalmatiner-sachsen-anhalt.de\/blog\/wp-json\/wp\/v2\/posts\/4022\/revisions\/4027"}],"wp:attachment":[{"href":"https:\/\/www.dalmatiner-sachsen-anhalt.de\/blog\/wp-json\/wp\/v2\/media?parent=4022"}],"wp:term":[{"taxonomy":"category","embeddable":true,"href":"https:\/\/www.dalmatiner-sachsen-anhalt.de\/blog\/wp-json\/wp\/v2\/categories?post=4022"},{"taxonomy":"post_tag","embeddable":true,"href":"https:\/\/www.dalmatiner-sachsen-anhalt.de\/blog\/wp-json\/wp\/v2\/tags?post=4022"}],"curies":[{"name":"wp","href":"https:\/\/api.w.org\/{rel}","templated":true}]}}