{"id":4028,"date":"2012-04-22T11:36:01","date_gmt":"2012-04-22T09:36:01","guid":{"rendered":"http:\/\/www.dalmatiner-sachsen-anhalt.de\/blog\/?p=4028"},"modified":"2012-04-23T14:52:20","modified_gmt":"2012-04-23T12:52:20","slug":"gruse-von-bastian-vds-genannt-tristan","status":"publish","type":"post","link":"https:\/\/www.dalmatiner-sachsen-anhalt.de\/blog\/4028\/","title":{"rendered":"Gr&#252;&#223;e von Bastian vdS, genannt Tristan"},"content":{"rendered":"<h2><strong>erreichten uns gestern aus Bayern, es geht ihm gut, er hat sich pr&#228;chtig entwickelt und vertr&#228;gt sich bestens mit Einstein- seinem kaukasischen H&#252;tehundkumpel. Fotos folgen. Wir freuen uns sehr von ihm geh&#246;rt zu haben und gr&#252;&#223;en Alex und Bastian\/ Tristan.<\/strong><\/h2>\n","protected":false},"excerpt":{"rendered":"<p>erreichten uns gestern aus Bayern, es geht ihm gut, er hat sich pr&#228;chtig entwickelt und vertr&#228;gt sich bestens mit Einstein- seinem kaukasischen H&#252;tehundkumpel. Fotos folgen. Wir freuen uns sehr von ihm geh&#246;rt zu haben und gr&#252;&#223;en Alex und Bastian\/ Tristan.<\/p>\n","protected":false},"author":1,"featured_media":0,"comment_status":"open","ping_status":"open","sticky":false,"template":"","format":"standard","meta":{"jetpack_post_was_ever_published":false,"jetpack_publicize_message":"","jetpack_is_tweetstorm":false,"jetpack_publicize_feature_enabled":true,"jetpack_social_post_already_shared":false,"jetpack_social_options":[]},"categories":[1,677,698,3],"tags":[910,35,7],"jetpack_publicize_connections":[],"jetpack_featured_media_url":"","jetpack_shortlink":"https:\/\/wp.me\/px1eF-12Y","jetpack_sharing_enabled":true,"jetpack_likes_enabled":true,"jetpack-related-posts":[{"id":3443,"url":"https:\/\/www.dalmatiner-sachsen-anhalt.de\/blog\/3443\/","url_meta":{"origin":4028,"position":0},"title":"Aus S&#252;ddeutschland&#8230;","date":"30. M&auml;rz 2011","format":false,"excerpt":"...gr\u00fc\u00dft uns Bastian von den Sandst\u00fccken (Tristan). Er genie\u00dft das Leben auf dem Lande gemeinsam mit seinen 2- und 4- Beinern. Alles ist so interessant, und das Leben steckt voller \u00dcberraschungen. Alex\u00a0 - vielen Dank f\u00fcr die Bilder und weiterhin viel Freude mit dem Fleckenzwerg!","rel":"","context":"In &quot;B-Wurf&quot;","img":{"alt_text":"","src":"https:\/\/i0.wp.com\/www.dalmatiner-sachsen-anhalt.de\/blog\/wp-content\/uploads\/2011\/03\/tristan-27.3.2011-009_1024x1024_500KB-382x287.jpg?resize=350%2C200","width":350,"height":200},"classes":[]},{"id":5909,"url":"https:\/\/www.dalmatiner-sachsen-anhalt.de\/blog\/5909\/","url_meta":{"origin":4028,"position":1},"title":"Der B-Wurf wird 3","date":"17. Dezember 2013","format":false,"excerpt":"\u00a0 Die B-chen von den Sandst\u00fccken werden heute 3 Jahre alt. Herzlichen Gl\u00fcckwunsch an Ballerina, Bandit, Baroness (Abby), Bastian (Tristan), Bennet und Bianca. La\u00dft Euch heute besonders gut verw\u00f6hnen. Wir freuen uns auf ein Wiedersehen. Liebe Gr\u00fc\u00dfe aus Schermen :-)","rel":"","context":"In &quot;Ballerina&quot;","img":{"alt_text":"dalmatiner-welpen-B-wurf","src":"https:\/\/i0.wp.com\/www.dalmatiner-sachsen-anhalt.de\/blog\/wp-content\/uploads\/2013\/12\/dalmatiner-welpen-B-wurf-1024x681.jpg?resize=350%2C200","width":350,"height":200},"classes":[]},{"id":4470,"url":"https:\/\/www.dalmatiner-sachsen-anhalt.de\/blog\/4470\/","url_meta":{"origin":4028,"position":2},"title":"Herzlichen Gl&#252;ckwunsch","date":"17. Dezember 2012","format":false,"excerpt":"Der B- Wurf \"Von den Sandst\u00fccken\" wird heute 2 Jahre alt. Wir w\u00fcnschen Bianca, Ballerina, Baronesse (Abby) sowie Bandit, Bastian (Tristan) und Bennet alles Gute und weiterhin viel Freude bei ihren Familien. Andrea, Axel, Charlott, Christin, Felix & Hummel und Athene.","rel":"","context":"In &quot;B-Wurf&quot;","img":{"alt_text":"","src":"","width":0,"height":0},"classes":[]},{"id":3212,"url":"https:\/\/www.dalmatiner-sachsen-anhalt.de\/blog\/3212\/","url_meta":{"origin":4028,"position":3},"title":"Besuch f&#252;r Bastian","date":"26. Januar 2011","format":false,"excerpt":"Es\u00a0 war wieder lieber Welpenbesuch da und Bastian winkt ein tolles Leben auf einem Bauernhof in Bayern mit vielen anderen Tieren und einer lieben Familie. Wir freuen uns f\u00fcr Bastian.","rel":"","context":"In &quot;B-Wurf&quot;","img":{"alt_text":"","src":"https:\/\/i0.wp.com\/www.dalmatiner-sachsen-anhalt.de\/blog\/wp-content\/uploads\/2011\/01\/Welpen-Tag-40-41_8824.jpg?resize=350%2C200","width":350,"height":200},"classes":[]},{"id":2935,"url":"https:\/\/www.dalmatiner-sachsen-anhalt.de\/blog\/2935\/","url_meta":{"origin":4028,"position":4},"title":"Kuscheln Teil 4","date":"28. Dezember 2010","format":false,"excerpt":"Bastian darf hier mit den Stricksocken kuscheln, und es scheint ihm zu gefallen.","rel":"","context":"In &quot;B-Wurf&quot;","img":{"alt_text":"strick-socken","src":"https:\/\/i0.wp.com\/www.dalmatiner-sachsen-anhalt.de\/blog\/wp-content\/uploads\/2010\/12\/bastian-welpen-zag-12_7534-1024x681.jpg?resize=350%2C200","width":350,"height":200},"classes":[]},{"id":3282,"url":"https:\/\/www.dalmatiner-sachsen-anhalt.de\/blog\/3282\/","url_meta":{"origin":4028,"position":5},"title":"Stehbild &#8211; Bastian","date":"8. Februar 2011","format":false,"excerpt":"Langsam r\u00fcckt die Zeit des Abschieds n\u00e4her und ein wenig Wehmut macht sich breit. Wir wissen heute schon, da\u00df Du uns fehlen wirst kleiner - gro\u00dfartiger Bastian.","rel":"","context":"In &quot;B-Wurf&quot;","img":{"alt_text":"","src":"https:\/\/i0.wp.com\/www.dalmatiner-sachsen-anhalt.de\/blog\/wp-content\/uploads\/2011\/02\/wurfabnahme-tag-52_9139-1024x681.jpg?resize=350%2C200","width":350,"height":200},"classes":[]}],"_links":{"self":[{"href":"https:\/\/www.dalmatiner-sachsen-anhalt.de\/blog\/wp-json\/wp\/v2\/posts\/4028"}],"collection":[{"href":"https:\/\/www.dalmatiner-sachsen-anhalt.de\/blog\/wp-json\/wp\/v2\/posts"}],"about":[{"href":"https:\/\/www.dalmatiner-sachsen-anhalt.de\/blog\/wp-json\/wp\/v2\/types\/post"}],"author":[{"embeddable":true,"href":"https:\/\/www.dalmatiner-sachsen-anhalt.de\/blog\/wp-json\/wp\/v2\/users\/1"}],"replies":[{"embeddable":true,"href":"https:\/\/www.dalmatiner-sachsen-anhalt.de\/blog\/wp-json\/wp\/v2\/comments?post=4028"}],"version-history":[{"count":5,"href":"https:\/\/www.dalmatiner-sachsen-anhalt.de\/blog\/wp-json\/wp\/v2\/posts\/4028\/revisions"}],"predecessor-version":[{"id":4031,"href":"https:\/\/www.dalmatiner-sachsen-anhalt.de\/blog\/wp-json\/wp\/v2\/posts\/4028\/revisions\/4031"}],"wp:attachment":[{"href":"https:\/\/www.dalmatiner-sachsen-anhalt.de\/blog\/wp-json\/wp\/v2\/media?parent=4028"}],"wp:term":[{"taxonomy":"category","embeddable":true,"href":"https:\/\/www.dalmatiner-sachsen-anhalt.de\/blog\/wp-json\/wp\/v2\/categories?post=4028"},{"taxonomy":"post_tag","embeddable":true,"href":"https:\/\/www.dalmatiner-sachsen-anhalt.de\/blog\/wp-json\/wp\/v2\/tags?post=4028"}],"curies":[{"name":"wp","href":"https:\/\/api.w.org\/{rel}","templated":true}]}}