{"id":4063,"date":"2012-05-11T19:55:37","date_gmt":"2012-05-11T17:55:37","guid":{"rendered":"http:\/\/www.dalmatiner-sachsen-anhalt.de\/blog\/?p=4063"},"modified":"2012-05-11T19:55:37","modified_gmt":"2012-05-11T17:55:37","slug":"amelie-vds-im-russischen-fernsehen","status":"publish","type":"post","link":"https:\/\/www.dalmatiner-sachsen-anhalt.de\/blog\/4063\/","title":{"rendered":"Amelie vdS im russischen Fernsehen"},"content":{"rendered":"<p>Amelie ist w&#228;hrend des Trainings in der Hundeschule mit vielen anderen Hunden von einem russischen Fernsehteam gefilmt worden.<\/p>\n<p><span style=\"font-family: Arial; font-size: x-small;\"><a href=\"http:\/\/www.1tv.ru\/news\/world\/205447\"><span style=\"color: #0000ff;\">http:\/\/www.1tv.ru\/news\/world\/205447<\/span><\/a><\/span><\/p>\n<p>Danke Olaf und Helgard f&#252;r diese interessante Information! Liebe Gr&#252;&#223;e nach Gr&#252;ntal an die sch&#246;ne Amelie!<\/p>\n","protected":false},"excerpt":{"rendered":"<p>Amelie ist w&#228;hrend des Trainings in der Hundeschule mit vielen anderen Hunden von einem russischen Fernsehteam gefilmt worden. http:\/\/www.1tv.ru\/news\/world\/205447 Danke Olaf und Helgard f&#252;r diese interessante Information! Liebe Gr&#252;&#223;e nach Gr&#252;ntal an die sch&#246;ne Amelie!<\/p>\n","protected":false},"author":1,"featured_media":0,"comment_status":"open","ping_status":"open","sticky":false,"template":"","format":"standard","meta":{"jetpack_post_was_ever_published":false,"jetpack_publicize_message":"","jetpack_is_tweetstorm":false,"jetpack_publicize_feature_enabled":true,"jetpack_social_post_already_shared":false,"jetpack_social_options":[]},"categories":[13,110,3],"tags":[817,35,305,917],"jetpack_publicize_connections":[],"jetpack_featured_media_url":"","jetpack_shortlink":"https:\/\/wp.me\/px1eF-13x","jetpack_sharing_enabled":true,"jetpack_likes_enabled":true,"jetpack-related-posts":[{"id":558,"url":"https:\/\/www.dalmatiner-sachsen-anhalt.de\/blog\/558\/","url_meta":{"origin":4063,"position":0},"title":"Amelie","date":"11. Juni 2009","format":false,"excerpt":"Ich bin Amelie, die Erstgeborene und wiege heute 470g.","rel":"","context":"In &quot;A-Wurf&quot;","img":{"alt_text":"Amelie","src":"https:\/\/i0.wp.com\/www.dalmatiner-sachsen-anhalt.de\/blog\/wp-content\/uploads\/2009\/06\/Amelie.JPG?resize=350%2C200","width":350,"height":200},"classes":[]},{"id":2911,"url":"https:\/\/www.dalmatiner-sachsen-anhalt.de\/blog\/2911\/","url_meta":{"origin":4063,"position":1},"title":"Gr&#252;&#223;e von Amelie","date":"27. Dezember 2010","format":false,"excerpt":"In diesen Tagen freuen wir uns sehr \u00fcber die Gr\u00fc\u00dfe von Amelie von den Sandst\u00fccken.","rel":"","context":"In &quot;A-Wurf&quot;","img":{"alt_text":"Weihnachtsgruesse von Amelie","src":"https:\/\/i0.wp.com\/www.dalmatiner-sachsen-anhalt.de\/blog\/wp-content\/uploads\/2010\/12\/Weihnachten-2010-005.jpg?resize=350%2C200","width":350,"height":200},"classes":[]},{"id":4606,"url":"https:\/\/www.dalmatiner-sachsen-anhalt.de\/blog\/4606\/","url_meta":{"origin":4063,"position":2},"title":"Weltenbummler Amelie","date":"18. Januar 2013","format":false,"excerpt":"\"...haben das neue Jahr mit einer Alpenwanderung in der Schweiz begonnen (anbei die Beweisfotos). Amelie ist im Hochgebirge ein Profi in Sachen Bergbahn-, Gondel-, Liftfahren und Wandern bis auf eine H\u00f6he von 3.900 m. Damit ist Amelie hoffentlich bislang der erfahrendste und h\u00f6chste Bergsteigerhund aus ihrer Familie. Bitte gebt uns\u2026","rel":"","context":"In &quot;Amelie&quot;","img":{"alt_text":"","src":"https:\/\/i0.wp.com\/www.dalmatiner-sachsen-anhalt.de\/blog\/wp-content\/uploads\/2013\/01\/2013-01-11-Zermatt-040-300x225.jpg?resize=350%2C200","width":350,"height":200},"classes":[]},{"id":2660,"url":"https:\/\/www.dalmatiner-sachsen-anhalt.de\/blog\/2660\/","url_meta":{"origin":4063,"position":3},"title":"Amelie von den Sandst&#252;cken","date":"1. Oktober 2010","format":false,"excerpt":"Hier zeigen wir ein sehr sch\u00f6nes Foto von Amelie, die wir bereits im September in ihrem tollen zuhause besucht haben. Viele Gr\u00fc\u00dfe nach Gr\u00fcntal.","rel":"","context":"In &quot;A-Wurf&quot;","img":{"alt_text":"amelie die schoene","src":"https:\/\/i0.wp.com\/www.dalmatiner-sachsen-anhalt.de\/blog\/wp-content\/uploads\/2010\/10\/IMG_3280-1024x681.jpg?resize=350%2C200","width":350,"height":200},"classes":[]},{"id":3750,"url":"https:\/\/www.dalmatiner-sachsen-anhalt.de\/blog\/3750\/","url_meta":{"origin":4063,"position":4},"title":"Gr&#252;&#223;e aus Gr&#252;ntal","date":"2. Januar 2012","format":false,"excerpt":"...kamen von Helgard & Olaf mit Amelie vds. Ein sch\u00f6nes \"M\u00e4dchen\"!","rel":"","context":"In &quot;A-Wurf&quot;","img":{"alt_text":"Amelie vdS","src":"https:\/\/i0.wp.com\/www.dalmatiner-sachsen-anhalt.de\/blog\/wp-content\/uploads\/2012\/01\/Dezember-2011_Amelie-011.jpg?resize=350%2C200","width":350,"height":200},"classes":[]},{"id":1619,"url":"https:\/\/www.dalmatiner-sachsen-anhalt.de\/blog\/1619\/","url_meta":{"origin":4063,"position":5},"title":"Hallo Amelie","date":"11. Dezember 2009","format":false,"excerpt":"Morgen geht es auf die Reise...zu Amelie....endlich sehen wir unsere kleine Schwester wieder!!!\u00a0 Das wird ein Fest!!! Da werden wir erst einmal ordentlich herumtoben und ausprobieren, wer von uns die St\u00e4rkere ist. Wir freuen uns mit den Zweibeinern auf ein tolles Wiedersehen. Athene & Antonia","rel":"","context":"In &quot;A-Wurf&quot;","img":{"alt_text":"","src":"","width":0,"height":0},"classes":[]}],"_links":{"self":[{"href":"https:\/\/www.dalmatiner-sachsen-anhalt.de\/blog\/wp-json\/wp\/v2\/posts\/4063"}],"collection":[{"href":"https:\/\/www.dalmatiner-sachsen-anhalt.de\/blog\/wp-json\/wp\/v2\/posts"}],"about":[{"href":"https:\/\/www.dalmatiner-sachsen-anhalt.de\/blog\/wp-json\/wp\/v2\/types\/post"}],"author":[{"embeddable":true,"href":"https:\/\/www.dalmatiner-sachsen-anhalt.de\/blog\/wp-json\/wp\/v2\/users\/1"}],"replies":[{"embeddable":true,"href":"https:\/\/www.dalmatiner-sachsen-anhalt.de\/blog\/wp-json\/wp\/v2\/comments?post=4063"}],"version-history":[{"count":4,"href":"https:\/\/www.dalmatiner-sachsen-anhalt.de\/blog\/wp-json\/wp\/v2\/posts\/4063\/revisions"}],"predecessor-version":[{"id":4067,"href":"https:\/\/www.dalmatiner-sachsen-anhalt.de\/blog\/wp-json\/wp\/v2\/posts\/4063\/revisions\/4067"}],"wp:attachment":[{"href":"https:\/\/www.dalmatiner-sachsen-anhalt.de\/blog\/wp-json\/wp\/v2\/media?parent=4063"}],"wp:term":[{"taxonomy":"category","embeddable":true,"href":"https:\/\/www.dalmatiner-sachsen-anhalt.de\/blog\/wp-json\/wp\/v2\/categories?post=4063"},{"taxonomy":"post_tag","embeddable":true,"href":"https:\/\/www.dalmatiner-sachsen-anhalt.de\/blog\/wp-json\/wp\/v2\/tags?post=4063"}],"curies":[{"name":"wp","href":"https:\/\/api.w.org\/{rel}","templated":true}]}}