{"id":4079,"date":"2012-05-27T20:21:48","date_gmt":"2012-05-27T18:21:48","guid":{"rendered":"http:\/\/www.dalmatiner-sachsen-anhalt.de\/blog\/?p=4079"},"modified":"2012-06-01T14:10:15","modified_gmt":"2012-06-01T12:10:15","slug":"platz-3-in-bochum","status":"publish","type":"post","link":"https:\/\/www.dalmatiner-sachsen-anhalt.de\/blog\/4079\/","title":{"rendered":"Platz 3 in Bochum"},"content":{"rendered":"<p style=\"text-align: center;\"><a href=\"https:\/\/i0.wp.com\/www.dalmatiner-sachsen-anhalt.de\/blog\/wp-content\/uploads\/2012\/05\/20120527-203204.jpg?ssl=1\"><img decoding=\"async\" loading=\"lazy\" class=\"size-full aligncenter\" src=\"https:\/\/i0.wp.com\/www.dalmatiner-sachsen-anhalt.de\/blog\/wp-content\/uploads\/2012\/05\/20120527-203204.jpg?resize=360%2C480&#038;ssl=1\" alt=\"20120527-203204.jpg\" width=\"360\" height=\"480\" data-recalc-dims=\"1\" \/><\/a><\/p>\n","protected":false},"excerpt":{"rendered":"","protected":false},"author":1,"featured_media":0,"comment_status":"open","ping_status":"open","sticky":false,"template":"","format":"standard","meta":{"jetpack_post_was_ever_published":false,"jetpack_publicize_message":"","jetpack_is_tweetstorm":false,"jetpack_publicize_feature_enabled":true,"jetpack_social_post_already_shared":false,"jetpack_social_options":[]},"categories":[112,391],"tags":[1292,513,1302,35],"jetpack_publicize_connections":[],"jetpack_featured_media_url":"","jetpack_shortlink":"https:\/\/wp.me\/px1eF-13N","jetpack_sharing_enabled":true,"jetpack_likes_enabled":true,"jetpack-related-posts":[{"id":4074,"url":"https:\/\/www.dalmatiner-sachsen-anhalt.de\/blog\/4074\/","url_meta":{"origin":4079,"position":0},"title":"In den Ring?","date":"27. Mai 2012","format":false,"excerpt":"Wir sind auf der Ausstellung in BOCHUM. Athene vdS denkt wohl: 'Muss ich wirklich in den Ring?'","rel":"","context":"In &quot;Athene&quot;","img":{"alt_text":"","src":"","width":0,"height":0},"classes":[]},{"id":5480,"url":"https:\/\/www.dalmatiner-sachsen-anhalt.de\/blog\/5480\/","url_meta":{"origin":4079,"position":1},"title":"Dalmatiner RZS Bochum 2013","date":"9. Mai 2013","format":false,"excerpt":"\u00a0 Wir waren mit unseren Gepunkteten dabei. Die Welpen Collin und Charming Merlin erhielten einen hervorragenden Richterbericht und die Einsch\u00e4tzung \"vv\". Ihre Mama Athene vdS bekam ebenfalls eine tolle Bewertung und erreichte ein \"V2\". Das hat sie toll gemacht - nur 14 Wochen nach ihrem 1. Wurf in so toller\u2026","rel":"","context":"In &quot;Athene&quot;","img":{"alt_text":"RZS Bochum 2013","src":"https:\/\/i0.wp.com\/www.dalmatiner-sachsen-anhalt.de\/blog\/wp-content\/uploads\/2013\/05\/RZS-Bochum-2013-IMG_4023.jpg?fit=1154%2C768&ssl=1&resize=350%2C200","width":350,"height":200},"classes":[]},{"id":6804,"url":"https:\/\/www.dalmatiner-sachsen-anhalt.de\/blog\/6804\/","url_meta":{"origin":4079,"position":2},"title":"8. SRA in Bochum mit den &#8220;Sandst&#252;cken-Dalmatinern&#8221;","date":"13. Mai 2018","format":false,"excerpt":"\u00a0 Die Sandst\u00fccken waren in Bochum zur wieder\u00a0 mit viel Liebe\u00a0 vorbereiteten und durchgef\u00fchrten Ausstellung mit Richterin Ovit Nevo aus Israel. Charming Merlin vdS erhielt ein V, Hermine hat in der Fun Klasse einen tollen Richterbericht erhalten und unsere Athene vdS wurde Bester Veteran (H\u00fcndin) und anschlie\u00dfend noch Bester Veteran\u2026","rel":"","context":"In &quot;Athene&quot;","img":{"alt_text":"Athene - Bester Veteran (H\u00fcndinnen)","src":"https:\/\/i0.wp.com\/www.dalmatiner-sachsen-anhalt.de\/blog\/wp-content\/uploads\/2018\/05\/athene-vds-bochum-1.platz-IMG_7087.jpg?fit=1152%2C768&ssl=1&resize=350%2C200","width":350,"height":200},"classes":[]},{"id":5553,"url":"https:\/\/www.dalmatiner-sachsen-anhalt.de\/blog\/5553\/","url_meta":{"origin":4079,"position":3},"title":"Athene vdS in Krosigk","date":"27. Mai 2013","format":false,"excerpt":"Athene von den Sandst\u00fccken belegte den 3.Platz V3 (Exc3) von 15 wundersch\u00f6nen H\u00fcndinnen in der offenen Klasse in Krosigk. Wir freuen uns sehr \u00fcber unsere junge Mama. und gratulieren allen Platzierten.","rel":"","context":"In &quot;A-Wurf&quot;","img":{"alt_text":"athene vds v3 krosigk","src":"https:\/\/i0.wp.com\/www.dalmatiner-sachsen-anhalt.de\/blog\/wp-content\/uploads\/2013\/05\/IMG_4378-1024x681.jpg?resize=350%2C200","width":350,"height":200},"classes":[]},{"id":1930,"url":"https:\/\/www.dalmatiner-sachsen-anhalt.de\/blog\/1930\/","url_meta":{"origin":4079,"position":4},"title":"Athene von den Sandst&#252;cken","date":"22. Februar 2010","format":false,"excerpt":"In der J\u00fcngstenklasse erhielt Athene 2 x die Bewertung \"vielversprechend\" und den 2. Platz (VV 2).","rel":"","context":"In &quot;A-Wurf&quot;","img":{"alt_text":"","src":"https:\/\/i0.wp.com\/www.dalmatiner-sachsen-anhalt.de\/blog\/wp-content\/uploads\/2010\/02\/GlauchauIMG_3814-1024x681.jpg?resize=350%2C200","width":350,"height":200},"classes":[]},{"id":2305,"url":"https:\/\/www.dalmatiner-sachsen-anhalt.de\/blog\/2305\/","url_meta":{"origin":4079,"position":5},"title":"Athene von den Sandst&#252;cken","date":"31. Mai 2010","format":false,"excerpt":"Unsere Athene erhielt bei der LGA in Mittweida die Bewertung \u201csehr gut\u201d und den 2. Platz (SG 2 bei 14 ausgestellten H\u00fcndinnen). Andrea mit Athene von den Sandst\u00fccken","rel":"","context":"In &quot;A-Wurf&quot;","img":{"alt_text":"athene sg 2 mittweida","src":"https:\/\/i0.wp.com\/www.dalmatiner-sachsen-anhalt.de\/blog\/wp-content\/uploads\/2010\/05\/IMG_0480.jpg?resize=350%2C200","width":350,"height":200},"classes":[]}],"_links":{"self":[{"href":"https:\/\/www.dalmatiner-sachsen-anhalt.de\/blog\/wp-json\/wp\/v2\/posts\/4079"}],"collection":[{"href":"https:\/\/www.dalmatiner-sachsen-anhalt.de\/blog\/wp-json\/wp\/v2\/posts"}],"about":[{"href":"https:\/\/www.dalmatiner-sachsen-anhalt.de\/blog\/wp-json\/wp\/v2\/types\/post"}],"author":[{"embeddable":true,"href":"https:\/\/www.dalmatiner-sachsen-anhalt.de\/blog\/wp-json\/wp\/v2\/users\/1"}],"replies":[{"embeddable":true,"href":"https:\/\/www.dalmatiner-sachsen-anhalt.de\/blog\/wp-json\/wp\/v2\/comments?post=4079"}],"version-history":[{"count":6,"href":"https:\/\/www.dalmatiner-sachsen-anhalt.de\/blog\/wp-json\/wp\/v2\/posts\/4079\/revisions"}],"predecessor-version":[{"id":4100,"href":"https:\/\/www.dalmatiner-sachsen-anhalt.de\/blog\/wp-json\/wp\/v2\/posts\/4079\/revisions\/4100"}],"wp:attachment":[{"href":"https:\/\/www.dalmatiner-sachsen-anhalt.de\/blog\/wp-json\/wp\/v2\/media?parent=4079"}],"wp:term":[{"taxonomy":"category","embeddable":true,"href":"https:\/\/www.dalmatiner-sachsen-anhalt.de\/blog\/wp-json\/wp\/v2\/categories?post=4079"},{"taxonomy":"post_tag","embeddable":true,"href":"https:\/\/www.dalmatiner-sachsen-anhalt.de\/blog\/wp-json\/wp\/v2\/tags?post=4079"}],"curies":[{"name":"wp","href":"https:\/\/api.w.org\/{rel}","templated":true}]}}