{"id":4226,"date":"2012-06-08T20:07:53","date_gmt":"2012-06-08T18:07:53","guid":{"rendered":"http:\/\/www.dalmatiner-sachsen-anhalt.de\/blog\/?p=4226"},"modified":"2012-06-08T20:07:55","modified_gmt":"2012-06-08T18:07:55","slug":"ballerina","status":"publish","type":"post","link":"https:\/\/www.dalmatiner-sachsen-anhalt.de\/blog\/4226\/","title":{"rendered":"Ballerina"},"content":{"rendered":"<p>Beim Spaziergang mit Ballerina vdS, die und heute besucht hat.<\/p>\n<p><a href=\"https:\/\/i0.wp.com\/www.dalmatiner-sachsen-anhalt.de\/blog\/wp-content\/uploads\/2012\/06\/20120608-200730.jpg?ssl=1\"><img decoding=\"async\" src=\"https:\/\/i0.wp.com\/www.dalmatiner-sachsen-anhalt.de\/blog\/wp-content\/uploads\/2012\/06\/20120608-200730.jpg?w=584&#038;ssl=1\" alt=\"20120608-200730.jpg\" class=\"alignnone size-full\" data-recalc-dims=\"1\" \/><\/a><\/p>\n<p><a href=\"https:\/\/i0.wp.com\/www.dalmatiner-sachsen-anhalt.de\/blog\/wp-content\/uploads\/2012\/06\/20120608-200749.jpg?ssl=1\"><img decoding=\"async\" src=\"https:\/\/i0.wp.com\/www.dalmatiner-sachsen-anhalt.de\/blog\/wp-content\/uploads\/2012\/06\/20120608-200749.jpg?w=584&#038;ssl=1\" alt=\"20120608-200749.jpg\" class=\"alignnone size-full\" data-recalc-dims=\"1\" \/><\/a><\/p>\n","protected":false},"excerpt":{"rendered":"<p>Beim Spaziergang mit Ballerina vdS, die und heute besucht hat.<\/p>\n","protected":false},"author":1,"featured_media":0,"comment_status":"open","ping_status":"open","sticky":false,"template":"","format":"standard","meta":{"jetpack_post_was_ever_published":false,"jetpack_publicize_message":"","jetpack_is_tweetstorm":false,"jetpack_publicize_feature_enabled":true,"jetpack_social_post_already_shared":false,"jetpack_social_options":[]},"categories":[1,112,709],"tags":[710,35,214],"jetpack_publicize_connections":[],"jetpack_featured_media_url":"","jetpack_shortlink":"https:\/\/wp.me\/px1eF-16a","jetpack_sharing_enabled":true,"jetpack_likes_enabled":true,"jetpack-related-posts":[{"id":4292,"url":"https:\/\/www.dalmatiner-sachsen-anhalt.de\/blog\/4292\/","url_meta":{"origin":4226,"position":0},"title":"Dalmatiner-Spezial-Ausstellung Tremmersdorf 2012","date":"16. Juli 2012","format":false,"excerpt":"Tremmersdorf war wiedermal eine tolle Ausstellung. Athene von den Sandst\u00fccken konnte in der OKl ein V3 erreichen und Ballerina von den Sandst\u00fccken belegte Platz 1 in der FunKl (Ohrenplatte). Unser Dank geht an Maria, die ihre Ballerina sehr gut pr\u00e4sentiert hat. Danke auch an unsere Tochter Christin f\u00fcr die (nun\u2026","rel":"","context":"In &quot;Athene&quot;","img":{"alt_text":"","src":"https:\/\/i0.wp.com\/www.dalmatiner-sachsen-anhalt.de\/blog\/wp-content\/uploads\/2012\/07\/IMG_6646-383x255.jpg?resize=350%2C200","width":350,"height":200},"classes":[]},{"id":4022,"url":"https:\/\/www.dalmatiner-sachsen-anhalt.de\/blog\/4022\/","url_meta":{"origin":4226,"position":1},"title":"Vier M&#228;dels auf gro&#223;er Fahrt","date":"22. April 2012","format":false,"excerpt":"gestern gings los, vier M\u00e4dels: Charlott und Christin mit Athene von den Sandst\u00fccken und Paloma Picasso fuhren nach Dresden um an der heutigen Internationalen Ausstellung gemeinsam mit Sabine und Ares vdS, sowie Maria und Ballerina\u00a0 vdS teilzunehmen. Wir w\u00fcnschen allen viel Erfolg, aber vor allem viel Freude mit unseren Freunden.\u2026","rel":"","context":"In &quot;A-Wurf&quot;","img":{"alt_text":"","src":"https:\/\/i0.wp.com\/www.dalmatiner-sachsen-anhalt.de\/blog\/wp-content\/uploads\/2012\/04\/IMG_0374.jpg?resize=350%2C200","width":350,"height":200},"classes":[]},{"id":3566,"url":"https:\/\/www.dalmatiner-sachsen-anhalt.de\/blog\/3566\/","url_meta":{"origin":4226,"position":2},"title":"Ballerina von den Sandst&#252;cken","date":"13. Juni 2011","format":false,"excerpt":"Ein freudiges Wiedersehen fand zu Pfingsten zwischen Mama Hummel und den Halbgeschwistern Athene und Ballerina statt. Es wurde ausgiebig getobt und gekuschelt.","rel":"","context":"In &quot;A-Wurf&quot;","img":{"alt_text":"","src":"https:\/\/i0.wp.com\/www.dalmatiner-sachsen-anhalt.de\/blog\/wp-content\/uploads\/2011\/06\/IMG_0096-383x255.jpg?resize=350%2C200","width":350,"height":200},"classes":[]},{"id":2919,"url":"https:\/\/www.dalmatiner-sachsen-anhalt.de\/blog\/2919\/","url_meta":{"origin":4226,"position":3},"title":"Ballerina von den Sandst&#252;cken","date":"27. Dezember 2010","format":false,"excerpt":"Ballerina, die hier den Schlaf der Gerechten schl\u00e4ft, brachte heute 1140 g auf die Waage.","rel":"","context":"In &quot;B-Wurf&quot;","img":{"alt_text":"","src":"https:\/\/i0.wp.com\/www.dalmatiner-sachsen-anhalt.de\/blog\/wp-content\/uploads\/2010\/12\/ballerina-welpen-tag-11_7492-1024x681.jpg?resize=350%2C200","width":350,"height":200},"classes":[]},{"id":3627,"url":"https:\/\/www.dalmatiner-sachsen-anhalt.de\/blog\/3627\/","url_meta":{"origin":4226,"position":4},"title":"Nun sind es vier&#8230;","date":"21. Juli 2011","format":false,"excerpt":"Seid heute Nachmittag ist nun auch Ballerina vdS bei uns. So bleibt noch ein wenig Zeit, um sie mit der Vorf\u00fchrleine vertraut zu machen. Am Samstag ist dann Ballerinas 1. Auftritt bei der Ausstellung in Barleben. Darauf sind wir sehr gespannt. \u00dcber 100 Dalmatiner sind f\u00fcr das WE gemeldet. \u00a0","rel":"","context":"In &quot;Ausstellungen&quot;","img":{"alt_text":"","src":"https:\/\/i0.wp.com\/www.dalmatiner-sachsen-anhalt.de\/blog\/wp-content\/uploads\/2011\/07\/S1050033-300x225.jpg?resize=350%2C200","width":350,"height":200},"classes":[]},{"id":5909,"url":"https:\/\/www.dalmatiner-sachsen-anhalt.de\/blog\/5909\/","url_meta":{"origin":4226,"position":5},"title":"Der B-Wurf wird 3","date":"17. Dezember 2013","format":false,"excerpt":"\u00a0 Die B-chen von den Sandst\u00fccken werden heute 3 Jahre alt. Herzlichen Gl\u00fcckwunsch an Ballerina, Bandit, Baroness (Abby), Bastian (Tristan), Bennet und Bianca. La\u00dft Euch heute besonders gut verw\u00f6hnen. Wir freuen uns auf ein Wiedersehen. Liebe Gr\u00fc\u00dfe aus Schermen :-)","rel":"","context":"In &quot;Ballerina&quot;","img":{"alt_text":"dalmatiner-welpen-B-wurf","src":"https:\/\/i0.wp.com\/www.dalmatiner-sachsen-anhalt.de\/blog\/wp-content\/uploads\/2013\/12\/dalmatiner-welpen-B-wurf-1024x681.jpg?resize=350%2C200","width":350,"height":200},"classes":[]}],"_links":{"self":[{"href":"https:\/\/www.dalmatiner-sachsen-anhalt.de\/blog\/wp-json\/wp\/v2\/posts\/4226"}],"collection":[{"href":"https:\/\/www.dalmatiner-sachsen-anhalt.de\/blog\/wp-json\/wp\/v2\/posts"}],"about":[{"href":"https:\/\/www.dalmatiner-sachsen-anhalt.de\/blog\/wp-json\/wp\/v2\/types\/post"}],"author":[{"embeddable":true,"href":"https:\/\/www.dalmatiner-sachsen-anhalt.de\/blog\/wp-json\/wp\/v2\/users\/1"}],"replies":[{"embeddable":true,"href":"https:\/\/www.dalmatiner-sachsen-anhalt.de\/blog\/wp-json\/wp\/v2\/comments?post=4226"}],"version-history":[{"count":1,"href":"https:\/\/www.dalmatiner-sachsen-anhalt.de\/blog\/wp-json\/wp\/v2\/posts\/4226\/revisions"}],"predecessor-version":[{"id":4227,"href":"https:\/\/www.dalmatiner-sachsen-anhalt.de\/blog\/wp-json\/wp\/v2\/posts\/4226\/revisions\/4227"}],"wp:attachment":[{"href":"https:\/\/www.dalmatiner-sachsen-anhalt.de\/blog\/wp-json\/wp\/v2\/media?parent=4226"}],"wp:term":[{"taxonomy":"category","embeddable":true,"href":"https:\/\/www.dalmatiner-sachsen-anhalt.de\/blog\/wp-json\/wp\/v2\/categories?post=4226"},{"taxonomy":"post_tag","embeddable":true,"href":"https:\/\/www.dalmatiner-sachsen-anhalt.de\/blog\/wp-json\/wp\/v2\/tags?post=4226"}],"curies":[{"name":"wp","href":"https:\/\/api.w.org\/{rel}","templated":true}]}}